{"id":137,"date":"2017-08-12T09:49:16","date_gmt":"2017-08-12T12:49:16","guid":{"rendered":"http:\/\/www.rastrearobjetos.com.br\/blog\/?p=137"},"modified":"2017-08-12T09:49:16","modified_gmt":"2017-08-12T12:49:16","slug":"jovem-e-preso-durante-assalto-a-agencia-dos-correios-em-marlieria-mg","status":"publish","type":"post","link":"https:\/\/www.rastrearobjetos.com.br\/blog\/noticias\/jovem-e-preso-durante-assalto-a-agencia-dos-correios-em-marlieria-mg.html","title":{"rendered":"Jovem \u00e9 preso durante assalto a ag\u00eancia dos Correios em Marli\u00e9ria, MG"},"content":{"rendered":"<p>Um <a href=\"https:\/\/www.rastrearobjetos.com.br\/blog\/tags\/jovem\" title=\"jovem\">jovem<\/a> foi detido pela Pol\u00edcia Militar na manh\u00e3 dessa quarta-feira (21), suspeito de tentar assaltar uma ag\u00eancia dos Correios no <strong>Centro de\u00a0Marli\u00e9ria\u00a0\u2013 MG<\/strong>. <em>Luiz Carlos Silva Santana J\u00fanior, de 24 anos<\/em>, teria sa\u00eddo de <a href=\"https:\/\/www.rastrearobjetos.com.br\/blog\/tags\/vicosa\" title=\"Vi\u00e7osa\">Vi\u00e7osa<\/a> \u2013 MG para efetuar o roubo.<\/p>\n<p>De acordo com a PM, o suspeito armado com um rev\u00f3lver calibre 38 anunciou o assalto, roubando o dinheiro do caixa. Os militares foram acionados e ao chegarem no local deram voz de pris\u00e3o. Luiz tentou fugir a p\u00e9, por\u00e9m foi impedido e <a href=\"https:\/\/www.rastrearobjetos.com.br\/blog\/tags\/preso\" title=\"preso\">preso<\/a>.<\/p>\n<p>O autor utilizou para o crime uma motocicleta <strong>Yamaha Lander<\/strong>, que foi objeto de roubo no dia 28 de novembro em Porto Firme \u2013 MG. Luiz foi conduzido \u00e0 Delegacia, juntamente com o ve\u00edculo e a arma apreendidos.<\/p>\n","protected":false},"excerpt":{"rendered":"<p>Um jovem foi detido pela Pol\u00edcia Militar na manh\u00e3 dessa quarta-feira (21), suspeito de tentar assaltar uma ag\u00eancia dos Correios no Centro de\u00a0Marli\u00e9ria\u00a0\u2013 MG. Luiz Carlos Silva Santana J\u00fanior, de 24 anos, teria sa\u00eddo de Vi\u00e7osa \u2013 MG para efetuar o roubo. De acordo com a PM, o suspeito armado com um rev\u00f3lver calibre 38 [&hellip;]<\/p>\n","protected":false},"author":1,"featured_media":138,"comment_status":"open","ping_status":"open","sticky":false,"template":"","format":"standard","meta":{"footnotes":""},"categories":[25],"tags":[156,155,154,157,158],"class_list":["post-137","post","type-post","status-publish","format-standard","has-post-thumbnail","hentry","category-noticias","tag-jovem","tag-marlieria","tag-minas-gerais","tag-preso","tag-vicosa"],"yoast_head":"<!-- This site is optimized with the Yoast SEO plugin v27.4 - https:\/\/yoast.com\/product\/yoast-seo-wordpress\/ -->\n<title>Jovem \u00e9 preso durante assalto a ag\u00eancia dos Correios em Marli\u00e9ria, MG - Rastrear Correios<\/title>\n<meta name=\"description\" content=\"Rastrear Objetos Correios. Rastreamento de sua Encomenda. Acompanhe todos os passos da sua entrega. R\u00e1pido, F\u00e1cil e Gr\u00e1tis. Receba notifica\u00e7\u00f5es atualizadas.\" \/>\n<meta name=\"robots\" content=\"index, follow, max-snippet:-1, max-image-preview:large, max-video-preview:-1\" \/>\n<link rel=\"canonical\" href=\"https:\/\/www.rastrearobjetos.com.br\/blog\/noticias\/jovem-e-preso-durante-assalto-a-agencia-dos-correios-em-marlieria-mg.html\" \/>\n<meta property=\"og:locale\" content=\"pt_BR\" \/>\n<meta property=\"og:type\" content=\"article\" \/>\n<meta property=\"og:title\" content=\"Jovem \u00e9 preso durante assalto a ag\u00eancia dos Correios em Marli\u00e9ria, MG - Rastrear Correios\" \/>\n<meta property=\"og:description\" content=\"Rastrear Objetos Correios. Rastreamento de sua Encomenda. Acompanhe todos os passos da sua entrega. R\u00e1pido, F\u00e1cil e Gr\u00e1tis. Receba notifica\u00e7\u00f5es atualizadas.\" \/>\n<meta property=\"og:url\" content=\"https:\/\/www.rastrearobjetos.com.br\/blog\/noticias\/jovem-e-preso-durante-assalto-a-agencia-dos-correios-em-marlieria-mg.html\" \/>\n<meta property=\"og:site_name\" content=\"Rastrear Correios\" \/>\n<meta property=\"article:publisher\" content=\"https:\/\/www.facebook.com\/RastreadorDeObjetos\" \/>\n<meta property=\"article:published_time\" content=\"2017-08-12T12:49:16+00:00\" \/>\n<meta property=\"og:image\" content=\"https:\/\/www.rastrearobjetos.com.br\/blog\/wp-content\/uploads\/2017\/08\/correios-jovem-marlieria.jpg\" \/>\n\t<meta property=\"og:image:width\" content=\"600\" \/>\n\t<meta property=\"og:image:height\" content=\"450\" \/>\n\t<meta property=\"og:image:type\" content=\"image\/jpeg\" \/>\n<meta name=\"author\" content=\"Rastreador de Objetos\" \/>\n<meta name=\"twitter:card\" content=\"summary_large_image\" \/>\n<meta name=\"twitter:creator\" content=\"@rastrearobjetos\" \/>\n<meta name=\"twitter:site\" content=\"@rastrearobjetos\" \/>\n<meta name=\"twitter:label1\" content=\"Escrito por\" \/>\n\t<meta name=\"twitter:data1\" content=\"Rastreador de Objetos\" \/>\n\t<meta name=\"twitter:label2\" content=\"Est. tempo de leitura\" \/>\n\t<meta name=\"twitter:data2\" content=\"1 minuto\" \/>\n<script type=\"application\/ld+json\" class=\"yoast-schema-graph\">{\"@context\":\"https:\\\/\\\/schema.org\",\"@graph\":[{\"@type\":\"Article\",\"@id\":\"https:\\\/\\\/www.rastrearobjetos.com.br\\\/blog\\\/noticias\\\/jovem-e-preso-durante-assalto-a-agencia-dos-correios-em-marlieria-mg.html#article\",\"isPartOf\":{\"@id\":\"https:\\\/\\\/www.rastrearobjetos.com.br\\\/blog\\\/noticias\\\/jovem-e-preso-durante-assalto-a-agencia-dos-correios-em-marlieria-mg.html\"},\"author\":{\"name\":\"Rastreador de Objetos\",\"@id\":\"https:\\\/\\\/www.rastrearobjetos.com.br\\\/blog\\\/#\\\/schema\\\/person\\\/0ecfd4bb0e3d1a11c9de7b048f0beaaf\"},\"headline\":\"Jovem \u00e9 preso durante assalto a ag\u00eancia dos Correios em Marli\u00e9ria, MG\",\"datePublished\":\"2017-08-12T12:49:16+00:00\",\"mainEntityOfPage\":{\"@id\":\"https:\\\/\\\/www.rastrearobjetos.com.br\\\/blog\\\/noticias\\\/jovem-e-preso-durante-assalto-a-agencia-dos-correios-em-marlieria-mg.html\"},\"wordCount\":141,\"commentCount\":0,\"publisher\":{\"@id\":\"https:\\\/\\\/www.rastrearobjetos.com.br\\\/blog\\\/#organization\"},\"image\":{\"@id\":\"https:\\\/\\\/www.rastrearobjetos.com.br\\\/blog\\\/noticias\\\/jovem-e-preso-durante-assalto-a-agencia-dos-correios-em-marlieria-mg.html#primaryimage\"},\"thumbnailUrl\":\"https:\\\/\\\/www.rastrearobjetos.com.br\\\/blog\\\/wp-content\\\/uploads\\\/2017\\\/08\\\/correios-jovem-marlieria.jpg\",\"keywords\":[\"jovem\",\"marlieria\",\"minas gerais\",\"preso\",\"vi\u00e7osa\"],\"articleSection\":[\"Not\u00edcias\"],\"inLanguage\":\"pt-BR\",\"potentialAction\":[{\"@type\":\"CommentAction\",\"name\":\"Comment\",\"target\":[\"https:\\\/\\\/www.rastrearobjetos.com.br\\\/blog\\\/noticias\\\/jovem-e-preso-durante-assalto-a-agencia-dos-correios-em-marlieria-mg.html#respond\"]}]},{\"@type\":\"WebPage\",\"@id\":\"https:\\\/\\\/www.rastrearobjetos.com.br\\\/blog\\\/noticias\\\/jovem-e-preso-durante-assalto-a-agencia-dos-correios-em-marlieria-mg.html\",\"url\":\"https:\\\/\\\/www.rastrearobjetos.com.br\\\/blog\\\/noticias\\\/jovem-e-preso-durante-assalto-a-agencia-dos-correios-em-marlieria-mg.html\",\"name\":\"Jovem \u00e9 preso durante assalto a ag\u00eancia dos Correios em Marli\u00e9ria, MG - Rastrear Correios\",\"isPartOf\":{\"@id\":\"https:\\\/\\\/www.rastrearobjetos.com.br\\\/blog\\\/#website\"},\"primaryImageOfPage\":{\"@id\":\"https:\\\/\\\/www.rastrearobjetos.com.br\\\/blog\\\/noticias\\\/jovem-e-preso-durante-assalto-a-agencia-dos-correios-em-marlieria-mg.html#primaryimage\"},\"image\":{\"@id\":\"https:\\\/\\\/www.rastrearobjetos.com.br\\\/blog\\\/noticias\\\/jovem-e-preso-durante-assalto-a-agencia-dos-correios-em-marlieria-mg.html#primaryimage\"},\"thumbnailUrl\":\"https:\\\/\\\/www.rastrearobjetos.com.br\\\/blog\\\/wp-content\\\/uploads\\\/2017\\\/08\\\/correios-jovem-marlieria.jpg\",\"datePublished\":\"2017-08-12T12:49:16+00:00\",\"description\":\"Rastrear Objetos Correios. Rastreamento de sua Encomenda. Acompanhe todos os passos da sua entrega. R\u00e1pido, F\u00e1cil e Gr\u00e1tis. Receba notifica\u00e7\u00f5es atualizadas.\",\"breadcrumb\":{\"@id\":\"https:\\\/\\\/www.rastrearobjetos.com.br\\\/blog\\\/noticias\\\/jovem-e-preso-durante-assalto-a-agencia-dos-correios-em-marlieria-mg.html#breadcrumb\"},\"inLanguage\":\"pt-BR\",\"potentialAction\":[{\"@type\":\"ReadAction\",\"target\":[\"https:\\\/\\\/www.rastrearobjetos.com.br\\\/blog\\\/noticias\\\/jovem-e-preso-durante-assalto-a-agencia-dos-correios-em-marlieria-mg.html\"]}]},{\"@type\":\"ImageObject\",\"inLanguage\":\"pt-BR\",\"@id\":\"https:\\\/\\\/www.rastrearobjetos.com.br\\\/blog\\\/noticias\\\/jovem-e-preso-durante-assalto-a-agencia-dos-correios-em-marlieria-mg.html#primaryimage\",\"url\":\"https:\\\/\\\/www.rastrearobjetos.com.br\\\/blog\\\/wp-content\\\/uploads\\\/2017\\\/08\\\/correios-jovem-marlieria.jpg\",\"contentUrl\":\"https:\\\/\\\/www.rastrearobjetos.com.br\\\/blog\\\/wp-content\\\/uploads\\\/2017\\\/08\\\/correios-jovem-marlieria.jpg\",\"width\":600,\"height\":450,\"caption\":\"Jovem \u00e9 preso durante assalto a ag\u00eancia dos Correios em Marli\u00e9ria, MG\"},{\"@type\":\"BreadcrumbList\",\"@id\":\"https:\\\/\\\/www.rastrearobjetos.com.br\\\/blog\\\/noticias\\\/jovem-e-preso-durante-assalto-a-agencia-dos-correios-em-marlieria-mg.html#breadcrumb\",\"itemListElement\":[{\"@type\":\"ListItem\",\"position\":1,\"name\":\"In\u00edcio\",\"item\":\"https:\\\/\\\/www.rastrearobjetos.com.br\\\/blog\\\/\"},{\"@type\":\"ListItem\",\"position\":2,\"name\":\"Not\u00edcias\",\"item\":\"https:\\\/\\\/www.rastrearobjetos.com.br\\\/blog\\\/categoria\\\/noticias\"},{\"@type\":\"ListItem\",\"position\":3,\"name\":\"Jovem \u00e9 preso durante assalto a ag\u00eancia dos Correios em Marli\u00e9ria, MG\"}]},{\"@type\":\"WebSite\",\"@id\":\"https:\\\/\\\/www.rastrearobjetos.com.br\\\/blog\\\/#website\",\"url\":\"https:\\\/\\\/www.rastrearobjetos.com.br\\\/blog\\\/\",\"name\":\"Rastrear Correios\",\"description\":\"Blog do Rastreador dos Correios\",\"publisher\":{\"@id\":\"https:\\\/\\\/www.rastrearobjetos.com.br\\\/blog\\\/#organization\"},\"potentialAction\":[{\"@type\":\"SearchAction\",\"target\":{\"@type\":\"EntryPoint\",\"urlTemplate\":\"https:\\\/\\\/www.rastrearobjetos.com.br\\\/blog\\\/?s={search_term_string}\"},\"query-input\":{\"@type\":\"PropertyValueSpecification\",\"valueRequired\":true,\"valueName\":\"search_term_string\"}}],\"inLanguage\":\"pt-BR\"},{\"@type\":\"Organization\",\"@id\":\"https:\\\/\\\/www.rastrearobjetos.com.br\\\/blog\\\/#organization\",\"name\":\"Rastrear Objetos dos Correios\",\"url\":\"https:\\\/\\\/www.rastrearobjetos.com.br\\\/blog\\\/\",\"logo\":{\"@type\":\"ImageObject\",\"inLanguage\":\"pt-BR\",\"@id\":\"https:\\\/\\\/www.rastrearobjetos.com.br\\\/blog\\\/#\\\/schema\\\/logo\\\/image\\\/\",\"url\":\"https:\\\/\\\/www.rastrearobjetos.com.br\\\/blog\\\/wp-content\\\/uploads\\\/2017\\\/09\\\/logo-correios-1.png\",\"contentUrl\":\"https:\\\/\\\/www.rastrearobjetos.com.br\\\/blog\\\/wp-content\\\/uploads\\\/2017\\\/09\\\/logo-correios-1.png\",\"width\":314,\"height\":49,\"caption\":\"Rastrear Objetos dos Correios\"},\"image\":{\"@id\":\"https:\\\/\\\/www.rastrearobjetos.com.br\\\/blog\\\/#\\\/schema\\\/logo\\\/image\\\/\"},\"sameAs\":[\"https:\\\/\\\/www.facebook.com\\\/RastreadorDeObjetos\",\"https:\\\/\\\/x.com\\\/rastrearobjetos\"]},{\"@type\":\"Person\",\"@id\":\"https:\\\/\\\/www.rastrearobjetos.com.br\\\/blog\\\/#\\\/schema\\\/person\\\/0ecfd4bb0e3d1a11c9de7b048f0beaaf\",\"name\":\"Rastreador de Objetos\",\"image\":{\"@type\":\"ImageObject\",\"inLanguage\":\"pt-BR\",\"@id\":\"https:\\\/\\\/secure.gravatar.com\\\/avatar\\\/87a6c926c997a0a931c9a06b1dc5dea49d1b1b8fcaf6f0acef031004169a5d76?s=96&d=mm&r=g\",\"url\":\"https:\\\/\\\/secure.gravatar.com\\\/avatar\\\/87a6c926c997a0a931c9a06b1dc5dea49d1b1b8fcaf6f0acef031004169a5d76?s=96&d=mm&r=g\",\"contentUrl\":\"https:\\\/\\\/secure.gravatar.com\\\/avatar\\\/87a6c926c997a0a931c9a06b1dc5dea49d1b1b8fcaf6f0acef031004169a5d76?s=96&d=mm&r=g\",\"caption\":\"Rastreador de Objetos\"},\"url\":\"https:\\\/\\\/www.rastrearobjetos.com.br\\\/blog\\\/author\\\/admin\"}]}<\/script>\n<!-- \/ Yoast SEO plugin. -->","yoast_head_json":{"title":"Jovem \u00e9 preso durante assalto a ag\u00eancia dos Correios em Marli\u00e9ria, MG - Rastrear Correios","description":"Rastrear Objetos Correios. Rastreamento de sua Encomenda. Acompanhe todos os passos da sua entrega. R\u00e1pido, F\u00e1cil e Gr\u00e1tis. Receba notifica\u00e7\u00f5es atualizadas.","robots":{"index":"index","follow":"follow","max-snippet":"max-snippet:-1","max-image-preview":"max-image-preview:large","max-video-preview":"max-video-preview:-1"},"canonical":"https:\/\/www.rastrearobjetos.com.br\/blog\/noticias\/jovem-e-preso-durante-assalto-a-agencia-dos-correios-em-marlieria-mg.html","og_locale":"pt_BR","og_type":"article","og_title":"Jovem \u00e9 preso durante assalto a ag\u00eancia dos Correios em Marli\u00e9ria, MG - Rastrear Correios","og_description":"Rastrear Objetos Correios. Rastreamento de sua Encomenda. Acompanhe todos os passos da sua entrega. R\u00e1pido, F\u00e1cil e Gr\u00e1tis. Receba notifica\u00e7\u00f5es atualizadas.","og_url":"https:\/\/www.rastrearobjetos.com.br\/blog\/noticias\/jovem-e-preso-durante-assalto-a-agencia-dos-correios-em-marlieria-mg.html","og_site_name":"Rastrear Correios","article_publisher":"https:\/\/www.facebook.com\/RastreadorDeObjetos","article_published_time":"2017-08-12T12:49:16+00:00","og_image":[{"width":600,"height":450,"url":"https:\/\/www.rastrearobjetos.com.br\/blog\/wp-content\/uploads\/2017\/08\/correios-jovem-marlieria.jpg","type":"image\/jpeg"}],"author":"Rastreador de Objetos","twitter_card":"summary_large_image","twitter_creator":"@rastrearobjetos","twitter_site":"@rastrearobjetos","twitter_misc":{"Escrito por":"Rastreador de Objetos","Est. tempo de leitura":"1 minuto"},"schema":{"@context":"https:\/\/schema.org","@graph":[{"@type":"Article","@id":"https:\/\/www.rastrearobjetos.com.br\/blog\/noticias\/jovem-e-preso-durante-assalto-a-agencia-dos-correios-em-marlieria-mg.html#article","isPartOf":{"@id":"https:\/\/www.rastrearobjetos.com.br\/blog\/noticias\/jovem-e-preso-durante-assalto-a-agencia-dos-correios-em-marlieria-mg.html"},"author":{"name":"Rastreador de Objetos","@id":"https:\/\/www.rastrearobjetos.com.br\/blog\/#\/schema\/person\/0ecfd4bb0e3d1a11c9de7b048f0beaaf"},"headline":"Jovem \u00e9 preso durante assalto a ag\u00eancia dos Correios em Marli\u00e9ria, MG","datePublished":"2017-08-12T12:49:16+00:00","mainEntityOfPage":{"@id":"https:\/\/www.rastrearobjetos.com.br\/blog\/noticias\/jovem-e-preso-durante-assalto-a-agencia-dos-correios-em-marlieria-mg.html"},"wordCount":141,"commentCount":0,"publisher":{"@id":"https:\/\/www.rastrearobjetos.com.br\/blog\/#organization"},"image":{"@id":"https:\/\/www.rastrearobjetos.com.br\/blog\/noticias\/jovem-e-preso-durante-assalto-a-agencia-dos-correios-em-marlieria-mg.html#primaryimage"},"thumbnailUrl":"https:\/\/www.rastrearobjetos.com.br\/blog\/wp-content\/uploads\/2017\/08\/correios-jovem-marlieria.jpg","keywords":["jovem","marlieria","minas gerais","preso","vi\u00e7osa"],"articleSection":["Not\u00edcias"],"inLanguage":"pt-BR","potentialAction":[{"@type":"CommentAction","name":"Comment","target":["https:\/\/www.rastrearobjetos.com.br\/blog\/noticias\/jovem-e-preso-durante-assalto-a-agencia-dos-correios-em-marlieria-mg.html#respond"]}]},{"@type":"WebPage","@id":"https:\/\/www.rastrearobjetos.com.br\/blog\/noticias\/jovem-e-preso-durante-assalto-a-agencia-dos-correios-em-marlieria-mg.html","url":"https:\/\/www.rastrearobjetos.com.br\/blog\/noticias\/jovem-e-preso-durante-assalto-a-agencia-dos-correios-em-marlieria-mg.html","name":"Jovem \u00e9 preso durante assalto a ag\u00eancia dos Correios em Marli\u00e9ria, MG - Rastrear Correios","isPartOf":{"@id":"https:\/\/www.rastrearobjetos.com.br\/blog\/#website"},"primaryImageOfPage":{"@id":"https:\/\/www.rastrearobjetos.com.br\/blog\/noticias\/jovem-e-preso-durante-assalto-a-agencia-dos-correios-em-marlieria-mg.html#primaryimage"},"image":{"@id":"https:\/\/www.rastrearobjetos.com.br\/blog\/noticias\/jovem-e-preso-durante-assalto-a-agencia-dos-correios-em-marlieria-mg.html#primaryimage"},"thumbnailUrl":"https:\/\/www.rastrearobjetos.com.br\/blog\/wp-content\/uploads\/2017\/08\/correios-jovem-marlieria.jpg","datePublished":"2017-08-12T12:49:16+00:00","description":"Rastrear Objetos Correios. Rastreamento de sua Encomenda. Acompanhe todos os passos da sua entrega. R\u00e1pido, F\u00e1cil e Gr\u00e1tis. Receba notifica\u00e7\u00f5es atualizadas.","breadcrumb":{"@id":"https:\/\/www.rastrearobjetos.com.br\/blog\/noticias\/jovem-e-preso-durante-assalto-a-agencia-dos-correios-em-marlieria-mg.html#breadcrumb"},"inLanguage":"pt-BR","potentialAction":[{"@type":"ReadAction","target":["https:\/\/www.rastrearobjetos.com.br\/blog\/noticias\/jovem-e-preso-durante-assalto-a-agencia-dos-correios-em-marlieria-mg.html"]}]},{"@type":"ImageObject","inLanguage":"pt-BR","@id":"https:\/\/www.rastrearobjetos.com.br\/blog\/noticias\/jovem-e-preso-durante-assalto-a-agencia-dos-correios-em-marlieria-mg.html#primaryimage","url":"https:\/\/www.rastrearobjetos.com.br\/blog\/wp-content\/uploads\/2017\/08\/correios-jovem-marlieria.jpg","contentUrl":"https:\/\/www.rastrearobjetos.com.br\/blog\/wp-content\/uploads\/2017\/08\/correios-jovem-marlieria.jpg","width":600,"height":450,"caption":"Jovem \u00e9 preso durante assalto a ag\u00eancia dos Correios em Marli\u00e9ria, MG"},{"@type":"BreadcrumbList","@id":"https:\/\/www.rastrearobjetos.com.br\/blog\/noticias\/jovem-e-preso-durante-assalto-a-agencia-dos-correios-em-marlieria-mg.html#breadcrumb","itemListElement":[{"@type":"ListItem","position":1,"name":"In\u00edcio","item":"https:\/\/www.rastrearobjetos.com.br\/blog\/"},{"@type":"ListItem","position":2,"name":"Not\u00edcias","item":"https:\/\/www.rastrearobjetos.com.br\/blog\/categoria\/noticias"},{"@type":"ListItem","position":3,"name":"Jovem \u00e9 preso durante assalto a ag\u00eancia dos Correios em Marli\u00e9ria, MG"}]},{"@type":"WebSite","@id":"https:\/\/www.rastrearobjetos.com.br\/blog\/#website","url":"https:\/\/www.rastrearobjetos.com.br\/blog\/","name":"Rastrear Correios","description":"Blog do Rastreador dos Correios","publisher":{"@id":"https:\/\/www.rastrearobjetos.com.br\/blog\/#organization"},"potentialAction":[{"@type":"SearchAction","target":{"@type":"EntryPoint","urlTemplate":"https:\/\/www.rastrearobjetos.com.br\/blog\/?s={search_term_string}"},"query-input":{"@type":"PropertyValueSpecification","valueRequired":true,"valueName":"search_term_string"}}],"inLanguage":"pt-BR"},{"@type":"Organization","@id":"https:\/\/www.rastrearobjetos.com.br\/blog\/#organization","name":"Rastrear Objetos dos Correios","url":"https:\/\/www.rastrearobjetos.com.br\/blog\/","logo":{"@type":"ImageObject","inLanguage":"pt-BR","@id":"https:\/\/www.rastrearobjetos.com.br\/blog\/#\/schema\/logo\/image\/","url":"https:\/\/www.rastrearobjetos.com.br\/blog\/wp-content\/uploads\/2017\/09\/logo-correios-1.png","contentUrl":"https:\/\/www.rastrearobjetos.com.br\/blog\/wp-content\/uploads\/2017\/09\/logo-correios-1.png","width":314,"height":49,"caption":"Rastrear Objetos dos Correios"},"image":{"@id":"https:\/\/www.rastrearobjetos.com.br\/blog\/#\/schema\/logo\/image\/"},"sameAs":["https:\/\/www.facebook.com\/RastreadorDeObjetos","https:\/\/x.com\/rastrearobjetos"]},{"@type":"Person","@id":"https:\/\/www.rastrearobjetos.com.br\/blog\/#\/schema\/person\/0ecfd4bb0e3d1a11c9de7b048f0beaaf","name":"Rastreador de Objetos","image":{"@type":"ImageObject","inLanguage":"pt-BR","@id":"https:\/\/secure.gravatar.com\/avatar\/87a6c926c997a0a931c9a06b1dc5dea49d1b1b8fcaf6f0acef031004169a5d76?s=96&d=mm&r=g","url":"https:\/\/secure.gravatar.com\/avatar\/87a6c926c997a0a931c9a06b1dc5dea49d1b1b8fcaf6f0acef031004169a5d76?s=96&d=mm&r=g","contentUrl":"https:\/\/secure.gravatar.com\/avatar\/87a6c926c997a0a931c9a06b1dc5dea49d1b1b8fcaf6f0acef031004169a5d76?s=96&d=mm&r=g","caption":"Rastreador de Objetos"},"url":"https:\/\/www.rastrearobjetos.com.br\/blog\/author\/admin"}]}},"amp_enabled":true,"_links":{"self":[{"href":"https:\/\/www.rastrearobjetos.com.br\/blog\/wp-json\/wp\/v2\/posts\/137","targetHints":{"allow":["GET"]}}],"collection":[{"href":"https:\/\/www.rastrearobjetos.com.br\/blog\/wp-json\/wp\/v2\/posts"}],"about":[{"href":"https:\/\/www.rastrearobjetos.com.br\/blog\/wp-json\/wp\/v2\/types\/post"}],"author":[{"embeddable":true,"href":"https:\/\/www.rastrearobjetos.com.br\/blog\/wp-json\/wp\/v2\/users\/1"}],"replies":[{"embeddable":true,"href":"https:\/\/www.rastrearobjetos.com.br\/blog\/wp-json\/wp\/v2\/comments?post=137"}],"version-history":[{"count":1,"href":"https:\/\/www.rastrearobjetos.com.br\/blog\/wp-json\/wp\/v2\/posts\/137\/revisions"}],"predecessor-version":[{"id":139,"href":"https:\/\/www.rastrearobjetos.com.br\/blog\/wp-json\/wp\/v2\/posts\/137\/revisions\/139"}],"wp:featuredmedia":[{"embeddable":true,"href":"https:\/\/www.rastrearobjetos.com.br\/blog\/wp-json\/wp\/v2\/media\/138"}],"wp:attachment":[{"href":"https:\/\/www.rastrearobjetos.com.br\/blog\/wp-json\/wp\/v2\/media?parent=137"}],"wp:term":[{"taxonomy":"category","embeddable":true,"href":"https:\/\/www.rastrearobjetos.com.br\/blog\/wp-json\/wp\/v2\/categories?post=137"},{"taxonomy":"post_tag","embeddable":true,"href":"https:\/\/www.rastrearobjetos.com.br\/blog\/wp-json\/wp\/v2\/tags?post=137"}],"curies":[{"name":"wp","href":"https:\/\/api.w.org\/{rel}","templated":true}]}}