{"id":1510,"date":"2019-02-27T06:17:05","date_gmt":"2019-02-27T09:17:05","guid":{"rendered":"https:\/\/www.rastrearobjetos.com.br\/blog\/?p=1510"},"modified":"2019-02-27T06:17:05","modified_gmt":"2019-02-27T09:17:05","slug":"nelter-cobra-reabertura-dos-correios-no-municipio-ouro-branco","status":"publish","type":"post","link":"https:\/\/www.rastrearobjetos.com.br\/blog\/noticias\/nelter-cobra-reabertura-dos-correios-no-municipio-ouro-branco.html","title":{"rendered":"Nelter cobra reabertura dos Correios no munic\u00edpio  Ouro Branco"},"content":{"rendered":"<h2>Nelter cobra reabertura dos Correios e <a href=\"https:\/\/www.rastrearobjetos.com.br\/blog\/tags\/bradesco\" title=\"Bradesco\">Bradesco<\/a> em <a href=\"https:\/\/www.rastrearobjetos.com.br\/blog\/tags\/ouro-branco\" title=\"Ouro Branco\">Ouro Branco<\/a> e ativa\u00e7\u00e3o de antena da <a href=\"https:\/\/www.rastrearobjetos.com.br\/blog\/tags\/tim\" title=\"Tim\">Tim<\/a> em <a href=\"https:\/\/www.rastrearobjetos.com.br\/blog\/tags\/santana-do-matos\" title=\"Santana do Matos\">Santana do Matos<\/a><\/h2>\n<p>Durante sess\u00e3o plen\u00e1ria da <em>Assembleia Legislativa do <a href=\"https:\/\/www.rastrearobjetos.com.br\/blog\/tags\/rio-grande-do-norte\" title=\"Rio Grande do Norte\">Rio Grande do Norte<\/a><\/em> (<strong>ALRN<\/strong>) nesta ter\u00e7a-feira (26), o <em>deputado estadual<\/em> <strong>Nelter Queiroz<\/strong> (<strong>MDB<\/strong>) encaminhou requerimentos propondo benef\u00edcios para os <strong>munic\u00edpios de <a href=\"https:\/\/www.rastrearobjetos.com.br\/blog\/tags\/ouro-branco\" title=\"Ouro Branco\">Ouro Branco<\/a><\/strong> e <strong><a href=\"https:\/\/www.rastrearobjetos.com.br\/blog\/tags\/santana-do-matos\" title=\"Santana do Matos\">Santana do Matos<\/a><\/strong>, ambos localizados na regi\u00e3o <strong>Serid\u00f3<\/strong> do <strong><a href=\"https:\/\/www.rastrearobjetos.com.br\/blog\/tags\/rio-grande-do-norte\" title=\"Rio Grande do Norte\">Rio Grande do Norte<\/a><\/strong>.<\/p>\n<p>Para <a href=\"https:\/\/www.rastrearobjetos.com.br\/blog\/tags\/ouro-branco\" title=\"Ouro Branco\">Ouro Branco<\/a>, o parlamentar cobrou da ger\u00eancia regional do <strong><a href=\"https:\/\/www.rastrearobjetos.com.br\/blog\/tags\/bradesco\" title=\"Bradesco\">Bradesco<\/a><\/strong> e da superintend\u00eancia estadual dos Correios no RN a <em>reabertura das ag\u00eancias de ambas as institui\u00e7\u00f5es<\/em> que encontram-se sem funcionar desde 31 de outubro de 2018.<\/p>\n<blockquote><p>\u201cFechadas por a\u00e7\u00f5es de marginais, as ag\u00eancias em quest\u00e3o precisam ser reabertas o quanto antes para atender \u00e0s demandas da popula\u00e7\u00e3o local, principalmente dos idosos, funcion\u00e1rios p\u00fablicos e comerciantes que est\u00e3o sofrendo pelo n\u00e3o funcionamento destes importantes equipamentos p\u00fablicos\u201d.<\/p><\/blockquote>\n<p>J\u00e1 para <em><a href=\"https:\/\/www.rastrearobjetos.com.br\/blog\/tags\/santana-do-matos\" title=\"Santana do Matos\">Santana do Matos<\/a><\/em>, o deputado cobrou urg\u00eancia da ger\u00eancia regional da <strong>Ag\u00eancia Nacional de Telecomunica\u00e7\u00f5es<\/strong> (<em><a href=\"https:\/\/www.rastrearobjetos.com.br\/blog\/tags\/anatel\" title=\"ANATEL\">ANATEL<\/a><\/em>) e da diretoria regional nordeste da <strong><a href=\"https:\/\/www.rastrearobjetos.com.br\/blog\/tags\/tim\" title=\"TIM\">TIM<\/a><\/strong> no que tange a ativa\u00e7\u00e3o de torre localizado na zonal rural do munic\u00edpio, entre as comunidades <strong><a href=\"https:\/\/www.rastrearobjetos.com.br\/blog\/tags\/bom-jesus\" title=\"Bom Jesus\">Bom Jesus<\/a><\/strong> e <strong><a href=\"https:\/\/www.rastrearobjetos.com.br\/blog\/tags\/caicara\" title=\"Cai\u00e7ara\">Cai\u00e7ara<\/a><\/strong>.<\/p>\n<blockquote><p>\u201cCom a devida liga\u00e7\u00e3o desta torre o servi\u00e7o oferecido pela operadora melhorar\u00e1 consideravelmente tanto na zona urbana quanto na zona rural de <a href=\"https:\/\/www.rastrearobjetos.com.br\/blog\/tags\/santana-do-matos\" title=\"Santana do Matos\">Santana do Matos<\/a>, facilitando a vida e melhorando a comunica\u00e7\u00e3o dos usu\u00e1rios da <a href=\"https:\/\/www.rastrearobjetos.com.br\/blog\/tags\/tim\" title=\"Tim\">Tim<\/a> no munic\u00edpio.<\/p><\/blockquote>\n<p>FONTE:\u00a0<a href=\"https:\/\/www.blogdaniloevaristo.com.br\/nelter-cobra-reabertura-dos-correios-e-bradesco-em-ouro-branco-e-ativacao-de-antena-da-tim-em-santana-do-matos\/\" target=\"_blank\" rel=\"noopener\">https:\/\/www.blogdaniloevaristo.com.br\/<\/a><\/p>\n","protected":false},"excerpt":{"rendered":"<p>Nelter cobra reabertura dos Correios e Bradesco em Ouro Branco e ativa\u00e7\u00e3o de antena da Tim em Santana do Matos Durante sess\u00e3o plen\u00e1ria da Assembleia Legislativa do Rio Grande do Norte (ALRN) nesta ter\u00e7a-feira (26), o deputado estadual Nelter Queiroz (MDB) encaminhou requerimentos propondo benef\u00edcios para os munic\u00edpios de Ouro Branco e Santana do Matos, [&hellip;]<\/p>\n","protected":false},"author":1,"featured_media":1511,"comment_status":"open","ping_status":"open","sticky":false,"template":"","format":"standard","meta":{"footnotes":""},"categories":[25],"tags":[1096,1280,165,1281,1249,336,1277,1278,1279],"class_list":["post-1510","post","type-post","status-publish","format-standard","has-post-thumbnail","hentry","category-noticias","tag-anatel","tag-bom-jesus","tag-bradesco","tag-caicara","tag-ouro-branco","tag-rio-grande-do-norte","tag-santana-do-matos","tag-serido","tag-tim"],"yoast_head":"<!-- This site is optimized with the Yoast SEO plugin v27.4 - https:\/\/yoast.com\/product\/yoast-seo-wordpress\/ -->\n<title>Nelter cobra reabertura dos Correios no munic\u00edpio Ouro Branco - Rastrear Correios<\/title>\n<meta name=\"description\" content=\"Rastrear Objetos Correios. Rastreamento de sua Encomenda. Acompanhe todos os passos da sua entrega. R\u00e1pido, F\u00e1cil e Gr\u00e1tis. Receba notifica\u00e7\u00f5es atualizadas.\" \/>\n<meta name=\"robots\" content=\"index, follow, max-snippet:-1, max-image-preview:large, max-video-preview:-1\" \/>\n<link rel=\"canonical\" href=\"https:\/\/www.rastrearobjetos.com.br\/blog\/noticias\/nelter-cobra-reabertura-dos-correios-no-municipio-ouro-branco.html\" \/>\n<meta property=\"og:locale\" content=\"pt_BR\" \/>\n<meta property=\"og:type\" content=\"article\" \/>\n<meta property=\"og:title\" content=\"Nelter cobra reabertura dos Correios no munic\u00edpio Ouro Branco - Rastrear Correios\" \/>\n<meta property=\"og:description\" content=\"Rastrear Objetos Correios. Rastreamento de sua Encomenda. Acompanhe todos os passos da sua entrega. R\u00e1pido, F\u00e1cil e Gr\u00e1tis. Receba notifica\u00e7\u00f5es atualizadas.\" \/>\n<meta property=\"og:url\" content=\"https:\/\/www.rastrearobjetos.com.br\/blog\/noticias\/nelter-cobra-reabertura-dos-correios-no-municipio-ouro-branco.html\" \/>\n<meta property=\"og:site_name\" content=\"Rastrear Correios\" \/>\n<meta property=\"article:publisher\" content=\"https:\/\/www.facebook.com\/RastreadorDeObjetos\" \/>\n<meta property=\"article:published_time\" content=\"2019-02-27T09:17:05+00:00\" \/>\n<meta property=\"og:image\" content=\"https:\/\/www.rastrearobjetos.com.br\/blog\/wp-content\/uploads\/2019\/02\/nelter-7-768x512.jpg\" \/>\n\t<meta property=\"og:image:width\" content=\"768\" \/>\n\t<meta property=\"og:image:height\" content=\"512\" \/>\n\t<meta property=\"og:image:type\" content=\"image\/jpeg\" \/>\n<meta name=\"author\" content=\"Rastreador de Objetos\" \/>\n<meta name=\"twitter:card\" content=\"summary_large_image\" \/>\n<meta name=\"twitter:creator\" content=\"@rastrearobjetos\" \/>\n<meta name=\"twitter:site\" content=\"@rastrearobjetos\" \/>\n<meta name=\"twitter:label1\" content=\"Escrito por\" \/>\n\t<meta name=\"twitter:data1\" content=\"Rastreador de Objetos\" \/>\n\t<meta name=\"twitter:label2\" content=\"Est. tempo de leitura\" \/>\n\t<meta name=\"twitter:data2\" content=\"1 minuto\" \/>\n<script type=\"application\/ld+json\" class=\"yoast-schema-graph\">{\"@context\":\"https:\\\/\\\/schema.org\",\"@graph\":[{\"@type\":\"Article\",\"@id\":\"https:\\\/\\\/www.rastrearobjetos.com.br\\\/blog\\\/noticias\\\/nelter-cobra-reabertura-dos-correios-no-municipio-ouro-branco.html#article\",\"isPartOf\":{\"@id\":\"https:\\\/\\\/www.rastrearobjetos.com.br\\\/blog\\\/noticias\\\/nelter-cobra-reabertura-dos-correios-no-municipio-ouro-branco.html\"},\"author\":{\"name\":\"Rastreador de Objetos\",\"@id\":\"https:\\\/\\\/www.rastrearobjetos.com.br\\\/blog\\\/#\\\/schema\\\/person\\\/0ecfd4bb0e3d1a11c9de7b048f0beaaf\"},\"headline\":\"Nelter cobra reabertura dos Correios no munic\u00edpio Ouro Branco\",\"datePublished\":\"2019-02-27T09:17:05+00:00\",\"mainEntityOfPage\":{\"@id\":\"https:\\\/\\\/www.rastrearobjetos.com.br\\\/blog\\\/noticias\\\/nelter-cobra-reabertura-dos-correios-no-municipio-ouro-branco.html\"},\"wordCount\":269,\"commentCount\":0,\"publisher\":{\"@id\":\"https:\\\/\\\/www.rastrearobjetos.com.br\\\/blog\\\/#organization\"},\"image\":{\"@id\":\"https:\\\/\\\/www.rastrearobjetos.com.br\\\/blog\\\/noticias\\\/nelter-cobra-reabertura-dos-correios-no-municipio-ouro-branco.html#primaryimage\"},\"thumbnailUrl\":\"https:\\\/\\\/www.rastrearobjetos.com.br\\\/blog\\\/wp-content\\\/uploads\\\/2019\\\/02\\\/nelter-7-768x512.jpg\",\"keywords\":[\"Anatel\",\"Bom Jesus\",\"bradesco\",\"Cai\u00e7ara\",\"Ouro Branco\",\"rio grande do norte\",\"Santana do Matos\",\"Serid\u00f3\",\"TIM\"],\"articleSection\":[\"Not\u00edcias\"],\"inLanguage\":\"pt-BR\",\"potentialAction\":[{\"@type\":\"CommentAction\",\"name\":\"Comment\",\"target\":[\"https:\\\/\\\/www.rastrearobjetos.com.br\\\/blog\\\/noticias\\\/nelter-cobra-reabertura-dos-correios-no-municipio-ouro-branco.html#respond\"]}]},{\"@type\":\"WebPage\",\"@id\":\"https:\\\/\\\/www.rastrearobjetos.com.br\\\/blog\\\/noticias\\\/nelter-cobra-reabertura-dos-correios-no-municipio-ouro-branco.html\",\"url\":\"https:\\\/\\\/www.rastrearobjetos.com.br\\\/blog\\\/noticias\\\/nelter-cobra-reabertura-dos-correios-no-municipio-ouro-branco.html\",\"name\":\"Nelter cobra reabertura dos Correios no munic\u00edpio Ouro Branco - Rastrear Correios\",\"isPartOf\":{\"@id\":\"https:\\\/\\\/www.rastrearobjetos.com.br\\\/blog\\\/#website\"},\"primaryImageOfPage\":{\"@id\":\"https:\\\/\\\/www.rastrearobjetos.com.br\\\/blog\\\/noticias\\\/nelter-cobra-reabertura-dos-correios-no-municipio-ouro-branco.html#primaryimage\"},\"image\":{\"@id\":\"https:\\\/\\\/www.rastrearobjetos.com.br\\\/blog\\\/noticias\\\/nelter-cobra-reabertura-dos-correios-no-municipio-ouro-branco.html#primaryimage\"},\"thumbnailUrl\":\"https:\\\/\\\/www.rastrearobjetos.com.br\\\/blog\\\/wp-content\\\/uploads\\\/2019\\\/02\\\/nelter-7-768x512.jpg\",\"datePublished\":\"2019-02-27T09:17:05+00:00\",\"description\":\"Rastrear Objetos Correios. Rastreamento de sua Encomenda. Acompanhe todos os passos da sua entrega. R\u00e1pido, F\u00e1cil e Gr\u00e1tis. Receba notifica\u00e7\u00f5es atualizadas.\",\"breadcrumb\":{\"@id\":\"https:\\\/\\\/www.rastrearobjetos.com.br\\\/blog\\\/noticias\\\/nelter-cobra-reabertura-dos-correios-no-municipio-ouro-branco.html#breadcrumb\"},\"inLanguage\":\"pt-BR\",\"potentialAction\":[{\"@type\":\"ReadAction\",\"target\":[\"https:\\\/\\\/www.rastrearobjetos.com.br\\\/blog\\\/noticias\\\/nelter-cobra-reabertura-dos-correios-no-municipio-ouro-branco.html\"]}]},{\"@type\":\"ImageObject\",\"inLanguage\":\"pt-BR\",\"@id\":\"https:\\\/\\\/www.rastrearobjetos.com.br\\\/blog\\\/noticias\\\/nelter-cobra-reabertura-dos-correios-no-municipio-ouro-branco.html#primaryimage\",\"url\":\"https:\\\/\\\/www.rastrearobjetos.com.br\\\/blog\\\/wp-content\\\/uploads\\\/2019\\\/02\\\/nelter-7-768x512.jpg\",\"contentUrl\":\"https:\\\/\\\/www.rastrearobjetos.com.br\\\/blog\\\/wp-content\\\/uploads\\\/2019\\\/02\\\/nelter-7-768x512.jpg\",\"width\":768,\"height\":512,\"caption\":\"Nelter cobra reabertura dos Correios na cidade de Ouro Branco\"},{\"@type\":\"BreadcrumbList\",\"@id\":\"https:\\\/\\\/www.rastrearobjetos.com.br\\\/blog\\\/noticias\\\/nelter-cobra-reabertura-dos-correios-no-municipio-ouro-branco.html#breadcrumb\",\"itemListElement\":[{\"@type\":\"ListItem\",\"position\":1,\"name\":\"In\u00edcio\",\"item\":\"https:\\\/\\\/www.rastrearobjetos.com.br\\\/blog\\\/\"},{\"@type\":\"ListItem\",\"position\":2,\"name\":\"Not\u00edcias\",\"item\":\"https:\\\/\\\/www.rastrearobjetos.com.br\\\/blog\\\/categoria\\\/noticias\"},{\"@type\":\"ListItem\",\"position\":3,\"name\":\"Nelter cobra reabertura dos Correios no munic\u00edpio Ouro Branco\"}]},{\"@type\":\"WebSite\",\"@id\":\"https:\\\/\\\/www.rastrearobjetos.com.br\\\/blog\\\/#website\",\"url\":\"https:\\\/\\\/www.rastrearobjetos.com.br\\\/blog\\\/\",\"name\":\"Rastrear Correios\",\"description\":\"Blog do Rastreador dos Correios\",\"publisher\":{\"@id\":\"https:\\\/\\\/www.rastrearobjetos.com.br\\\/blog\\\/#organization\"},\"potentialAction\":[{\"@type\":\"SearchAction\",\"target\":{\"@type\":\"EntryPoint\",\"urlTemplate\":\"https:\\\/\\\/www.rastrearobjetos.com.br\\\/blog\\\/?s={search_term_string}\"},\"query-input\":{\"@type\":\"PropertyValueSpecification\",\"valueRequired\":true,\"valueName\":\"search_term_string\"}}],\"inLanguage\":\"pt-BR\"},{\"@type\":\"Organization\",\"@id\":\"https:\\\/\\\/www.rastrearobjetos.com.br\\\/blog\\\/#organization\",\"name\":\"Rastrear Objetos dos Correios\",\"url\":\"https:\\\/\\\/www.rastrearobjetos.com.br\\\/blog\\\/\",\"logo\":{\"@type\":\"ImageObject\",\"inLanguage\":\"pt-BR\",\"@id\":\"https:\\\/\\\/www.rastrearobjetos.com.br\\\/blog\\\/#\\\/schema\\\/logo\\\/image\\\/\",\"url\":\"https:\\\/\\\/www.rastrearobjetos.com.br\\\/blog\\\/wp-content\\\/uploads\\\/2017\\\/09\\\/logo-correios-1.png\",\"contentUrl\":\"https:\\\/\\\/www.rastrearobjetos.com.br\\\/blog\\\/wp-content\\\/uploads\\\/2017\\\/09\\\/logo-correios-1.png\",\"width\":314,\"height\":49,\"caption\":\"Rastrear Objetos dos Correios\"},\"image\":{\"@id\":\"https:\\\/\\\/www.rastrearobjetos.com.br\\\/blog\\\/#\\\/schema\\\/logo\\\/image\\\/\"},\"sameAs\":[\"https:\\\/\\\/www.facebook.com\\\/RastreadorDeObjetos\",\"https:\\\/\\\/x.com\\\/rastrearobjetos\"]},{\"@type\":\"Person\",\"@id\":\"https:\\\/\\\/www.rastrearobjetos.com.br\\\/blog\\\/#\\\/schema\\\/person\\\/0ecfd4bb0e3d1a11c9de7b048f0beaaf\",\"name\":\"Rastreador de Objetos\",\"image\":{\"@type\":\"ImageObject\",\"inLanguage\":\"pt-BR\",\"@id\":\"https:\\\/\\\/secure.gravatar.com\\\/avatar\\\/87a6c926c997a0a931c9a06b1dc5dea49d1b1b8fcaf6f0acef031004169a5d76?s=96&d=mm&r=g\",\"url\":\"https:\\\/\\\/secure.gravatar.com\\\/avatar\\\/87a6c926c997a0a931c9a06b1dc5dea49d1b1b8fcaf6f0acef031004169a5d76?s=96&d=mm&r=g\",\"contentUrl\":\"https:\\\/\\\/secure.gravatar.com\\\/avatar\\\/87a6c926c997a0a931c9a06b1dc5dea49d1b1b8fcaf6f0acef031004169a5d76?s=96&d=mm&r=g\",\"caption\":\"Rastreador de Objetos\"},\"url\":\"https:\\\/\\\/www.rastrearobjetos.com.br\\\/blog\\\/author\\\/admin\"}]}<\/script>\n<!-- \/ Yoast SEO plugin. -->","yoast_head_json":{"title":"Nelter cobra reabertura dos Correios no munic\u00edpio Ouro Branco - Rastrear Correios","description":"Rastrear Objetos Correios. Rastreamento de sua Encomenda. Acompanhe todos os passos da sua entrega. R\u00e1pido, F\u00e1cil e Gr\u00e1tis. Receba notifica\u00e7\u00f5es atualizadas.","robots":{"index":"index","follow":"follow","max-snippet":"max-snippet:-1","max-image-preview":"max-image-preview:large","max-video-preview":"max-video-preview:-1"},"canonical":"https:\/\/www.rastrearobjetos.com.br\/blog\/noticias\/nelter-cobra-reabertura-dos-correios-no-municipio-ouro-branco.html","og_locale":"pt_BR","og_type":"article","og_title":"Nelter cobra reabertura dos Correios no munic\u00edpio Ouro Branco - Rastrear Correios","og_description":"Rastrear Objetos Correios. Rastreamento de sua Encomenda. Acompanhe todos os passos da sua entrega. R\u00e1pido, F\u00e1cil e Gr\u00e1tis. Receba notifica\u00e7\u00f5es atualizadas.","og_url":"https:\/\/www.rastrearobjetos.com.br\/blog\/noticias\/nelter-cobra-reabertura-dos-correios-no-municipio-ouro-branco.html","og_site_name":"Rastrear Correios","article_publisher":"https:\/\/www.facebook.com\/RastreadorDeObjetos","article_published_time":"2019-02-27T09:17:05+00:00","og_image":[{"width":768,"height":512,"url":"https:\/\/www.rastrearobjetos.com.br\/blog\/wp-content\/uploads\/2019\/02\/nelter-7-768x512.jpg","type":"image\/jpeg"}],"author":"Rastreador de Objetos","twitter_card":"summary_large_image","twitter_creator":"@rastrearobjetos","twitter_site":"@rastrearobjetos","twitter_misc":{"Escrito por":"Rastreador de Objetos","Est. tempo de leitura":"1 minuto"},"schema":{"@context":"https:\/\/schema.org","@graph":[{"@type":"Article","@id":"https:\/\/www.rastrearobjetos.com.br\/blog\/noticias\/nelter-cobra-reabertura-dos-correios-no-municipio-ouro-branco.html#article","isPartOf":{"@id":"https:\/\/www.rastrearobjetos.com.br\/blog\/noticias\/nelter-cobra-reabertura-dos-correios-no-municipio-ouro-branco.html"},"author":{"name":"Rastreador de Objetos","@id":"https:\/\/www.rastrearobjetos.com.br\/blog\/#\/schema\/person\/0ecfd4bb0e3d1a11c9de7b048f0beaaf"},"headline":"Nelter cobra reabertura dos Correios no munic\u00edpio Ouro Branco","datePublished":"2019-02-27T09:17:05+00:00","mainEntityOfPage":{"@id":"https:\/\/www.rastrearobjetos.com.br\/blog\/noticias\/nelter-cobra-reabertura-dos-correios-no-municipio-ouro-branco.html"},"wordCount":269,"commentCount":0,"publisher":{"@id":"https:\/\/www.rastrearobjetos.com.br\/blog\/#organization"},"image":{"@id":"https:\/\/www.rastrearobjetos.com.br\/blog\/noticias\/nelter-cobra-reabertura-dos-correios-no-municipio-ouro-branco.html#primaryimage"},"thumbnailUrl":"https:\/\/www.rastrearobjetos.com.br\/blog\/wp-content\/uploads\/2019\/02\/nelter-7-768x512.jpg","keywords":["Anatel","Bom Jesus","bradesco","Cai\u00e7ara","Ouro Branco","rio grande do norte","Santana do Matos","Serid\u00f3","TIM"],"articleSection":["Not\u00edcias"],"inLanguage":"pt-BR","potentialAction":[{"@type":"CommentAction","name":"Comment","target":["https:\/\/www.rastrearobjetos.com.br\/blog\/noticias\/nelter-cobra-reabertura-dos-correios-no-municipio-ouro-branco.html#respond"]}]},{"@type":"WebPage","@id":"https:\/\/www.rastrearobjetos.com.br\/blog\/noticias\/nelter-cobra-reabertura-dos-correios-no-municipio-ouro-branco.html","url":"https:\/\/www.rastrearobjetos.com.br\/blog\/noticias\/nelter-cobra-reabertura-dos-correios-no-municipio-ouro-branco.html","name":"Nelter cobra reabertura dos Correios no munic\u00edpio Ouro Branco - Rastrear Correios","isPartOf":{"@id":"https:\/\/www.rastrearobjetos.com.br\/blog\/#website"},"primaryImageOfPage":{"@id":"https:\/\/www.rastrearobjetos.com.br\/blog\/noticias\/nelter-cobra-reabertura-dos-correios-no-municipio-ouro-branco.html#primaryimage"},"image":{"@id":"https:\/\/www.rastrearobjetos.com.br\/blog\/noticias\/nelter-cobra-reabertura-dos-correios-no-municipio-ouro-branco.html#primaryimage"},"thumbnailUrl":"https:\/\/www.rastrearobjetos.com.br\/blog\/wp-content\/uploads\/2019\/02\/nelter-7-768x512.jpg","datePublished":"2019-02-27T09:17:05+00:00","description":"Rastrear Objetos Correios. Rastreamento de sua Encomenda. Acompanhe todos os passos da sua entrega. R\u00e1pido, F\u00e1cil e Gr\u00e1tis. Receba notifica\u00e7\u00f5es atualizadas.","breadcrumb":{"@id":"https:\/\/www.rastrearobjetos.com.br\/blog\/noticias\/nelter-cobra-reabertura-dos-correios-no-municipio-ouro-branco.html#breadcrumb"},"inLanguage":"pt-BR","potentialAction":[{"@type":"ReadAction","target":["https:\/\/www.rastrearobjetos.com.br\/blog\/noticias\/nelter-cobra-reabertura-dos-correios-no-municipio-ouro-branco.html"]}]},{"@type":"ImageObject","inLanguage":"pt-BR","@id":"https:\/\/www.rastrearobjetos.com.br\/blog\/noticias\/nelter-cobra-reabertura-dos-correios-no-municipio-ouro-branco.html#primaryimage","url":"https:\/\/www.rastrearobjetos.com.br\/blog\/wp-content\/uploads\/2019\/02\/nelter-7-768x512.jpg","contentUrl":"https:\/\/www.rastrearobjetos.com.br\/blog\/wp-content\/uploads\/2019\/02\/nelter-7-768x512.jpg","width":768,"height":512,"caption":"Nelter cobra reabertura dos Correios na cidade de Ouro Branco"},{"@type":"BreadcrumbList","@id":"https:\/\/www.rastrearobjetos.com.br\/blog\/noticias\/nelter-cobra-reabertura-dos-correios-no-municipio-ouro-branco.html#breadcrumb","itemListElement":[{"@type":"ListItem","position":1,"name":"In\u00edcio","item":"https:\/\/www.rastrearobjetos.com.br\/blog\/"},{"@type":"ListItem","position":2,"name":"Not\u00edcias","item":"https:\/\/www.rastrearobjetos.com.br\/blog\/categoria\/noticias"},{"@type":"ListItem","position":3,"name":"Nelter cobra reabertura dos Correios no munic\u00edpio Ouro Branco"}]},{"@type":"WebSite","@id":"https:\/\/www.rastrearobjetos.com.br\/blog\/#website","url":"https:\/\/www.rastrearobjetos.com.br\/blog\/","name":"Rastrear Correios","description":"Blog do Rastreador dos Correios","publisher":{"@id":"https:\/\/www.rastrearobjetos.com.br\/blog\/#organization"},"potentialAction":[{"@type":"SearchAction","target":{"@type":"EntryPoint","urlTemplate":"https:\/\/www.rastrearobjetos.com.br\/blog\/?s={search_term_string}"},"query-input":{"@type":"PropertyValueSpecification","valueRequired":true,"valueName":"search_term_string"}}],"inLanguage":"pt-BR"},{"@type":"Organization","@id":"https:\/\/www.rastrearobjetos.com.br\/blog\/#organization","name":"Rastrear Objetos dos Correios","url":"https:\/\/www.rastrearobjetos.com.br\/blog\/","logo":{"@type":"ImageObject","inLanguage":"pt-BR","@id":"https:\/\/www.rastrearobjetos.com.br\/blog\/#\/schema\/logo\/image\/","url":"https:\/\/www.rastrearobjetos.com.br\/blog\/wp-content\/uploads\/2017\/09\/logo-correios-1.png","contentUrl":"https:\/\/www.rastrearobjetos.com.br\/blog\/wp-content\/uploads\/2017\/09\/logo-correios-1.png","width":314,"height":49,"caption":"Rastrear Objetos dos Correios"},"image":{"@id":"https:\/\/www.rastrearobjetos.com.br\/blog\/#\/schema\/logo\/image\/"},"sameAs":["https:\/\/www.facebook.com\/RastreadorDeObjetos","https:\/\/x.com\/rastrearobjetos"]},{"@type":"Person","@id":"https:\/\/www.rastrearobjetos.com.br\/blog\/#\/schema\/person\/0ecfd4bb0e3d1a11c9de7b048f0beaaf","name":"Rastreador de Objetos","image":{"@type":"ImageObject","inLanguage":"pt-BR","@id":"https:\/\/secure.gravatar.com\/avatar\/87a6c926c997a0a931c9a06b1dc5dea49d1b1b8fcaf6f0acef031004169a5d76?s=96&d=mm&r=g","url":"https:\/\/secure.gravatar.com\/avatar\/87a6c926c997a0a931c9a06b1dc5dea49d1b1b8fcaf6f0acef031004169a5d76?s=96&d=mm&r=g","contentUrl":"https:\/\/secure.gravatar.com\/avatar\/87a6c926c997a0a931c9a06b1dc5dea49d1b1b8fcaf6f0acef031004169a5d76?s=96&d=mm&r=g","caption":"Rastreador de Objetos"},"url":"https:\/\/www.rastrearobjetos.com.br\/blog\/author\/admin"}]}},"amp_enabled":true,"_links":{"self":[{"href":"https:\/\/www.rastrearobjetos.com.br\/blog\/wp-json\/wp\/v2\/posts\/1510","targetHints":{"allow":["GET"]}}],"collection":[{"href":"https:\/\/www.rastrearobjetos.com.br\/blog\/wp-json\/wp\/v2\/posts"}],"about":[{"href":"https:\/\/www.rastrearobjetos.com.br\/blog\/wp-json\/wp\/v2\/types\/post"}],"author":[{"embeddable":true,"href":"https:\/\/www.rastrearobjetos.com.br\/blog\/wp-json\/wp\/v2\/users\/1"}],"replies":[{"embeddable":true,"href":"https:\/\/www.rastrearobjetos.com.br\/blog\/wp-json\/wp\/v2\/comments?post=1510"}],"version-history":[{"count":1,"href":"https:\/\/www.rastrearobjetos.com.br\/blog\/wp-json\/wp\/v2\/posts\/1510\/revisions"}],"predecessor-version":[{"id":1512,"href":"https:\/\/www.rastrearobjetos.com.br\/blog\/wp-json\/wp\/v2\/posts\/1510\/revisions\/1512"}],"wp:featuredmedia":[{"embeddable":true,"href":"https:\/\/www.rastrearobjetos.com.br\/blog\/wp-json\/wp\/v2\/media\/1511"}],"wp:attachment":[{"href":"https:\/\/www.rastrearobjetos.com.br\/blog\/wp-json\/wp\/v2\/media?parent=1510"}],"wp:term":[{"taxonomy":"category","embeddable":true,"href":"https:\/\/www.rastrearobjetos.com.br\/blog\/wp-json\/wp\/v2\/categories?post=1510"},{"taxonomy":"post_tag","embeddable":true,"href":"https:\/\/www.rastrearobjetos.com.br\/blog\/wp-json\/wp\/v2\/tags?post=1510"}],"curies":[{"name":"wp","href":"https:\/\/api.w.org\/{rel}","templated":true}]}}