{"id":154,"date":"2017-08-14T21:55:45","date_gmt":"2017-08-15T00:55:45","guid":{"rendered":"http:\/\/www.rastrearobjetos.com.br\/blog\/?p=154"},"modified":"2017-08-14T21:56:02","modified_gmt":"2017-08-15T00:56:02","slug":"correios-vai-lancar-selo-comemorativo-pelos-70-anos-da-camara-de-vereadores-de-jp","status":"publish","type":"post","link":"https:\/\/www.rastrearobjetos.com.br\/blog\/noticias\/correios-vai-lancar-selo-comemorativo-pelos-70-anos-da-camara-de-vereadores-de-jp.html","title":{"rendered":"Correios vai lan\u00e7ar selo comemorativo pelos 70 anos da C\u00e2mara de Vereadores de JP"},"content":{"rendered":"<p>A <a href=\"https:\/\/www.rastrearobjetos.com.br\/blog\/tags\/camara\" title=\"C\u00e2mara\">C\u00e2mara<\/a> de <a href=\"https:\/\/www.rastrearobjetos.com.br\/blog\/tags\/joao-pessoa\" title=\"Jo\u00e3o Pessoa\">Jo\u00e3o Pessoa<\/a> celebrou, nesta segunda-feira (14), uma parceria com a <em>Empresa Brasileira de Correios e Tel\u00e9grafos<\/em> para confeccionar um <a href=\"https:\/\/www.rastrearobjetos.com.br\/blog\/tags\/selo\" title=\"selo\">selo<\/a> postal <a href=\"https:\/\/www.rastrearobjetos.com.br\/blog\/tags\/comemorativo\" title=\"comemorativo\">comemorativo<\/a> pelos <strong>70 anos do Legislativo pessoense<\/strong>. O <a href=\"https:\/\/www.rastrearobjetos.com.br\/blog\/tags\/selo\" title=\"selo\">selo<\/a> \u00e9 uma das muitas a\u00e7\u00f5es que o legislativo pessoense est\u00e1 desenvolvendo para marcar a data, cujo anivers\u00e1rio ser\u00e1 em novembro.<\/p>\n<p>A Mesa Diretora da <a href=\"https:\/\/www.rastrearobjetos.com.br\/blog\/tags\/camara\" title=\"C\u00e2mara\">C\u00e2mara<\/a>, na pessoa do presidente Marcos Vin\u00edcius (<strong>PSDB<\/strong>), recebeu o novo superintendente dos Correios na Para\u00edba, Alfredo Fernandes Filho, e o gerente de vendas da empresa, Sanderli Jos\u00e9 da Silva. Na presen\u00e7a dos <a href=\"https:\/\/www.rastrearobjetos.com.br\/blog\/tags\/vereadores\" title=\"vereadores\">vereadores<\/a> Milanez Neto (<strong>PTB<\/strong>) e Bispo Jos\u00e9 Lu\u00eds (<strong>PRB<\/strong>), do diretor geral, Carlos Santos, do procurador da <a href=\"https:\/\/www.rastrearobjetos.com.br\/blog\/tags\/camara\" title=\"C\u00e2mara\">C\u00e2mara<\/a>, Ant\u00f4nio Paulo Rolim e do integrante da Comiss\u00e3o 70 Anos, Juca Pontes, a <a href=\"https:\/\/www.rastrearobjetos.com.br\/blog\/tags\/camara\" title=\"C\u00e2mara\">C\u00e2mara<\/a> fechou a confec\u00e7\u00e3o do <a href=\"https:\/\/www.rastrearobjetos.com.br\/blog\/tags\/selo\" title=\"selo\">selo<\/a> e tamb\u00e9m de um carimbo <a href=\"https:\/\/www.rastrearobjetos.com.br\/blog\/tags\/comemorativo\" title=\"comemorativo\">comemorativo<\/a>.<\/p>\n<p>A celebra\u00e7\u00e3o pelos 70 anos da <a href=\"https:\/\/www.rastrearobjetos.com.br\/blog\/tags\/camara\" title=\"C\u00e2mara\">C\u00e2mara<\/a> inclui, al\u00e9m de <a href=\"https:\/\/www.rastrearobjetos.com.br\/blog\/tags\/selo\" title=\"selo\">selo<\/a> e carimbo, livro, pe\u00e7a de teatro e uma s\u00e9rie de televis\u00e3o, que come\u00e7ou a ser exibida esta semana pela TV <a href=\"https:\/\/www.rastrearobjetos.com.br\/blog\/tags\/camara\" title=\"C\u00e2mara\">C\u00e2mara<\/a> JP, entre outras iniciativas.<\/p>\n","protected":false},"excerpt":{"rendered":"<p>A C\u00e2mara de Jo\u00e3o Pessoa celebrou, nesta segunda-feira (14), uma parceria com a Empresa Brasileira de Correios e Tel\u00e9grafos para confeccionar um selo postal comemorativo pelos 70 anos do Legislativo pessoense. O selo \u00e9 uma das muitas a\u00e7\u00f5es que o legislativo pessoense est\u00e1 desenvolvendo para marcar a data, cujo anivers\u00e1rio ser\u00e1 em novembro. A Mesa [&hellip;]<\/p>\n","protected":false},"author":1,"featured_media":155,"comment_status":"open","ping_status":"open","sticky":false,"template":"","format":"standard","meta":{"footnotes":""},"categories":[25],"tags":[188,187,190,186,189],"class_list":["post-154","post","type-post","status-publish","format-standard","has-post-thumbnail","hentry","category-noticias","tag-camara","tag-comemorativo","tag-joao-pessoa","tag-selo","tag-vereadores"],"yoast_head":"<!-- This site is optimized with the Yoast SEO plugin v27.4 - https:\/\/yoast.com\/product\/yoast-seo-wordpress\/ -->\n<title>Correios vai lan\u00e7ar selo comemorativo pelos 70 anos da C\u00e2mara de Vereadores de JP - Rastrear Correios<\/title>\n<meta name=\"description\" content=\"Rastrear Objetos Correios. Rastreamento de sua Encomenda. Acompanhe todos os passos da sua entrega. R\u00e1pido, F\u00e1cil e Gr\u00e1tis. Receba notifica\u00e7\u00f5es atualizadas.\" \/>\n<meta name=\"robots\" content=\"index, follow, max-snippet:-1, max-image-preview:large, max-video-preview:-1\" \/>\n<link rel=\"canonical\" href=\"https:\/\/www.rastrearobjetos.com.br\/blog\/noticias\/correios-vai-lancar-selo-comemorativo-pelos-70-anos-da-camara-de-vereadores-de-jp.html\" \/>\n<meta property=\"og:locale\" content=\"pt_BR\" \/>\n<meta property=\"og:type\" content=\"article\" \/>\n<meta property=\"og:title\" content=\"Correios vai lan\u00e7ar selo comemorativo pelos 70 anos da C\u00e2mara de Vereadores de JP - Rastrear Correios\" \/>\n<meta property=\"og:description\" content=\"Rastrear Objetos Correios. Rastreamento de sua Encomenda. Acompanhe todos os passos da sua entrega. R\u00e1pido, F\u00e1cil e Gr\u00e1tis. Receba notifica\u00e7\u00f5es atualizadas.\" \/>\n<meta property=\"og:url\" content=\"https:\/\/www.rastrearobjetos.com.br\/blog\/noticias\/correios-vai-lancar-selo-comemorativo-pelos-70-anos-da-camara-de-vereadores-de-jp.html\" \/>\n<meta property=\"og:site_name\" content=\"Rastrear Correios\" \/>\n<meta property=\"article:publisher\" content=\"https:\/\/www.facebook.com\/RastreadorDeObjetos\" \/>\n<meta property=\"article:published_time\" content=\"2017-08-15T00:55:45+00:00\" \/>\n<meta property=\"article:modified_time\" content=\"2017-08-15T00:56:02+00:00\" \/>\n<meta property=\"og:image\" content=\"https:\/\/www.rastrearobjetos.com.br\/blog\/wp-content\/uploads\/2017\/08\/selo-comemorativo-correios.jpg\" \/>\n\t<meta property=\"og:image:width\" content=\"800\" \/>\n\t<meta property=\"og:image:height\" content=\"533\" \/>\n\t<meta property=\"og:image:type\" content=\"image\/jpeg\" \/>\n<meta name=\"author\" content=\"Rastreador de Objetos\" \/>\n<meta name=\"twitter:card\" content=\"summary_large_image\" \/>\n<meta name=\"twitter:creator\" content=\"@rastrearobjetos\" \/>\n<meta name=\"twitter:site\" content=\"@rastrearobjetos\" \/>\n<meta name=\"twitter:label1\" content=\"Escrito por\" \/>\n\t<meta name=\"twitter:data1\" content=\"Rastreador de Objetos\" \/>\n\t<meta name=\"twitter:label2\" content=\"Est. tempo de leitura\" \/>\n\t<meta name=\"twitter:data2\" content=\"1 minuto\" \/>\n<script type=\"application\/ld+json\" class=\"yoast-schema-graph\">{\"@context\":\"https:\\\/\\\/schema.org\",\"@graph\":[{\"@type\":\"Article\",\"@id\":\"https:\\\/\\\/www.rastrearobjetos.com.br\\\/blog\\\/noticias\\\/correios-vai-lancar-selo-comemorativo-pelos-70-anos-da-camara-de-vereadores-de-jp.html#article\",\"isPartOf\":{\"@id\":\"https:\\\/\\\/www.rastrearobjetos.com.br\\\/blog\\\/noticias\\\/correios-vai-lancar-selo-comemorativo-pelos-70-anos-da-camara-de-vereadores-de-jp.html\"},\"author\":{\"name\":\"Rastreador de Objetos\",\"@id\":\"https:\\\/\\\/www.rastrearobjetos.com.br\\\/blog\\\/#\\\/schema\\\/person\\\/0ecfd4bb0e3d1a11c9de7b048f0beaaf\"},\"headline\":\"Correios vai lan\u00e7ar selo comemorativo pelos 70 anos da C\u00e2mara de Vereadores de JP\",\"datePublished\":\"2017-08-15T00:55:45+00:00\",\"dateModified\":\"2017-08-15T00:56:02+00:00\",\"mainEntityOfPage\":{\"@id\":\"https:\\\/\\\/www.rastrearobjetos.com.br\\\/blog\\\/noticias\\\/correios-vai-lancar-selo-comemorativo-pelos-70-anos-da-camara-de-vereadores-de-jp.html\"},\"wordCount\":203,\"commentCount\":0,\"publisher\":{\"@id\":\"https:\\\/\\\/www.rastrearobjetos.com.br\\\/blog\\\/#organization\"},\"image\":{\"@id\":\"https:\\\/\\\/www.rastrearobjetos.com.br\\\/blog\\\/noticias\\\/correios-vai-lancar-selo-comemorativo-pelos-70-anos-da-camara-de-vereadores-de-jp.html#primaryimage\"},\"thumbnailUrl\":\"https:\\\/\\\/www.rastrearobjetos.com.br\\\/blog\\\/wp-content\\\/uploads\\\/2017\\\/08\\\/selo-comemorativo-correios.jpg\",\"keywords\":[\"c\u00e2mara\",\"comemorativo\",\"jo\u00e3o pessoa\",\"selo\",\"vereadores\"],\"articleSection\":[\"Not\u00edcias\"],\"inLanguage\":\"pt-BR\",\"potentialAction\":[{\"@type\":\"CommentAction\",\"name\":\"Comment\",\"target\":[\"https:\\\/\\\/www.rastrearobjetos.com.br\\\/blog\\\/noticias\\\/correios-vai-lancar-selo-comemorativo-pelos-70-anos-da-camara-de-vereadores-de-jp.html#respond\"]}]},{\"@type\":\"WebPage\",\"@id\":\"https:\\\/\\\/www.rastrearobjetos.com.br\\\/blog\\\/noticias\\\/correios-vai-lancar-selo-comemorativo-pelos-70-anos-da-camara-de-vereadores-de-jp.html\",\"url\":\"https:\\\/\\\/www.rastrearobjetos.com.br\\\/blog\\\/noticias\\\/correios-vai-lancar-selo-comemorativo-pelos-70-anos-da-camara-de-vereadores-de-jp.html\",\"name\":\"Correios vai lan\u00e7ar selo comemorativo pelos 70 anos da C\u00e2mara de Vereadores de JP - Rastrear Correios\",\"isPartOf\":{\"@id\":\"https:\\\/\\\/www.rastrearobjetos.com.br\\\/blog\\\/#website\"},\"primaryImageOfPage\":{\"@id\":\"https:\\\/\\\/www.rastrearobjetos.com.br\\\/blog\\\/noticias\\\/correios-vai-lancar-selo-comemorativo-pelos-70-anos-da-camara-de-vereadores-de-jp.html#primaryimage\"},\"image\":{\"@id\":\"https:\\\/\\\/www.rastrearobjetos.com.br\\\/blog\\\/noticias\\\/correios-vai-lancar-selo-comemorativo-pelos-70-anos-da-camara-de-vereadores-de-jp.html#primaryimage\"},\"thumbnailUrl\":\"https:\\\/\\\/www.rastrearobjetos.com.br\\\/blog\\\/wp-content\\\/uploads\\\/2017\\\/08\\\/selo-comemorativo-correios.jpg\",\"datePublished\":\"2017-08-15T00:55:45+00:00\",\"dateModified\":\"2017-08-15T00:56:02+00:00\",\"description\":\"Rastrear Objetos Correios. Rastreamento de sua Encomenda. Acompanhe todos os passos da sua entrega. R\u00e1pido, F\u00e1cil e Gr\u00e1tis. Receba notifica\u00e7\u00f5es atualizadas.\",\"breadcrumb\":{\"@id\":\"https:\\\/\\\/www.rastrearobjetos.com.br\\\/blog\\\/noticias\\\/correios-vai-lancar-selo-comemorativo-pelos-70-anos-da-camara-de-vereadores-de-jp.html#breadcrumb\"},\"inLanguage\":\"pt-BR\",\"potentialAction\":[{\"@type\":\"ReadAction\",\"target\":[\"https:\\\/\\\/www.rastrearobjetos.com.br\\\/blog\\\/noticias\\\/correios-vai-lancar-selo-comemorativo-pelos-70-anos-da-camara-de-vereadores-de-jp.html\"]}]},{\"@type\":\"ImageObject\",\"inLanguage\":\"pt-BR\",\"@id\":\"https:\\\/\\\/www.rastrearobjetos.com.br\\\/blog\\\/noticias\\\/correios-vai-lancar-selo-comemorativo-pelos-70-anos-da-camara-de-vereadores-de-jp.html#primaryimage\",\"url\":\"https:\\\/\\\/www.rastrearobjetos.com.br\\\/blog\\\/wp-content\\\/uploads\\\/2017\\\/08\\\/selo-comemorativo-correios.jpg\",\"contentUrl\":\"https:\\\/\\\/www.rastrearobjetos.com.br\\\/blog\\\/wp-content\\\/uploads\\\/2017\\\/08\\\/selo-comemorativo-correios.jpg\",\"width\":800,\"height\":533,\"caption\":\"Correios vai lan\u00e7ar selo comemorativo pelos 70 anos da C\u00e2mara de Vereadores de JP\"},{\"@type\":\"BreadcrumbList\",\"@id\":\"https:\\\/\\\/www.rastrearobjetos.com.br\\\/blog\\\/noticias\\\/correios-vai-lancar-selo-comemorativo-pelos-70-anos-da-camara-de-vereadores-de-jp.html#breadcrumb\",\"itemListElement\":[{\"@type\":\"ListItem\",\"position\":1,\"name\":\"In\u00edcio\",\"item\":\"https:\\\/\\\/www.rastrearobjetos.com.br\\\/blog\\\/\"},{\"@type\":\"ListItem\",\"position\":2,\"name\":\"Not\u00edcias\",\"item\":\"https:\\\/\\\/www.rastrearobjetos.com.br\\\/blog\\\/categoria\\\/noticias\"},{\"@type\":\"ListItem\",\"position\":3,\"name\":\"Correios vai lan\u00e7ar selo comemorativo pelos 70 anos da C\u00e2mara de Vereadores de JP\"}]},{\"@type\":\"WebSite\",\"@id\":\"https:\\\/\\\/www.rastrearobjetos.com.br\\\/blog\\\/#website\",\"url\":\"https:\\\/\\\/www.rastrearobjetos.com.br\\\/blog\\\/\",\"name\":\"Rastrear Correios\",\"description\":\"Blog do Rastreador dos Correios\",\"publisher\":{\"@id\":\"https:\\\/\\\/www.rastrearobjetos.com.br\\\/blog\\\/#organization\"},\"potentialAction\":[{\"@type\":\"SearchAction\",\"target\":{\"@type\":\"EntryPoint\",\"urlTemplate\":\"https:\\\/\\\/www.rastrearobjetos.com.br\\\/blog\\\/?s={search_term_string}\"},\"query-input\":{\"@type\":\"PropertyValueSpecification\",\"valueRequired\":true,\"valueName\":\"search_term_string\"}}],\"inLanguage\":\"pt-BR\"},{\"@type\":\"Organization\",\"@id\":\"https:\\\/\\\/www.rastrearobjetos.com.br\\\/blog\\\/#organization\",\"name\":\"Rastrear Objetos dos Correios\",\"url\":\"https:\\\/\\\/www.rastrearobjetos.com.br\\\/blog\\\/\",\"logo\":{\"@type\":\"ImageObject\",\"inLanguage\":\"pt-BR\",\"@id\":\"https:\\\/\\\/www.rastrearobjetos.com.br\\\/blog\\\/#\\\/schema\\\/logo\\\/image\\\/\",\"url\":\"https:\\\/\\\/www.rastrearobjetos.com.br\\\/blog\\\/wp-content\\\/uploads\\\/2017\\\/09\\\/logo-correios-1.png\",\"contentUrl\":\"https:\\\/\\\/www.rastrearobjetos.com.br\\\/blog\\\/wp-content\\\/uploads\\\/2017\\\/09\\\/logo-correios-1.png\",\"width\":314,\"height\":49,\"caption\":\"Rastrear Objetos dos Correios\"},\"image\":{\"@id\":\"https:\\\/\\\/www.rastrearobjetos.com.br\\\/blog\\\/#\\\/schema\\\/logo\\\/image\\\/\"},\"sameAs\":[\"https:\\\/\\\/www.facebook.com\\\/RastreadorDeObjetos\",\"https:\\\/\\\/x.com\\\/rastrearobjetos\"]},{\"@type\":\"Person\",\"@id\":\"https:\\\/\\\/www.rastrearobjetos.com.br\\\/blog\\\/#\\\/schema\\\/person\\\/0ecfd4bb0e3d1a11c9de7b048f0beaaf\",\"name\":\"Rastreador de Objetos\",\"image\":{\"@type\":\"ImageObject\",\"inLanguage\":\"pt-BR\",\"@id\":\"https:\\\/\\\/secure.gravatar.com\\\/avatar\\\/87a6c926c997a0a931c9a06b1dc5dea49d1b1b8fcaf6f0acef031004169a5d76?s=96&d=mm&r=g\",\"url\":\"https:\\\/\\\/secure.gravatar.com\\\/avatar\\\/87a6c926c997a0a931c9a06b1dc5dea49d1b1b8fcaf6f0acef031004169a5d76?s=96&d=mm&r=g\",\"contentUrl\":\"https:\\\/\\\/secure.gravatar.com\\\/avatar\\\/87a6c926c997a0a931c9a06b1dc5dea49d1b1b8fcaf6f0acef031004169a5d76?s=96&d=mm&r=g\",\"caption\":\"Rastreador de Objetos\"},\"url\":\"https:\\\/\\\/www.rastrearobjetos.com.br\\\/blog\\\/author\\\/admin\"}]}<\/script>\n<!-- \/ Yoast SEO plugin. -->","yoast_head_json":{"title":"Correios vai lan\u00e7ar selo comemorativo pelos 70 anos da C\u00e2mara de Vereadores de JP - Rastrear Correios","description":"Rastrear Objetos Correios. Rastreamento de sua Encomenda. Acompanhe todos os passos da sua entrega. R\u00e1pido, F\u00e1cil e Gr\u00e1tis. Receba notifica\u00e7\u00f5es atualizadas.","robots":{"index":"index","follow":"follow","max-snippet":"max-snippet:-1","max-image-preview":"max-image-preview:large","max-video-preview":"max-video-preview:-1"},"canonical":"https:\/\/www.rastrearobjetos.com.br\/blog\/noticias\/correios-vai-lancar-selo-comemorativo-pelos-70-anos-da-camara-de-vereadores-de-jp.html","og_locale":"pt_BR","og_type":"article","og_title":"Correios vai lan\u00e7ar selo comemorativo pelos 70 anos da C\u00e2mara de Vereadores de JP - Rastrear Correios","og_description":"Rastrear Objetos Correios. Rastreamento de sua Encomenda. Acompanhe todos os passos da sua entrega. R\u00e1pido, F\u00e1cil e Gr\u00e1tis. Receba notifica\u00e7\u00f5es atualizadas.","og_url":"https:\/\/www.rastrearobjetos.com.br\/blog\/noticias\/correios-vai-lancar-selo-comemorativo-pelos-70-anos-da-camara-de-vereadores-de-jp.html","og_site_name":"Rastrear Correios","article_publisher":"https:\/\/www.facebook.com\/RastreadorDeObjetos","article_published_time":"2017-08-15T00:55:45+00:00","article_modified_time":"2017-08-15T00:56:02+00:00","og_image":[{"width":800,"height":533,"url":"https:\/\/www.rastrearobjetos.com.br\/blog\/wp-content\/uploads\/2017\/08\/selo-comemorativo-correios.jpg","type":"image\/jpeg"}],"author":"Rastreador de Objetos","twitter_card":"summary_large_image","twitter_creator":"@rastrearobjetos","twitter_site":"@rastrearobjetos","twitter_misc":{"Escrito por":"Rastreador de Objetos","Est. tempo de leitura":"1 minuto"},"schema":{"@context":"https:\/\/schema.org","@graph":[{"@type":"Article","@id":"https:\/\/www.rastrearobjetos.com.br\/blog\/noticias\/correios-vai-lancar-selo-comemorativo-pelos-70-anos-da-camara-de-vereadores-de-jp.html#article","isPartOf":{"@id":"https:\/\/www.rastrearobjetos.com.br\/blog\/noticias\/correios-vai-lancar-selo-comemorativo-pelos-70-anos-da-camara-de-vereadores-de-jp.html"},"author":{"name":"Rastreador de Objetos","@id":"https:\/\/www.rastrearobjetos.com.br\/blog\/#\/schema\/person\/0ecfd4bb0e3d1a11c9de7b048f0beaaf"},"headline":"Correios vai lan\u00e7ar selo comemorativo pelos 70 anos da C\u00e2mara de Vereadores de JP","datePublished":"2017-08-15T00:55:45+00:00","dateModified":"2017-08-15T00:56:02+00:00","mainEntityOfPage":{"@id":"https:\/\/www.rastrearobjetos.com.br\/blog\/noticias\/correios-vai-lancar-selo-comemorativo-pelos-70-anos-da-camara-de-vereadores-de-jp.html"},"wordCount":203,"commentCount":0,"publisher":{"@id":"https:\/\/www.rastrearobjetos.com.br\/blog\/#organization"},"image":{"@id":"https:\/\/www.rastrearobjetos.com.br\/blog\/noticias\/correios-vai-lancar-selo-comemorativo-pelos-70-anos-da-camara-de-vereadores-de-jp.html#primaryimage"},"thumbnailUrl":"https:\/\/www.rastrearobjetos.com.br\/blog\/wp-content\/uploads\/2017\/08\/selo-comemorativo-correios.jpg","keywords":["c\u00e2mara","comemorativo","jo\u00e3o pessoa","selo","vereadores"],"articleSection":["Not\u00edcias"],"inLanguage":"pt-BR","potentialAction":[{"@type":"CommentAction","name":"Comment","target":["https:\/\/www.rastrearobjetos.com.br\/blog\/noticias\/correios-vai-lancar-selo-comemorativo-pelos-70-anos-da-camara-de-vereadores-de-jp.html#respond"]}]},{"@type":"WebPage","@id":"https:\/\/www.rastrearobjetos.com.br\/blog\/noticias\/correios-vai-lancar-selo-comemorativo-pelos-70-anos-da-camara-de-vereadores-de-jp.html","url":"https:\/\/www.rastrearobjetos.com.br\/blog\/noticias\/correios-vai-lancar-selo-comemorativo-pelos-70-anos-da-camara-de-vereadores-de-jp.html","name":"Correios vai lan\u00e7ar selo comemorativo pelos 70 anos da C\u00e2mara de Vereadores de JP - Rastrear Correios","isPartOf":{"@id":"https:\/\/www.rastrearobjetos.com.br\/blog\/#website"},"primaryImageOfPage":{"@id":"https:\/\/www.rastrearobjetos.com.br\/blog\/noticias\/correios-vai-lancar-selo-comemorativo-pelos-70-anos-da-camara-de-vereadores-de-jp.html#primaryimage"},"image":{"@id":"https:\/\/www.rastrearobjetos.com.br\/blog\/noticias\/correios-vai-lancar-selo-comemorativo-pelos-70-anos-da-camara-de-vereadores-de-jp.html#primaryimage"},"thumbnailUrl":"https:\/\/www.rastrearobjetos.com.br\/blog\/wp-content\/uploads\/2017\/08\/selo-comemorativo-correios.jpg","datePublished":"2017-08-15T00:55:45+00:00","dateModified":"2017-08-15T00:56:02+00:00","description":"Rastrear Objetos Correios. Rastreamento de sua Encomenda. Acompanhe todos os passos da sua entrega. R\u00e1pido, F\u00e1cil e Gr\u00e1tis. Receba notifica\u00e7\u00f5es atualizadas.","breadcrumb":{"@id":"https:\/\/www.rastrearobjetos.com.br\/blog\/noticias\/correios-vai-lancar-selo-comemorativo-pelos-70-anos-da-camara-de-vereadores-de-jp.html#breadcrumb"},"inLanguage":"pt-BR","potentialAction":[{"@type":"ReadAction","target":["https:\/\/www.rastrearobjetos.com.br\/blog\/noticias\/correios-vai-lancar-selo-comemorativo-pelos-70-anos-da-camara-de-vereadores-de-jp.html"]}]},{"@type":"ImageObject","inLanguage":"pt-BR","@id":"https:\/\/www.rastrearobjetos.com.br\/blog\/noticias\/correios-vai-lancar-selo-comemorativo-pelos-70-anos-da-camara-de-vereadores-de-jp.html#primaryimage","url":"https:\/\/www.rastrearobjetos.com.br\/blog\/wp-content\/uploads\/2017\/08\/selo-comemorativo-correios.jpg","contentUrl":"https:\/\/www.rastrearobjetos.com.br\/blog\/wp-content\/uploads\/2017\/08\/selo-comemorativo-correios.jpg","width":800,"height":533,"caption":"Correios vai lan\u00e7ar selo comemorativo pelos 70 anos da C\u00e2mara de Vereadores de JP"},{"@type":"BreadcrumbList","@id":"https:\/\/www.rastrearobjetos.com.br\/blog\/noticias\/correios-vai-lancar-selo-comemorativo-pelos-70-anos-da-camara-de-vereadores-de-jp.html#breadcrumb","itemListElement":[{"@type":"ListItem","position":1,"name":"In\u00edcio","item":"https:\/\/www.rastrearobjetos.com.br\/blog\/"},{"@type":"ListItem","position":2,"name":"Not\u00edcias","item":"https:\/\/www.rastrearobjetos.com.br\/blog\/categoria\/noticias"},{"@type":"ListItem","position":3,"name":"Correios vai lan\u00e7ar selo comemorativo pelos 70 anos da C\u00e2mara de Vereadores de JP"}]},{"@type":"WebSite","@id":"https:\/\/www.rastrearobjetos.com.br\/blog\/#website","url":"https:\/\/www.rastrearobjetos.com.br\/blog\/","name":"Rastrear Correios","description":"Blog do Rastreador dos Correios","publisher":{"@id":"https:\/\/www.rastrearobjetos.com.br\/blog\/#organization"},"potentialAction":[{"@type":"SearchAction","target":{"@type":"EntryPoint","urlTemplate":"https:\/\/www.rastrearobjetos.com.br\/blog\/?s={search_term_string}"},"query-input":{"@type":"PropertyValueSpecification","valueRequired":true,"valueName":"search_term_string"}}],"inLanguage":"pt-BR"},{"@type":"Organization","@id":"https:\/\/www.rastrearobjetos.com.br\/blog\/#organization","name":"Rastrear Objetos dos Correios","url":"https:\/\/www.rastrearobjetos.com.br\/blog\/","logo":{"@type":"ImageObject","inLanguage":"pt-BR","@id":"https:\/\/www.rastrearobjetos.com.br\/blog\/#\/schema\/logo\/image\/","url":"https:\/\/www.rastrearobjetos.com.br\/blog\/wp-content\/uploads\/2017\/09\/logo-correios-1.png","contentUrl":"https:\/\/www.rastrearobjetos.com.br\/blog\/wp-content\/uploads\/2017\/09\/logo-correios-1.png","width":314,"height":49,"caption":"Rastrear Objetos dos Correios"},"image":{"@id":"https:\/\/www.rastrearobjetos.com.br\/blog\/#\/schema\/logo\/image\/"},"sameAs":["https:\/\/www.facebook.com\/RastreadorDeObjetos","https:\/\/x.com\/rastrearobjetos"]},{"@type":"Person","@id":"https:\/\/www.rastrearobjetos.com.br\/blog\/#\/schema\/person\/0ecfd4bb0e3d1a11c9de7b048f0beaaf","name":"Rastreador de Objetos","image":{"@type":"ImageObject","inLanguage":"pt-BR","@id":"https:\/\/secure.gravatar.com\/avatar\/87a6c926c997a0a931c9a06b1dc5dea49d1b1b8fcaf6f0acef031004169a5d76?s=96&d=mm&r=g","url":"https:\/\/secure.gravatar.com\/avatar\/87a6c926c997a0a931c9a06b1dc5dea49d1b1b8fcaf6f0acef031004169a5d76?s=96&d=mm&r=g","contentUrl":"https:\/\/secure.gravatar.com\/avatar\/87a6c926c997a0a931c9a06b1dc5dea49d1b1b8fcaf6f0acef031004169a5d76?s=96&d=mm&r=g","caption":"Rastreador de Objetos"},"url":"https:\/\/www.rastrearobjetos.com.br\/blog\/author\/admin"}]}},"amp_enabled":true,"_links":{"self":[{"href":"https:\/\/www.rastrearobjetos.com.br\/blog\/wp-json\/wp\/v2\/posts\/154","targetHints":{"allow":["GET"]}}],"collection":[{"href":"https:\/\/www.rastrearobjetos.com.br\/blog\/wp-json\/wp\/v2\/posts"}],"about":[{"href":"https:\/\/www.rastrearobjetos.com.br\/blog\/wp-json\/wp\/v2\/types\/post"}],"author":[{"embeddable":true,"href":"https:\/\/www.rastrearobjetos.com.br\/blog\/wp-json\/wp\/v2\/users\/1"}],"replies":[{"embeddable":true,"href":"https:\/\/www.rastrearobjetos.com.br\/blog\/wp-json\/wp\/v2\/comments?post=154"}],"version-history":[{"count":1,"href":"https:\/\/www.rastrearobjetos.com.br\/blog\/wp-json\/wp\/v2\/posts\/154\/revisions"}],"predecessor-version":[{"id":156,"href":"https:\/\/www.rastrearobjetos.com.br\/blog\/wp-json\/wp\/v2\/posts\/154\/revisions\/156"}],"wp:featuredmedia":[{"embeddable":true,"href":"https:\/\/www.rastrearobjetos.com.br\/blog\/wp-json\/wp\/v2\/media\/155"}],"wp:attachment":[{"href":"https:\/\/www.rastrearobjetos.com.br\/blog\/wp-json\/wp\/v2\/media?parent=154"}],"wp:term":[{"taxonomy":"category","embeddable":true,"href":"https:\/\/www.rastrearobjetos.com.br\/blog\/wp-json\/wp\/v2\/categories?post=154"},{"taxonomy":"post_tag","embeddable":true,"href":"https:\/\/www.rastrearobjetos.com.br\/blog\/wp-json\/wp\/v2\/tags?post=154"}],"curies":[{"name":"wp","href":"https:\/\/api.w.org\/{rel}","templated":true}]}}