{"id":169,"date":"2017-08-17T07:53:09","date_gmt":"2017-08-17T10:53:09","guid":{"rendered":"http:\/\/www.rastrearobjetos.com.br\/blog\/?p=169"},"modified":"2017-08-17T08:17:27","modified_gmt":"2017-08-17T11:17:27","slug":"pratica-sustentavel-dos-correios-concorre-ao-premio-sesi-ods-2017","status":"publish","type":"post","link":"https:\/\/www.rastrearobjetos.com.br\/blog\/inovacao\/pratica-sustentavel-dos-correios-concorre-ao-premio-sesi-ods-2017.html","title":{"rendered":"Pr\u00e1tica sustent\u00e1vel dos Correios concorre ao Pr\u00eamio Sesi ODS 2017"},"content":{"rendered":"<p class=\"alignnone\" title=\"Curitiba: VECs s\u00e3o alternativa a medidas que restringem acesso de ve\u00edculos em \u00e1reas da cidade\">O <a href=\"https:\/\/www.rastrearobjetos.com.br\/blog\/tags\/veiculo\" title=\"Ve\u00edculo\">Ve\u00edculo<\/a> <a href=\"https:\/\/www.rastrearobjetos.com.br\/blog\/tags\/eletrico\" title=\"El\u00e9trico\">El\u00e9trico<\/a> de Cal\u00e7ad\u00e3o (VEC) dos Correios \u00e9 uma das pr\u00e1ticas sustent\u00e1veis finalistas do<a href=\"http:\/\/www.sesipr.org.br\/premio-sesi-ods-2017-1-67-341691.shtml\" target=\"_blank\">\u00a0Pr\u00eamio Sesi ODS 2017<\/a>, iniciativa que visa reconhecer as organiza\u00e7\u00f5es p\u00fablicas e privadas que trabalham em prol dos\u00a0<em>Objetivos de Desenvolvimento <a href=\"https:\/\/www.rastrearobjetos.com.br\/blog\/tags\/sustentavel\" title=\"Sustent\u00e1vel\">Sustent\u00e1vel<\/a> (ODS)<\/em>. Em sua segunda edi\u00e7\u00e3o, o <a href=\"https:\/\/www.rastrearobjetos.com.br\/blog\/tags\/premio\" title=\"Pr\u00eamio\">Pr\u00eamio<\/a> recebeu inscri\u00e7\u00f5es de 33 empresas na categoria \u201cPoder P\u00fablico\u201d, sendo 12 delas classificadas, incluindo os Correios, que concorrem com o Tribunal Regional do Trabalho 9\u00b0 Regi\u00e3o na subcategoria \u201cPoder P\u00fablico Federal\u201d.<\/p>\n<p>Al\u00e9m de deixar de emitir 85,2g de mon\u00f3xido de carbono (CO), 14,2g de hidrocarbonetos (HC), 21,6g de \u00f3xidos de nitrog\u00eanio (NOx) e 0,497g de alde\u00eddos (CHO) diariamente, ao adotar os VECs os Correios reduziram suas rotas de entrega de 11 para 9.\u00a0 Com aumento da produtividade, a Empresa regularizou o hor\u00e1rio de coleta\/entrega, obtendo maior satisfa\u00e7\u00e3o dos clientes e reconhecimento das pr\u00e1ticas sustent\u00e1veis utilizadas.<\/p>\n<p><strong>Sobre os VECs \u2013\u00a0<\/strong>Tendo como vis\u00e3o estrat\u00e9gica ser a primeira escolha do cliente nos produtos e servi\u00e7os oferecidos, os Correios v\u00eam modernizando sua atua\u00e7\u00e3o e se posicionando frente a um <a href=\"https:\/\/www.rastrearobjetos.com.br\/blog\/tags\/mercado\" title=\"mercado\">mercado<\/a> cada vez mais exigente, principalmente na \u00e1rea <a href=\"https:\/\/www.rastrearobjetos.com.br\/blog\/tags\/operacional\" title=\"operacional\">operacional<\/a> de coleta e distribui\u00e7\u00e3o dos principais centros urbanos.<\/p>\n<p>No caso de <a href=\"https:\/\/www.rastrearobjetos.com.br\/blog\/tags\/curitiba\" title=\"Curitiba\">Curitiba<\/a>, que adotou medidas restritivas quanto ao acesso de ve\u00edculos automotores em determinadas \u00e1reas da cidade, a alternativa encontrada foi o uso dos VECs \u2013 ve\u00edculos de pequeno porte, por\u00e9m com grande capacidade (at\u00e9 1.000 kg de carga \u00fatil) e de f\u00e1cil manejo, el\u00e9tricos, n\u00e3o poluentes, e que pudessem circular legalmente em \u00e1reas destinadas exclusivamente a pedestres (velocidade m\u00e1xima de 5km\/h).<\/p>\n<p>O resultado final da premia\u00e7\u00e3o ser\u00e1 divulgado no dia 17 de outubro, durante o Congresso Sesi ODS, em <a href=\"https:\/\/www.rastrearobjetos.com.br\/blog\/tags\/curitiba\" title=\"Curitiba\">Curitiba<\/a><\/p>\n<p><a href=\"http:\/\/blog.correios.com.br\/correios\/?p=34851\" target=\"_blank\">Fonte<\/a><\/p>\n","protected":false},"excerpt":{"rendered":"<p>O Ve\u00edculo El\u00e9trico de Cal\u00e7ad\u00e3o (VEC) dos Correios \u00e9 uma das pr\u00e1ticas sustent\u00e1veis finalistas do\u00a0Pr\u00eamio Sesi ODS 2017, iniciativa que visa reconhecer as organiza\u00e7\u00f5es p\u00fablicas e privadas que trabalham em prol dos\u00a0Objetivos de Desenvolvimento Sustent\u00e1vel (ODS). Em sua segunda edi\u00e7\u00e3o, o Pr\u00eamio recebeu inscri\u00e7\u00f5es de 33 empresas na categoria \u201cPoder P\u00fablico\u201d, sendo 12 delas classificadas, [&hellip;]<\/p>\n","protected":false},"author":1,"featured_media":170,"comment_status":"open","ping_status":"open","sticky":false,"template":"","format":"standard","meta":{"footnotes":""},"categories":[211],"tags":[218,219,213,216,217,215,214,212],"class_list":["post-169","post","type-post","status-publish","format-standard","has-post-thumbnail","hentry","category-inovacao","tag-coletas","tag-curitiba","tag-eletrico","tag-mercado","tag-operacional","tag-premio","tag-sustentavel","tag-veiculo"],"yoast_head":"<!-- This site is optimized with the Yoast SEO plugin v27.4 - https:\/\/yoast.com\/product\/yoast-seo-wordpress\/ -->\n<title>Pr\u00e1tica sustent\u00e1vel dos Correios concorre ao Pr\u00eamio Sesi ODS 2017 - Rastrear Correios<\/title>\n<meta name=\"description\" content=\"Rastrear Objetos Correios. Rastreamento de sua Encomenda. Acompanhe todos os passos da sua entrega. R\u00e1pido, F\u00e1cil e Gr\u00e1tis. Receba notifica\u00e7\u00f5es atualizadas.\" \/>\n<meta name=\"robots\" content=\"index, follow, max-snippet:-1, max-image-preview:large, max-video-preview:-1\" \/>\n<link rel=\"canonical\" href=\"https:\/\/www.rastrearobjetos.com.br\/blog\/inovacao\/pratica-sustentavel-dos-correios-concorre-ao-premio-sesi-ods-2017.html\" \/>\n<meta property=\"og:locale\" content=\"pt_BR\" \/>\n<meta property=\"og:type\" content=\"article\" \/>\n<meta property=\"og:title\" content=\"Pr\u00e1tica sustent\u00e1vel dos Correios concorre ao Pr\u00eamio Sesi ODS 2017 - Rastrear Correios\" \/>\n<meta property=\"og:description\" content=\"Rastrear Objetos Correios. Rastreamento de sua Encomenda. Acompanhe todos os passos da sua entrega. R\u00e1pido, F\u00e1cil e Gr\u00e1tis. Receba notifica\u00e7\u00f5es atualizadas.\" \/>\n<meta property=\"og:url\" content=\"https:\/\/www.rastrearobjetos.com.br\/blog\/inovacao\/pratica-sustentavel-dos-correios-concorre-ao-premio-sesi-ods-2017.html\" \/>\n<meta property=\"og:site_name\" content=\"Rastrear Correios\" \/>\n<meta property=\"article:publisher\" content=\"https:\/\/www.facebook.com\/RastreadorDeObjetos\" \/>\n<meta property=\"article:published_time\" content=\"2017-08-17T10:53:09+00:00\" \/>\n<meta property=\"article:modified_time\" content=\"2017-08-17T11:17:27+00:00\" \/>\n<meta property=\"og:image\" content=\"https:\/\/www.rastrearobjetos.com.br\/blog\/wp-content\/uploads\/2017\/08\/VEC-sendo-utilizado-em-Curitiba-Foto.jpg\" \/>\n\t<meta property=\"og:image:width\" content=\"631\" \/>\n\t<meta property=\"og:image:height\" content=\"480\" \/>\n\t<meta property=\"og:image:type\" content=\"image\/jpeg\" \/>\n<meta name=\"author\" content=\"Rastreador de Objetos\" \/>\n<meta name=\"twitter:card\" content=\"summary_large_image\" \/>\n<meta name=\"twitter:creator\" content=\"@rastrearobjetos\" \/>\n<meta name=\"twitter:site\" content=\"@rastrearobjetos\" \/>\n<meta name=\"twitter:label1\" content=\"Escrito por\" \/>\n\t<meta name=\"twitter:data1\" content=\"Rastreador de Objetos\" \/>\n\t<meta name=\"twitter:label2\" content=\"Est. tempo de leitura\" \/>\n\t<meta name=\"twitter:data2\" content=\"2 minutos\" \/>\n<script type=\"application\/ld+json\" class=\"yoast-schema-graph\">{\"@context\":\"https:\\\/\\\/schema.org\",\"@graph\":[{\"@type\":\"Article\",\"@id\":\"https:\\\/\\\/www.rastrearobjetos.com.br\\\/blog\\\/inovacao\\\/pratica-sustentavel-dos-correios-concorre-ao-premio-sesi-ods-2017.html#article\",\"isPartOf\":{\"@id\":\"https:\\\/\\\/www.rastrearobjetos.com.br\\\/blog\\\/inovacao\\\/pratica-sustentavel-dos-correios-concorre-ao-premio-sesi-ods-2017.html\"},\"author\":{\"name\":\"Rastreador de Objetos\",\"@id\":\"https:\\\/\\\/www.rastrearobjetos.com.br\\\/blog\\\/#\\\/schema\\\/person\\\/0ecfd4bb0e3d1a11c9de7b048f0beaaf\"},\"headline\":\"Pr\u00e1tica sustent\u00e1vel dos Correios concorre ao Pr\u00eamio Sesi ODS 2017\",\"datePublished\":\"2017-08-17T10:53:09+00:00\",\"dateModified\":\"2017-08-17T11:17:27+00:00\",\"mainEntityOfPage\":{\"@id\":\"https:\\\/\\\/www.rastrearobjetos.com.br\\\/blog\\\/inovacao\\\/pratica-sustentavel-dos-correios-concorre-ao-premio-sesi-ods-2017.html\"},\"wordCount\":312,\"commentCount\":0,\"publisher\":{\"@id\":\"https:\\\/\\\/www.rastrearobjetos.com.br\\\/blog\\\/#organization\"},\"image\":{\"@id\":\"https:\\\/\\\/www.rastrearobjetos.com.br\\\/blog\\\/inovacao\\\/pratica-sustentavel-dos-correios-concorre-ao-premio-sesi-ods-2017.html#primaryimage\"},\"thumbnailUrl\":\"https:\\\/\\\/www.rastrearobjetos.com.br\\\/blog\\\/wp-content\\\/uploads\\\/2017\\\/08\\\/VEC-sendo-utilizado-em-Curitiba-Foto.jpg\",\"keywords\":[\"coletas\",\"curitiba\",\"el\u00e9trico\",\"mercado\",\"operacional\",\"pr\u00eamio\",\"sustent\u00e1vel\",\"ve\u00edculo\"],\"articleSection\":[\"Inova\u00e7\u00e3o\"],\"inLanguage\":\"pt-BR\",\"potentialAction\":[{\"@type\":\"CommentAction\",\"name\":\"Comment\",\"target\":[\"https:\\\/\\\/www.rastrearobjetos.com.br\\\/blog\\\/inovacao\\\/pratica-sustentavel-dos-correios-concorre-ao-premio-sesi-ods-2017.html#respond\"]}]},{\"@type\":\"WebPage\",\"@id\":\"https:\\\/\\\/www.rastrearobjetos.com.br\\\/blog\\\/inovacao\\\/pratica-sustentavel-dos-correios-concorre-ao-premio-sesi-ods-2017.html\",\"url\":\"https:\\\/\\\/www.rastrearobjetos.com.br\\\/blog\\\/inovacao\\\/pratica-sustentavel-dos-correios-concorre-ao-premio-sesi-ods-2017.html\",\"name\":\"Pr\u00e1tica sustent\u00e1vel dos Correios concorre ao Pr\u00eamio Sesi ODS 2017 - Rastrear Correios\",\"isPartOf\":{\"@id\":\"https:\\\/\\\/www.rastrearobjetos.com.br\\\/blog\\\/#website\"},\"primaryImageOfPage\":{\"@id\":\"https:\\\/\\\/www.rastrearobjetos.com.br\\\/blog\\\/inovacao\\\/pratica-sustentavel-dos-correios-concorre-ao-premio-sesi-ods-2017.html#primaryimage\"},\"image\":{\"@id\":\"https:\\\/\\\/www.rastrearobjetos.com.br\\\/blog\\\/inovacao\\\/pratica-sustentavel-dos-correios-concorre-ao-premio-sesi-ods-2017.html#primaryimage\"},\"thumbnailUrl\":\"https:\\\/\\\/www.rastrearobjetos.com.br\\\/blog\\\/wp-content\\\/uploads\\\/2017\\\/08\\\/VEC-sendo-utilizado-em-Curitiba-Foto.jpg\",\"datePublished\":\"2017-08-17T10:53:09+00:00\",\"dateModified\":\"2017-08-17T11:17:27+00:00\",\"description\":\"Rastrear Objetos Correios. Rastreamento de sua Encomenda. Acompanhe todos os passos da sua entrega. R\u00e1pido, F\u00e1cil e Gr\u00e1tis. Receba notifica\u00e7\u00f5es atualizadas.\",\"breadcrumb\":{\"@id\":\"https:\\\/\\\/www.rastrearobjetos.com.br\\\/blog\\\/inovacao\\\/pratica-sustentavel-dos-correios-concorre-ao-premio-sesi-ods-2017.html#breadcrumb\"},\"inLanguage\":\"pt-BR\",\"potentialAction\":[{\"@type\":\"ReadAction\",\"target\":[\"https:\\\/\\\/www.rastrearobjetos.com.br\\\/blog\\\/inovacao\\\/pratica-sustentavel-dos-correios-concorre-ao-premio-sesi-ods-2017.html\"]}]},{\"@type\":\"ImageObject\",\"inLanguage\":\"pt-BR\",\"@id\":\"https:\\\/\\\/www.rastrearobjetos.com.br\\\/blog\\\/inovacao\\\/pratica-sustentavel-dos-correios-concorre-ao-premio-sesi-ods-2017.html#primaryimage\",\"url\":\"https:\\\/\\\/www.rastrearobjetos.com.br\\\/blog\\\/wp-content\\\/uploads\\\/2017\\\/08\\\/VEC-sendo-utilizado-em-Curitiba-Foto.jpg\",\"contentUrl\":\"https:\\\/\\\/www.rastrearobjetos.com.br\\\/blog\\\/wp-content\\\/uploads\\\/2017\\\/08\\\/VEC-sendo-utilizado-em-Curitiba-Foto.jpg\",\"width\":631,\"height\":480},{\"@type\":\"BreadcrumbList\",\"@id\":\"https:\\\/\\\/www.rastrearobjetos.com.br\\\/blog\\\/inovacao\\\/pratica-sustentavel-dos-correios-concorre-ao-premio-sesi-ods-2017.html#breadcrumb\",\"itemListElement\":[{\"@type\":\"ListItem\",\"position\":1,\"name\":\"In\u00edcio\",\"item\":\"https:\\\/\\\/www.rastrearobjetos.com.br\\\/blog\\\/\"},{\"@type\":\"ListItem\",\"position\":2,\"name\":\"Inova\u00e7\u00e3o\",\"item\":\"https:\\\/\\\/www.rastrearobjetos.com.br\\\/blog\\\/categoria\\\/inovacao\"},{\"@type\":\"ListItem\",\"position\":3,\"name\":\"Pr\u00e1tica sustent\u00e1vel dos Correios concorre ao Pr\u00eamio Sesi ODS 2017\"}]},{\"@type\":\"WebSite\",\"@id\":\"https:\\\/\\\/www.rastrearobjetos.com.br\\\/blog\\\/#website\",\"url\":\"https:\\\/\\\/www.rastrearobjetos.com.br\\\/blog\\\/\",\"name\":\"Rastrear Correios\",\"description\":\"Blog do Rastreador dos Correios\",\"publisher\":{\"@id\":\"https:\\\/\\\/www.rastrearobjetos.com.br\\\/blog\\\/#organization\"},\"potentialAction\":[{\"@type\":\"SearchAction\",\"target\":{\"@type\":\"EntryPoint\",\"urlTemplate\":\"https:\\\/\\\/www.rastrearobjetos.com.br\\\/blog\\\/?s={search_term_string}\"},\"query-input\":{\"@type\":\"PropertyValueSpecification\",\"valueRequired\":true,\"valueName\":\"search_term_string\"}}],\"inLanguage\":\"pt-BR\"},{\"@type\":\"Organization\",\"@id\":\"https:\\\/\\\/www.rastrearobjetos.com.br\\\/blog\\\/#organization\",\"name\":\"Rastrear Objetos dos Correios\",\"url\":\"https:\\\/\\\/www.rastrearobjetos.com.br\\\/blog\\\/\",\"logo\":{\"@type\":\"ImageObject\",\"inLanguage\":\"pt-BR\",\"@id\":\"https:\\\/\\\/www.rastrearobjetos.com.br\\\/blog\\\/#\\\/schema\\\/logo\\\/image\\\/\",\"url\":\"https:\\\/\\\/www.rastrearobjetos.com.br\\\/blog\\\/wp-content\\\/uploads\\\/2017\\\/09\\\/logo-correios-1.png\",\"contentUrl\":\"https:\\\/\\\/www.rastrearobjetos.com.br\\\/blog\\\/wp-content\\\/uploads\\\/2017\\\/09\\\/logo-correios-1.png\",\"width\":314,\"height\":49,\"caption\":\"Rastrear Objetos dos Correios\"},\"image\":{\"@id\":\"https:\\\/\\\/www.rastrearobjetos.com.br\\\/blog\\\/#\\\/schema\\\/logo\\\/image\\\/\"},\"sameAs\":[\"https:\\\/\\\/www.facebook.com\\\/RastreadorDeObjetos\",\"https:\\\/\\\/x.com\\\/rastrearobjetos\"]},{\"@type\":\"Person\",\"@id\":\"https:\\\/\\\/www.rastrearobjetos.com.br\\\/blog\\\/#\\\/schema\\\/person\\\/0ecfd4bb0e3d1a11c9de7b048f0beaaf\",\"name\":\"Rastreador de Objetos\",\"image\":{\"@type\":\"ImageObject\",\"inLanguage\":\"pt-BR\",\"@id\":\"https:\\\/\\\/secure.gravatar.com\\\/avatar\\\/87a6c926c997a0a931c9a06b1dc5dea49d1b1b8fcaf6f0acef031004169a5d76?s=96&d=mm&r=g\",\"url\":\"https:\\\/\\\/secure.gravatar.com\\\/avatar\\\/87a6c926c997a0a931c9a06b1dc5dea49d1b1b8fcaf6f0acef031004169a5d76?s=96&d=mm&r=g\",\"contentUrl\":\"https:\\\/\\\/secure.gravatar.com\\\/avatar\\\/87a6c926c997a0a931c9a06b1dc5dea49d1b1b8fcaf6f0acef031004169a5d76?s=96&d=mm&r=g\",\"caption\":\"Rastreador de Objetos\"},\"url\":\"https:\\\/\\\/www.rastrearobjetos.com.br\\\/blog\\\/author\\\/admin\"}]}<\/script>\n<!-- \/ Yoast SEO plugin. -->","yoast_head_json":{"title":"Pr\u00e1tica sustent\u00e1vel dos Correios concorre ao Pr\u00eamio Sesi ODS 2017 - Rastrear Correios","description":"Rastrear Objetos Correios. Rastreamento de sua Encomenda. Acompanhe todos os passos da sua entrega. R\u00e1pido, F\u00e1cil e Gr\u00e1tis. Receba notifica\u00e7\u00f5es atualizadas.","robots":{"index":"index","follow":"follow","max-snippet":"max-snippet:-1","max-image-preview":"max-image-preview:large","max-video-preview":"max-video-preview:-1"},"canonical":"https:\/\/www.rastrearobjetos.com.br\/blog\/inovacao\/pratica-sustentavel-dos-correios-concorre-ao-premio-sesi-ods-2017.html","og_locale":"pt_BR","og_type":"article","og_title":"Pr\u00e1tica sustent\u00e1vel dos Correios concorre ao Pr\u00eamio Sesi ODS 2017 - Rastrear Correios","og_description":"Rastrear Objetos Correios. Rastreamento de sua Encomenda. Acompanhe todos os passos da sua entrega. R\u00e1pido, F\u00e1cil e Gr\u00e1tis. Receba notifica\u00e7\u00f5es atualizadas.","og_url":"https:\/\/www.rastrearobjetos.com.br\/blog\/inovacao\/pratica-sustentavel-dos-correios-concorre-ao-premio-sesi-ods-2017.html","og_site_name":"Rastrear Correios","article_publisher":"https:\/\/www.facebook.com\/RastreadorDeObjetos","article_published_time":"2017-08-17T10:53:09+00:00","article_modified_time":"2017-08-17T11:17:27+00:00","og_image":[{"width":631,"height":480,"url":"https:\/\/www.rastrearobjetos.com.br\/blog\/wp-content\/uploads\/2017\/08\/VEC-sendo-utilizado-em-Curitiba-Foto.jpg","type":"image\/jpeg"}],"author":"Rastreador de Objetos","twitter_card":"summary_large_image","twitter_creator":"@rastrearobjetos","twitter_site":"@rastrearobjetos","twitter_misc":{"Escrito por":"Rastreador de Objetos","Est. tempo de leitura":"2 minutos"},"schema":{"@context":"https:\/\/schema.org","@graph":[{"@type":"Article","@id":"https:\/\/www.rastrearobjetos.com.br\/blog\/inovacao\/pratica-sustentavel-dos-correios-concorre-ao-premio-sesi-ods-2017.html#article","isPartOf":{"@id":"https:\/\/www.rastrearobjetos.com.br\/blog\/inovacao\/pratica-sustentavel-dos-correios-concorre-ao-premio-sesi-ods-2017.html"},"author":{"name":"Rastreador de Objetos","@id":"https:\/\/www.rastrearobjetos.com.br\/blog\/#\/schema\/person\/0ecfd4bb0e3d1a11c9de7b048f0beaaf"},"headline":"Pr\u00e1tica sustent\u00e1vel dos Correios concorre ao Pr\u00eamio Sesi ODS 2017","datePublished":"2017-08-17T10:53:09+00:00","dateModified":"2017-08-17T11:17:27+00:00","mainEntityOfPage":{"@id":"https:\/\/www.rastrearobjetos.com.br\/blog\/inovacao\/pratica-sustentavel-dos-correios-concorre-ao-premio-sesi-ods-2017.html"},"wordCount":312,"commentCount":0,"publisher":{"@id":"https:\/\/www.rastrearobjetos.com.br\/blog\/#organization"},"image":{"@id":"https:\/\/www.rastrearobjetos.com.br\/blog\/inovacao\/pratica-sustentavel-dos-correios-concorre-ao-premio-sesi-ods-2017.html#primaryimage"},"thumbnailUrl":"https:\/\/www.rastrearobjetos.com.br\/blog\/wp-content\/uploads\/2017\/08\/VEC-sendo-utilizado-em-Curitiba-Foto.jpg","keywords":["coletas","curitiba","el\u00e9trico","mercado","operacional","pr\u00eamio","sustent\u00e1vel","ve\u00edculo"],"articleSection":["Inova\u00e7\u00e3o"],"inLanguage":"pt-BR","potentialAction":[{"@type":"CommentAction","name":"Comment","target":["https:\/\/www.rastrearobjetos.com.br\/blog\/inovacao\/pratica-sustentavel-dos-correios-concorre-ao-premio-sesi-ods-2017.html#respond"]}]},{"@type":"WebPage","@id":"https:\/\/www.rastrearobjetos.com.br\/blog\/inovacao\/pratica-sustentavel-dos-correios-concorre-ao-premio-sesi-ods-2017.html","url":"https:\/\/www.rastrearobjetos.com.br\/blog\/inovacao\/pratica-sustentavel-dos-correios-concorre-ao-premio-sesi-ods-2017.html","name":"Pr\u00e1tica sustent\u00e1vel dos Correios concorre ao Pr\u00eamio Sesi ODS 2017 - Rastrear Correios","isPartOf":{"@id":"https:\/\/www.rastrearobjetos.com.br\/blog\/#website"},"primaryImageOfPage":{"@id":"https:\/\/www.rastrearobjetos.com.br\/blog\/inovacao\/pratica-sustentavel-dos-correios-concorre-ao-premio-sesi-ods-2017.html#primaryimage"},"image":{"@id":"https:\/\/www.rastrearobjetos.com.br\/blog\/inovacao\/pratica-sustentavel-dos-correios-concorre-ao-premio-sesi-ods-2017.html#primaryimage"},"thumbnailUrl":"https:\/\/www.rastrearobjetos.com.br\/blog\/wp-content\/uploads\/2017\/08\/VEC-sendo-utilizado-em-Curitiba-Foto.jpg","datePublished":"2017-08-17T10:53:09+00:00","dateModified":"2017-08-17T11:17:27+00:00","description":"Rastrear Objetos Correios. Rastreamento de sua Encomenda. Acompanhe todos os passos da sua entrega. R\u00e1pido, F\u00e1cil e Gr\u00e1tis. Receba notifica\u00e7\u00f5es atualizadas.","breadcrumb":{"@id":"https:\/\/www.rastrearobjetos.com.br\/blog\/inovacao\/pratica-sustentavel-dos-correios-concorre-ao-premio-sesi-ods-2017.html#breadcrumb"},"inLanguage":"pt-BR","potentialAction":[{"@type":"ReadAction","target":["https:\/\/www.rastrearobjetos.com.br\/blog\/inovacao\/pratica-sustentavel-dos-correios-concorre-ao-premio-sesi-ods-2017.html"]}]},{"@type":"ImageObject","inLanguage":"pt-BR","@id":"https:\/\/www.rastrearobjetos.com.br\/blog\/inovacao\/pratica-sustentavel-dos-correios-concorre-ao-premio-sesi-ods-2017.html#primaryimage","url":"https:\/\/www.rastrearobjetos.com.br\/blog\/wp-content\/uploads\/2017\/08\/VEC-sendo-utilizado-em-Curitiba-Foto.jpg","contentUrl":"https:\/\/www.rastrearobjetos.com.br\/blog\/wp-content\/uploads\/2017\/08\/VEC-sendo-utilizado-em-Curitiba-Foto.jpg","width":631,"height":480},{"@type":"BreadcrumbList","@id":"https:\/\/www.rastrearobjetos.com.br\/blog\/inovacao\/pratica-sustentavel-dos-correios-concorre-ao-premio-sesi-ods-2017.html#breadcrumb","itemListElement":[{"@type":"ListItem","position":1,"name":"In\u00edcio","item":"https:\/\/www.rastrearobjetos.com.br\/blog\/"},{"@type":"ListItem","position":2,"name":"Inova\u00e7\u00e3o","item":"https:\/\/www.rastrearobjetos.com.br\/blog\/categoria\/inovacao"},{"@type":"ListItem","position":3,"name":"Pr\u00e1tica sustent\u00e1vel dos Correios concorre ao Pr\u00eamio Sesi ODS 2017"}]},{"@type":"WebSite","@id":"https:\/\/www.rastrearobjetos.com.br\/blog\/#website","url":"https:\/\/www.rastrearobjetos.com.br\/blog\/","name":"Rastrear Correios","description":"Blog do Rastreador dos Correios","publisher":{"@id":"https:\/\/www.rastrearobjetos.com.br\/blog\/#organization"},"potentialAction":[{"@type":"SearchAction","target":{"@type":"EntryPoint","urlTemplate":"https:\/\/www.rastrearobjetos.com.br\/blog\/?s={search_term_string}"},"query-input":{"@type":"PropertyValueSpecification","valueRequired":true,"valueName":"search_term_string"}}],"inLanguage":"pt-BR"},{"@type":"Organization","@id":"https:\/\/www.rastrearobjetos.com.br\/blog\/#organization","name":"Rastrear Objetos dos Correios","url":"https:\/\/www.rastrearobjetos.com.br\/blog\/","logo":{"@type":"ImageObject","inLanguage":"pt-BR","@id":"https:\/\/www.rastrearobjetos.com.br\/blog\/#\/schema\/logo\/image\/","url":"https:\/\/www.rastrearobjetos.com.br\/blog\/wp-content\/uploads\/2017\/09\/logo-correios-1.png","contentUrl":"https:\/\/www.rastrearobjetos.com.br\/blog\/wp-content\/uploads\/2017\/09\/logo-correios-1.png","width":314,"height":49,"caption":"Rastrear Objetos dos Correios"},"image":{"@id":"https:\/\/www.rastrearobjetos.com.br\/blog\/#\/schema\/logo\/image\/"},"sameAs":["https:\/\/www.facebook.com\/RastreadorDeObjetos","https:\/\/x.com\/rastrearobjetos"]},{"@type":"Person","@id":"https:\/\/www.rastrearobjetos.com.br\/blog\/#\/schema\/person\/0ecfd4bb0e3d1a11c9de7b048f0beaaf","name":"Rastreador de Objetos","image":{"@type":"ImageObject","inLanguage":"pt-BR","@id":"https:\/\/secure.gravatar.com\/avatar\/87a6c926c997a0a931c9a06b1dc5dea49d1b1b8fcaf6f0acef031004169a5d76?s=96&d=mm&r=g","url":"https:\/\/secure.gravatar.com\/avatar\/87a6c926c997a0a931c9a06b1dc5dea49d1b1b8fcaf6f0acef031004169a5d76?s=96&d=mm&r=g","contentUrl":"https:\/\/secure.gravatar.com\/avatar\/87a6c926c997a0a931c9a06b1dc5dea49d1b1b8fcaf6f0acef031004169a5d76?s=96&d=mm&r=g","caption":"Rastreador de Objetos"},"url":"https:\/\/www.rastrearobjetos.com.br\/blog\/author\/admin"}]}},"amp_enabled":true,"_links":{"self":[{"href":"https:\/\/www.rastrearobjetos.com.br\/blog\/wp-json\/wp\/v2\/posts\/169","targetHints":{"allow":["GET"]}}],"collection":[{"href":"https:\/\/www.rastrearobjetos.com.br\/blog\/wp-json\/wp\/v2\/posts"}],"about":[{"href":"https:\/\/www.rastrearobjetos.com.br\/blog\/wp-json\/wp\/v2\/types\/post"}],"author":[{"embeddable":true,"href":"https:\/\/www.rastrearobjetos.com.br\/blog\/wp-json\/wp\/v2\/users\/1"}],"replies":[{"embeddable":true,"href":"https:\/\/www.rastrearobjetos.com.br\/blog\/wp-json\/wp\/v2\/comments?post=169"}],"version-history":[{"count":1,"href":"https:\/\/www.rastrearobjetos.com.br\/blog\/wp-json\/wp\/v2\/posts\/169\/revisions"}],"predecessor-version":[{"id":171,"href":"https:\/\/www.rastrearobjetos.com.br\/blog\/wp-json\/wp\/v2\/posts\/169\/revisions\/171"}],"wp:featuredmedia":[{"embeddable":true,"href":"https:\/\/www.rastrearobjetos.com.br\/blog\/wp-json\/wp\/v2\/media\/170"}],"wp:attachment":[{"href":"https:\/\/www.rastrearobjetos.com.br\/blog\/wp-json\/wp\/v2\/media?parent=169"}],"wp:term":[{"taxonomy":"category","embeddable":true,"href":"https:\/\/www.rastrearobjetos.com.br\/blog\/wp-json\/wp\/v2\/categories?post=169"},{"taxonomy":"post_tag","embeddable":true,"href":"https:\/\/www.rastrearobjetos.com.br\/blog\/wp-json\/wp\/v2\/tags?post=169"}],"curies":[{"name":"wp","href":"https:\/\/api.w.org\/{rel}","templated":true}]}}