{"id":1765,"date":"2019-04-09T09:41:01","date_gmt":"2019-04-09T12:41:01","guid":{"rendered":"https:\/\/www.rastrearobjetos.com.br\/blog\/?p=1765"},"modified":"2019-04-09T09:42:20","modified_gmt":"2019-04-09T12:42:20","slug":"trabalhadores-dos-correios-em-al-agendam-assembleia-para-decretar-greve","status":"publish","type":"post","link":"https:\/\/www.rastrearobjetos.com.br\/blog\/noticias\/trabalhadores-dos-correios-em-al-agendam-assembleia-para-decretar-greve.html","title":{"rendered":"Trabalhadores dos Correios em AL agendam assembleia para decretar greve"},"content":{"rendered":"<h2>Trabalhadores dos Correios em <a href=\"https:\/\/www.rastrearobjetos.com.br\/blog\/tags\/alagoas\" title=\"Alagoas\">Alagoas<\/a> podem deflagrar greve nos pr\u00f3ximos dias.<\/h2>\n<p>O Sindicato dos Trabalhadores na Empresa de Correios e Tel\u00e9grafos em <a href=\"https:\/\/www.rastrearobjetos.com.br\/blog\/tags\/alagoas\" title=\"Alagoas\">Alagoas<\/a> (<a href=\"https:\/\/www.rastrearobjetos.com.br\/blog\/tags\/sintec-al\" title=\"Sintec\/AL\">Sintec\/AL<\/a>) est\u00e1 convocando a categoria para decidir em assembleia extraordin\u00e1ria, marcada para a pr\u00f3xima quarta-feira (10), se realizam uma paralisa\u00e7\u00e3o por tempo indeterminado.<\/p>\n<p>No edital de convoca\u00e7\u00e3o, divulgado na \u00faltima sexta-feira (5), assinado pelo presidente do sindicato, <em>Alysson de Oliveira Val\u00eancio Guerreiro<\/em>, a institui\u00e7\u00e3o afirma que, al\u00e9m da <strong>greve geral<\/strong>, outros encaminhamentos ser\u00e3o discutidos.<\/p>\n<p>Em outubro de 2018 os funcion\u00e1rios dos Correios paralisaram as atividades por 24h para protestar contra a baixa quantidade de trabalhadores, respons\u00e1vel por sobrecarga e <strong>m\u00e1s condi\u00e7\u00f5es de trabalho<\/strong>. Elas tamb\u00e9m reivindicavam a <strong>falta de equipamentos<\/strong> e a <strong>precariedade dos ve\u00edculos<\/strong>.<\/p>\n<p>Na \u00e9poca, segundo o <strong><a href=\"https:\/\/www.rastrearobjetos.com.br\/blog\/tags\/sintec-al\" title=\"Sintec\/AL\">Sintec\/AL<\/a><\/strong>, o efetivo contava com 400 pessoas, quando seriam necess\u00e1rios pelo menos mais 250.<\/p>\n<p>Na sexta-feira (5), a categoria realizou um <strong>protesto<\/strong> em frente \u00e0 sede administrativa da estatal em <a href=\"https:\/\/www.rastrearobjetos.com.br\/blog\/tags\/alagoas\" title=\"Alagoas\">Alagoas<\/a> para exigir melhores condi\u00e7\u00f5es de trabalho nos <strong>Centros de Distribui\u00e7\u00e3o Domicili\u00e1ria<\/strong>, em especial no <strong>CDD Carlos Ol\u00edmpio<\/strong>, que n\u00e3o apresenta situa\u00e7\u00e3o de abandono.<\/p>\n<h2>Leia o edital de convoca\u00e7\u00e3o do Sintect\/AL:<\/h2>\n<p>O Sindicato dos Trabalhadores na Empresa de Correios e Tel\u00e9grafos em <a href=\"https:\/\/www.rastrearobjetos.com.br\/blog\/tags\/alagoas\" title=\"Alagoas\">Alagoas<\/a> \u2013 <strong>SINTECT-AL<\/strong>, situado a Rua Cear\u00e1, 206 \u2013 Prado \u2013 <strong>Macei\u00f3<\/strong>\/AL, vem, atrav\u00e9s de seu representante legal, convocar os trabalhadores ecetistas a comparecerem \u00e0 assembleia extraordin\u00e1ria, que se realizar\u00e1 no dia 10 de abril de 2019, quarta-feira, \u00e0s 07 horas e 30 minutos, no <em>CDD Carlos Ol\u00edmpio, localizado na Avenida Lourival Melo Mota, S\/n Quadra A Lote 8, bairro de Santos Dumont<\/em> \u2013 nesta Capital, em primeira convoca\u00e7\u00e3o, com 50% dos trabalhadores, e \u00e0s 08 horas, em segunda e \u00faltima convoca\u00e7\u00e3o, com qualquer n\u00famero de trabalhadores presentes, para deliberar sobre o seguinte assunto constante na pauta:<\/p>\n<ol>\n<li>Decretar Greve por tempo indeterminado;<\/li>\n<li>Outros Encaminhamentos.<\/li>\n<\/ol>\n<p>Macei\u00f3, 05 de abril de 2019.<\/p>\n<p>Alysson de Oliveira Val\u00eancio Guerreiro<br \/>\nPresidente<\/p>\n<p class=\"leiatbm\">\nImportante:\u00a0<a href=\"https:\/\/www.rastrearobjetos.com.br\/blog\/informacoes\/indenizacao-a-clientes-por-servicos-nao-prestados.html\">Indeniza\u00e7\u00e3o a clientes por servi\u00e7os n\u00e3o prestados<\/a>\n<\/p>\n<p>Fonte:\u00a0<a href=\"https:\/\/www.cadaminuto.com.br\/noticia\/337134\/2019\/04\/08\/trabalhadores-dos-correios-em-al-agendam-assembleia-para-decretar-greve\" target=\"_blank\" rel=\"noopener\">https:\/\/www.cadaminuto.com.br<\/a><\/p>\n","protected":false},"excerpt":{"rendered":"<p>Trabalhadores dos Correios em Alagoas podem deflagrar greve nos pr\u00f3ximos dias. O Sindicato dos Trabalhadores na Empresa de Correios e Tel\u00e9grafos em Alagoas (Sintec\/AL) est\u00e1 convocando a categoria para decidir em assembleia extraordin\u00e1ria, marcada para a pr\u00f3xima quarta-feira (10), se realizam uma paralisa\u00e7\u00e3o por tempo indeterminado. No edital de convoca\u00e7\u00e3o, divulgado na \u00faltima sexta-feira (5), [&hellip;]<\/p>\n","protected":false},"author":1,"featured_media":1766,"comment_status":"open","ping_status":"open","sticky":false,"template":"","format":"standard","meta":{"footnotes":""},"categories":[251,25],"tags":[324,737,1375],"class_list":["post-1765","post","type-post","status-publish","format-standard","has-post-thumbnail","hentry","category-greve","category-noticias","tag-alagoas","tag-maceio","tag-sintec-al"],"yoast_head":"<!-- This site is optimized with the Yoast SEO plugin v27.4 - https:\/\/yoast.com\/product\/yoast-seo-wordpress\/ -->\n<title>Trabalhadores dos Correios em AL agendam assembleia para decretar greve - Rastrear Correios<\/title>\n<meta name=\"description\" content=\"Rastrear Objetos Correios. Rastreamento de sua Encomenda. Acompanhe todos os passos da sua entrega. R\u00e1pido, F\u00e1cil e Gr\u00e1tis. Receba notifica\u00e7\u00f5es atualizadas.\" \/>\n<meta name=\"robots\" content=\"index, follow, max-snippet:-1, max-image-preview:large, max-video-preview:-1\" \/>\n<link rel=\"canonical\" href=\"https:\/\/www.rastrearobjetos.com.br\/blog\/noticias\/trabalhadores-dos-correios-em-al-agendam-assembleia-para-decretar-greve.html\" \/>\n<meta property=\"og:locale\" content=\"pt_BR\" \/>\n<meta property=\"og:type\" content=\"article\" \/>\n<meta property=\"og:title\" content=\"Trabalhadores dos Correios em AL agendam assembleia para decretar greve - Rastrear Correios\" \/>\n<meta property=\"og:description\" content=\"Rastrear Objetos Correios. Rastreamento de sua Encomenda. Acompanhe todos os passos da sua entrega. R\u00e1pido, F\u00e1cil e Gr\u00e1tis. Receba notifica\u00e7\u00f5es atualizadas.\" \/>\n<meta property=\"og:url\" content=\"https:\/\/www.rastrearobjetos.com.br\/blog\/noticias\/trabalhadores-dos-correios-em-al-agendam-assembleia-para-decretar-greve.html\" \/>\n<meta property=\"og:site_name\" content=\"Rastrear Correios\" \/>\n<meta property=\"article:publisher\" content=\"https:\/\/www.facebook.com\/RastreadorDeObjetos\" \/>\n<meta property=\"article:published_time\" content=\"2019-04-09T12:41:01+00:00\" \/>\n<meta property=\"article:modified_time\" content=\"2019-04-09T12:42:20+00:00\" \/>\n<meta property=\"og:image\" content=\"https:\/\/www.rastrearobjetos.com.br\/blog\/wp-content\/uploads\/2019\/04\/whatsapp-image-2018-03-12-at-09.02.18.jpg\" \/>\n\t<meta property=\"og:image:width\" content=\"984\" \/>\n\t<meta property=\"og:image:height\" content=\"554\" \/>\n\t<meta property=\"og:image:type\" content=\"image\/jpeg\" \/>\n<meta name=\"author\" content=\"Rastreador de Objetos\" \/>\n<meta name=\"twitter:card\" content=\"summary_large_image\" \/>\n<meta name=\"twitter:creator\" content=\"@rastrearobjetos\" \/>\n<meta name=\"twitter:site\" content=\"@rastrearobjetos\" \/>\n<meta name=\"twitter:label1\" content=\"Escrito por\" \/>\n\t<meta name=\"twitter:data1\" content=\"Rastreador de Objetos\" \/>\n\t<meta name=\"twitter:label2\" content=\"Est. tempo de leitura\" \/>\n\t<meta name=\"twitter:data2\" content=\"2 minutos\" \/>\n<script type=\"application\/ld+json\" class=\"yoast-schema-graph\">{\"@context\":\"https:\\\/\\\/schema.org\",\"@graph\":[{\"@type\":\"Article\",\"@id\":\"https:\\\/\\\/www.rastrearobjetos.com.br\\\/blog\\\/noticias\\\/trabalhadores-dos-correios-em-al-agendam-assembleia-para-decretar-greve.html#article\",\"isPartOf\":{\"@id\":\"https:\\\/\\\/www.rastrearobjetos.com.br\\\/blog\\\/noticias\\\/trabalhadores-dos-correios-em-al-agendam-assembleia-para-decretar-greve.html\"},\"author\":{\"name\":\"Rastreador de Objetos\",\"@id\":\"https:\\\/\\\/www.rastrearobjetos.com.br\\\/blog\\\/#\\\/schema\\\/person\\\/0ecfd4bb0e3d1a11c9de7b048f0beaaf\"},\"headline\":\"Trabalhadores dos Correios em AL agendam assembleia para decretar greve\",\"datePublished\":\"2019-04-09T12:41:01+00:00\",\"dateModified\":\"2019-04-09T12:42:20+00:00\",\"mainEntityOfPage\":{\"@id\":\"https:\\\/\\\/www.rastrearobjetos.com.br\\\/blog\\\/noticias\\\/trabalhadores-dos-correios-em-al-agendam-assembleia-para-decretar-greve.html\"},\"wordCount\":352,\"commentCount\":0,\"publisher\":{\"@id\":\"https:\\\/\\\/www.rastrearobjetos.com.br\\\/blog\\\/#organization\"},\"image\":{\"@id\":\"https:\\\/\\\/www.rastrearobjetos.com.br\\\/blog\\\/noticias\\\/trabalhadores-dos-correios-em-al-agendam-assembleia-para-decretar-greve.html#primaryimage\"},\"thumbnailUrl\":\"https:\\\/\\\/www.rastrearobjetos.com.br\\\/blog\\\/wp-content\\\/uploads\\\/2019\\\/04\\\/whatsapp-image-2018-03-12-at-09.02.18.jpg\",\"keywords\":[\"alagoas\",\"Macei\u00f3\",\"Sintec\\\/AL\"],\"articleSection\":[\"Greve\",\"Not\u00edcias\"],\"inLanguage\":\"pt-BR\",\"potentialAction\":[{\"@type\":\"CommentAction\",\"name\":\"Comment\",\"target\":[\"https:\\\/\\\/www.rastrearobjetos.com.br\\\/blog\\\/noticias\\\/trabalhadores-dos-correios-em-al-agendam-assembleia-para-decretar-greve.html#respond\"]}]},{\"@type\":\"WebPage\",\"@id\":\"https:\\\/\\\/www.rastrearobjetos.com.br\\\/blog\\\/noticias\\\/trabalhadores-dos-correios-em-al-agendam-assembleia-para-decretar-greve.html\",\"url\":\"https:\\\/\\\/www.rastrearobjetos.com.br\\\/blog\\\/noticias\\\/trabalhadores-dos-correios-em-al-agendam-assembleia-para-decretar-greve.html\",\"name\":\"Trabalhadores dos Correios em AL agendam assembleia para decretar greve - Rastrear Correios\",\"isPartOf\":{\"@id\":\"https:\\\/\\\/www.rastrearobjetos.com.br\\\/blog\\\/#website\"},\"primaryImageOfPage\":{\"@id\":\"https:\\\/\\\/www.rastrearobjetos.com.br\\\/blog\\\/noticias\\\/trabalhadores-dos-correios-em-al-agendam-assembleia-para-decretar-greve.html#primaryimage\"},\"image\":{\"@id\":\"https:\\\/\\\/www.rastrearobjetos.com.br\\\/blog\\\/noticias\\\/trabalhadores-dos-correios-em-al-agendam-assembleia-para-decretar-greve.html#primaryimage\"},\"thumbnailUrl\":\"https:\\\/\\\/www.rastrearobjetos.com.br\\\/blog\\\/wp-content\\\/uploads\\\/2019\\\/04\\\/whatsapp-image-2018-03-12-at-09.02.18.jpg\",\"datePublished\":\"2019-04-09T12:41:01+00:00\",\"dateModified\":\"2019-04-09T12:42:20+00:00\",\"description\":\"Rastrear Objetos Correios. Rastreamento de sua Encomenda. Acompanhe todos os passos da sua entrega. R\u00e1pido, F\u00e1cil e Gr\u00e1tis. Receba notifica\u00e7\u00f5es atualizadas.\",\"breadcrumb\":{\"@id\":\"https:\\\/\\\/www.rastrearobjetos.com.br\\\/blog\\\/noticias\\\/trabalhadores-dos-correios-em-al-agendam-assembleia-para-decretar-greve.html#breadcrumb\"},\"inLanguage\":\"pt-BR\",\"potentialAction\":[{\"@type\":\"ReadAction\",\"target\":[\"https:\\\/\\\/www.rastrearobjetos.com.br\\\/blog\\\/noticias\\\/trabalhadores-dos-correios-em-al-agendam-assembleia-para-decretar-greve.html\"]}]},{\"@type\":\"ImageObject\",\"inLanguage\":\"pt-BR\",\"@id\":\"https:\\\/\\\/www.rastrearobjetos.com.br\\\/blog\\\/noticias\\\/trabalhadores-dos-correios-em-al-agendam-assembleia-para-decretar-greve.html#primaryimage\",\"url\":\"https:\\\/\\\/www.rastrearobjetos.com.br\\\/blog\\\/wp-content\\\/uploads\\\/2019\\\/04\\\/whatsapp-image-2018-03-12-at-09.02.18.jpg\",\"contentUrl\":\"https:\\\/\\\/www.rastrearobjetos.com.br\\\/blog\\\/wp-content\\\/uploads\\\/2019\\\/04\\\/whatsapp-image-2018-03-12-at-09.02.18.jpg\",\"width\":984,\"height\":554,\"caption\":\"greve protesto pessoas faixas\"},{\"@type\":\"BreadcrumbList\",\"@id\":\"https:\\\/\\\/www.rastrearobjetos.com.br\\\/blog\\\/noticias\\\/trabalhadores-dos-correios-em-al-agendam-assembleia-para-decretar-greve.html#breadcrumb\",\"itemListElement\":[{\"@type\":\"ListItem\",\"position\":1,\"name\":\"In\u00edcio\",\"item\":\"https:\\\/\\\/www.rastrearobjetos.com.br\\\/blog\\\/\"},{\"@type\":\"ListItem\",\"position\":2,\"name\":\"Not\u00edcias\",\"item\":\"https:\\\/\\\/www.rastrearobjetos.com.br\\\/blog\\\/categoria\\\/noticias\"},{\"@type\":\"ListItem\",\"position\":3,\"name\":\"Trabalhadores dos Correios em AL agendam assembleia para decretar greve\"}]},{\"@type\":\"WebSite\",\"@id\":\"https:\\\/\\\/www.rastrearobjetos.com.br\\\/blog\\\/#website\",\"url\":\"https:\\\/\\\/www.rastrearobjetos.com.br\\\/blog\\\/\",\"name\":\"Rastrear Correios\",\"description\":\"Blog do Rastreador dos Correios\",\"publisher\":{\"@id\":\"https:\\\/\\\/www.rastrearobjetos.com.br\\\/blog\\\/#organization\"},\"potentialAction\":[{\"@type\":\"SearchAction\",\"target\":{\"@type\":\"EntryPoint\",\"urlTemplate\":\"https:\\\/\\\/www.rastrearobjetos.com.br\\\/blog\\\/?s={search_term_string}\"},\"query-input\":{\"@type\":\"PropertyValueSpecification\",\"valueRequired\":true,\"valueName\":\"search_term_string\"}}],\"inLanguage\":\"pt-BR\"},{\"@type\":\"Organization\",\"@id\":\"https:\\\/\\\/www.rastrearobjetos.com.br\\\/blog\\\/#organization\",\"name\":\"Rastrear Objetos dos Correios\",\"url\":\"https:\\\/\\\/www.rastrearobjetos.com.br\\\/blog\\\/\",\"logo\":{\"@type\":\"ImageObject\",\"inLanguage\":\"pt-BR\",\"@id\":\"https:\\\/\\\/www.rastrearobjetos.com.br\\\/blog\\\/#\\\/schema\\\/logo\\\/image\\\/\",\"url\":\"https:\\\/\\\/www.rastrearobjetos.com.br\\\/blog\\\/wp-content\\\/uploads\\\/2017\\\/09\\\/logo-correios-1.png\",\"contentUrl\":\"https:\\\/\\\/www.rastrearobjetos.com.br\\\/blog\\\/wp-content\\\/uploads\\\/2017\\\/09\\\/logo-correios-1.png\",\"width\":314,\"height\":49,\"caption\":\"Rastrear Objetos dos Correios\"},\"image\":{\"@id\":\"https:\\\/\\\/www.rastrearobjetos.com.br\\\/blog\\\/#\\\/schema\\\/logo\\\/image\\\/\"},\"sameAs\":[\"https:\\\/\\\/www.facebook.com\\\/RastreadorDeObjetos\",\"https:\\\/\\\/x.com\\\/rastrearobjetos\"]},{\"@type\":\"Person\",\"@id\":\"https:\\\/\\\/www.rastrearobjetos.com.br\\\/blog\\\/#\\\/schema\\\/person\\\/0ecfd4bb0e3d1a11c9de7b048f0beaaf\",\"name\":\"Rastreador de Objetos\",\"image\":{\"@type\":\"ImageObject\",\"inLanguage\":\"pt-BR\",\"@id\":\"https:\\\/\\\/secure.gravatar.com\\\/avatar\\\/87a6c926c997a0a931c9a06b1dc5dea49d1b1b8fcaf6f0acef031004169a5d76?s=96&d=mm&r=g\",\"url\":\"https:\\\/\\\/secure.gravatar.com\\\/avatar\\\/87a6c926c997a0a931c9a06b1dc5dea49d1b1b8fcaf6f0acef031004169a5d76?s=96&d=mm&r=g\",\"contentUrl\":\"https:\\\/\\\/secure.gravatar.com\\\/avatar\\\/87a6c926c997a0a931c9a06b1dc5dea49d1b1b8fcaf6f0acef031004169a5d76?s=96&d=mm&r=g\",\"caption\":\"Rastreador de Objetos\"},\"url\":\"https:\\\/\\\/www.rastrearobjetos.com.br\\\/blog\\\/author\\\/admin\"}]}<\/script>\n<!-- \/ Yoast SEO plugin. -->","yoast_head_json":{"title":"Trabalhadores dos Correios em AL agendam assembleia para decretar greve - Rastrear Correios","description":"Rastrear Objetos Correios. Rastreamento de sua Encomenda. Acompanhe todos os passos da sua entrega. R\u00e1pido, F\u00e1cil e Gr\u00e1tis. Receba notifica\u00e7\u00f5es atualizadas.","robots":{"index":"index","follow":"follow","max-snippet":"max-snippet:-1","max-image-preview":"max-image-preview:large","max-video-preview":"max-video-preview:-1"},"canonical":"https:\/\/www.rastrearobjetos.com.br\/blog\/noticias\/trabalhadores-dos-correios-em-al-agendam-assembleia-para-decretar-greve.html","og_locale":"pt_BR","og_type":"article","og_title":"Trabalhadores dos Correios em AL agendam assembleia para decretar greve - Rastrear Correios","og_description":"Rastrear Objetos Correios. Rastreamento de sua Encomenda. Acompanhe todos os passos da sua entrega. R\u00e1pido, F\u00e1cil e Gr\u00e1tis. Receba notifica\u00e7\u00f5es atualizadas.","og_url":"https:\/\/www.rastrearobjetos.com.br\/blog\/noticias\/trabalhadores-dos-correios-em-al-agendam-assembleia-para-decretar-greve.html","og_site_name":"Rastrear Correios","article_publisher":"https:\/\/www.facebook.com\/RastreadorDeObjetos","article_published_time":"2019-04-09T12:41:01+00:00","article_modified_time":"2019-04-09T12:42:20+00:00","og_image":[{"width":984,"height":554,"url":"https:\/\/www.rastrearobjetos.com.br\/blog\/wp-content\/uploads\/2019\/04\/whatsapp-image-2018-03-12-at-09.02.18.jpg","type":"image\/jpeg"}],"author":"Rastreador de Objetos","twitter_card":"summary_large_image","twitter_creator":"@rastrearobjetos","twitter_site":"@rastrearobjetos","twitter_misc":{"Escrito por":"Rastreador de Objetos","Est. tempo de leitura":"2 minutos"},"schema":{"@context":"https:\/\/schema.org","@graph":[{"@type":"Article","@id":"https:\/\/www.rastrearobjetos.com.br\/blog\/noticias\/trabalhadores-dos-correios-em-al-agendam-assembleia-para-decretar-greve.html#article","isPartOf":{"@id":"https:\/\/www.rastrearobjetos.com.br\/blog\/noticias\/trabalhadores-dos-correios-em-al-agendam-assembleia-para-decretar-greve.html"},"author":{"name":"Rastreador de Objetos","@id":"https:\/\/www.rastrearobjetos.com.br\/blog\/#\/schema\/person\/0ecfd4bb0e3d1a11c9de7b048f0beaaf"},"headline":"Trabalhadores dos Correios em AL agendam assembleia para decretar greve","datePublished":"2019-04-09T12:41:01+00:00","dateModified":"2019-04-09T12:42:20+00:00","mainEntityOfPage":{"@id":"https:\/\/www.rastrearobjetos.com.br\/blog\/noticias\/trabalhadores-dos-correios-em-al-agendam-assembleia-para-decretar-greve.html"},"wordCount":352,"commentCount":0,"publisher":{"@id":"https:\/\/www.rastrearobjetos.com.br\/blog\/#organization"},"image":{"@id":"https:\/\/www.rastrearobjetos.com.br\/blog\/noticias\/trabalhadores-dos-correios-em-al-agendam-assembleia-para-decretar-greve.html#primaryimage"},"thumbnailUrl":"https:\/\/www.rastrearobjetos.com.br\/blog\/wp-content\/uploads\/2019\/04\/whatsapp-image-2018-03-12-at-09.02.18.jpg","keywords":["alagoas","Macei\u00f3","Sintec\/AL"],"articleSection":["Greve","Not\u00edcias"],"inLanguage":"pt-BR","potentialAction":[{"@type":"CommentAction","name":"Comment","target":["https:\/\/www.rastrearobjetos.com.br\/blog\/noticias\/trabalhadores-dos-correios-em-al-agendam-assembleia-para-decretar-greve.html#respond"]}]},{"@type":"WebPage","@id":"https:\/\/www.rastrearobjetos.com.br\/blog\/noticias\/trabalhadores-dos-correios-em-al-agendam-assembleia-para-decretar-greve.html","url":"https:\/\/www.rastrearobjetos.com.br\/blog\/noticias\/trabalhadores-dos-correios-em-al-agendam-assembleia-para-decretar-greve.html","name":"Trabalhadores dos Correios em AL agendam assembleia para decretar greve - Rastrear Correios","isPartOf":{"@id":"https:\/\/www.rastrearobjetos.com.br\/blog\/#website"},"primaryImageOfPage":{"@id":"https:\/\/www.rastrearobjetos.com.br\/blog\/noticias\/trabalhadores-dos-correios-em-al-agendam-assembleia-para-decretar-greve.html#primaryimage"},"image":{"@id":"https:\/\/www.rastrearobjetos.com.br\/blog\/noticias\/trabalhadores-dos-correios-em-al-agendam-assembleia-para-decretar-greve.html#primaryimage"},"thumbnailUrl":"https:\/\/www.rastrearobjetos.com.br\/blog\/wp-content\/uploads\/2019\/04\/whatsapp-image-2018-03-12-at-09.02.18.jpg","datePublished":"2019-04-09T12:41:01+00:00","dateModified":"2019-04-09T12:42:20+00:00","description":"Rastrear Objetos Correios. Rastreamento de sua Encomenda. Acompanhe todos os passos da sua entrega. R\u00e1pido, F\u00e1cil e Gr\u00e1tis. Receba notifica\u00e7\u00f5es atualizadas.","breadcrumb":{"@id":"https:\/\/www.rastrearobjetos.com.br\/blog\/noticias\/trabalhadores-dos-correios-em-al-agendam-assembleia-para-decretar-greve.html#breadcrumb"},"inLanguage":"pt-BR","potentialAction":[{"@type":"ReadAction","target":["https:\/\/www.rastrearobjetos.com.br\/blog\/noticias\/trabalhadores-dos-correios-em-al-agendam-assembleia-para-decretar-greve.html"]}]},{"@type":"ImageObject","inLanguage":"pt-BR","@id":"https:\/\/www.rastrearobjetos.com.br\/blog\/noticias\/trabalhadores-dos-correios-em-al-agendam-assembleia-para-decretar-greve.html#primaryimage","url":"https:\/\/www.rastrearobjetos.com.br\/blog\/wp-content\/uploads\/2019\/04\/whatsapp-image-2018-03-12-at-09.02.18.jpg","contentUrl":"https:\/\/www.rastrearobjetos.com.br\/blog\/wp-content\/uploads\/2019\/04\/whatsapp-image-2018-03-12-at-09.02.18.jpg","width":984,"height":554,"caption":"greve protesto pessoas faixas"},{"@type":"BreadcrumbList","@id":"https:\/\/www.rastrearobjetos.com.br\/blog\/noticias\/trabalhadores-dos-correios-em-al-agendam-assembleia-para-decretar-greve.html#breadcrumb","itemListElement":[{"@type":"ListItem","position":1,"name":"In\u00edcio","item":"https:\/\/www.rastrearobjetos.com.br\/blog\/"},{"@type":"ListItem","position":2,"name":"Not\u00edcias","item":"https:\/\/www.rastrearobjetos.com.br\/blog\/categoria\/noticias"},{"@type":"ListItem","position":3,"name":"Trabalhadores dos Correios em AL agendam assembleia para decretar greve"}]},{"@type":"WebSite","@id":"https:\/\/www.rastrearobjetos.com.br\/blog\/#website","url":"https:\/\/www.rastrearobjetos.com.br\/blog\/","name":"Rastrear Correios","description":"Blog do Rastreador dos Correios","publisher":{"@id":"https:\/\/www.rastrearobjetos.com.br\/blog\/#organization"},"potentialAction":[{"@type":"SearchAction","target":{"@type":"EntryPoint","urlTemplate":"https:\/\/www.rastrearobjetos.com.br\/blog\/?s={search_term_string}"},"query-input":{"@type":"PropertyValueSpecification","valueRequired":true,"valueName":"search_term_string"}}],"inLanguage":"pt-BR"},{"@type":"Organization","@id":"https:\/\/www.rastrearobjetos.com.br\/blog\/#organization","name":"Rastrear Objetos dos Correios","url":"https:\/\/www.rastrearobjetos.com.br\/blog\/","logo":{"@type":"ImageObject","inLanguage":"pt-BR","@id":"https:\/\/www.rastrearobjetos.com.br\/blog\/#\/schema\/logo\/image\/","url":"https:\/\/www.rastrearobjetos.com.br\/blog\/wp-content\/uploads\/2017\/09\/logo-correios-1.png","contentUrl":"https:\/\/www.rastrearobjetos.com.br\/blog\/wp-content\/uploads\/2017\/09\/logo-correios-1.png","width":314,"height":49,"caption":"Rastrear Objetos dos Correios"},"image":{"@id":"https:\/\/www.rastrearobjetos.com.br\/blog\/#\/schema\/logo\/image\/"},"sameAs":["https:\/\/www.facebook.com\/RastreadorDeObjetos","https:\/\/x.com\/rastrearobjetos"]},{"@type":"Person","@id":"https:\/\/www.rastrearobjetos.com.br\/blog\/#\/schema\/person\/0ecfd4bb0e3d1a11c9de7b048f0beaaf","name":"Rastreador de Objetos","image":{"@type":"ImageObject","inLanguage":"pt-BR","@id":"https:\/\/secure.gravatar.com\/avatar\/87a6c926c997a0a931c9a06b1dc5dea49d1b1b8fcaf6f0acef031004169a5d76?s=96&d=mm&r=g","url":"https:\/\/secure.gravatar.com\/avatar\/87a6c926c997a0a931c9a06b1dc5dea49d1b1b8fcaf6f0acef031004169a5d76?s=96&d=mm&r=g","contentUrl":"https:\/\/secure.gravatar.com\/avatar\/87a6c926c997a0a931c9a06b1dc5dea49d1b1b8fcaf6f0acef031004169a5d76?s=96&d=mm&r=g","caption":"Rastreador de Objetos"},"url":"https:\/\/www.rastrearobjetos.com.br\/blog\/author\/admin"}]}},"amp_enabled":true,"_links":{"self":[{"href":"https:\/\/www.rastrearobjetos.com.br\/blog\/wp-json\/wp\/v2\/posts\/1765","targetHints":{"allow":["GET"]}}],"collection":[{"href":"https:\/\/www.rastrearobjetos.com.br\/blog\/wp-json\/wp\/v2\/posts"}],"about":[{"href":"https:\/\/www.rastrearobjetos.com.br\/blog\/wp-json\/wp\/v2\/types\/post"}],"author":[{"embeddable":true,"href":"https:\/\/www.rastrearobjetos.com.br\/blog\/wp-json\/wp\/v2\/users\/1"}],"replies":[{"embeddable":true,"href":"https:\/\/www.rastrearobjetos.com.br\/blog\/wp-json\/wp\/v2\/comments?post=1765"}],"version-history":[{"count":2,"href":"https:\/\/www.rastrearobjetos.com.br\/blog\/wp-json\/wp\/v2\/posts\/1765\/revisions"}],"predecessor-version":[{"id":1768,"href":"https:\/\/www.rastrearobjetos.com.br\/blog\/wp-json\/wp\/v2\/posts\/1765\/revisions\/1768"}],"wp:featuredmedia":[{"embeddable":true,"href":"https:\/\/www.rastrearobjetos.com.br\/blog\/wp-json\/wp\/v2\/media\/1766"}],"wp:attachment":[{"href":"https:\/\/www.rastrearobjetos.com.br\/blog\/wp-json\/wp\/v2\/media?parent=1765"}],"wp:term":[{"taxonomy":"category","embeddable":true,"href":"https:\/\/www.rastrearobjetos.com.br\/blog\/wp-json\/wp\/v2\/categories?post=1765"},{"taxonomy":"post_tag","embeddable":true,"href":"https:\/\/www.rastrearobjetos.com.br\/blog\/wp-json\/wp\/v2\/tags?post=1765"}],"curies":[{"name":"wp","href":"https:\/\/api.w.org\/{rel}","templated":true}]}}