{"id":1803,"date":"2019-04-12T10:36:12","date_gmt":"2019-04-12T13:36:12","guid":{"rendered":"https:\/\/www.rastrearobjetos.com.br\/blog\/?p=1803"},"modified":"2019-04-12T10:36:12","modified_gmt":"2019-04-12T13:36:12","slug":"pf-faz-operacao-contra-roubo-de-cargas-dos-correios-na-vila-alianca","status":"publish","type":"post","link":"https:\/\/www.rastrearobjetos.com.br\/blog\/crime\/pf-faz-operacao-contra-roubo-de-cargas-dos-correios-na-vila-alianca.html","title":{"rendered":"PF faz opera\u00e7\u00e3o contra roubo de cargas dos Correios na Vila Alian\u00e7a"},"content":{"rendered":"<p>Tr\u00eas criminosos foram presos durante uma opera\u00e7\u00e3o da Pol\u00edcia Federal na Comunidade <a href=\"https:\/\/www.rastrearobjetos.com.br\/blog\/tags\/vila-alianca\" title=\"Vila Alian\u00e7a\">Vila Alian\u00e7a<\/a>, em Bangu, na Zona Oeste do Rio.<\/p>\n<p>Na a\u00e7\u00e3o, realizada na manh\u00e3 desta quinta-feira (11), com apoio da Pol\u00edcia Militar, dois assaltantes de uma quadrilha especializada em roubos de cargas dos Correios e um traficante foram detidos.<\/p>\n<p>Com os criminosos, que n\u00e3o tiveram as identidades divulgadas, foi apreendida uma pistola. De acordo com a <a href=\"https:\/\/www.rastrearobjetos.com.br\/blog\/tags\/pf\" title=\"PF\">PF<\/a>, a <a href=\"https:\/\/www.rastrearobjetos.com.br\/blog\/tags\/carga\" title=\"carga\">carga<\/a> roubada n\u00e3o foi encontrada.<\/p>\n<p>Fonte: <a href=\"http:\/\/bandnewsfmrio.com.br\/editorias-detalhes\/pf-faz-operacao-contra-roubo-de-cargas-dos-co\" target=\"_blank\" rel=\"noopener\">Bandnews<\/a><\/p>\n","protected":false},"excerpt":{"rendered":"<p>Tr\u00eas criminosos foram presos durante uma opera\u00e7\u00e3o da Pol\u00edcia Federal na Comunidade Vila Alian\u00e7a, em Bangu, na Zona Oeste do Rio. Na a\u00e7\u00e3o, realizada na manh\u00e3 desta quinta-feira (11), com apoio da Pol\u00edcia Militar, dois assaltantes de uma quadrilha especializada em roubos de cargas dos Correios e um traficante foram detidos. Com os criminosos, que [&hellip;]<\/p>\n","protected":false},"author":1,"featured_media":1804,"comment_status":"open","ping_status":"open","sticky":false,"template":"","format":"standard","meta":{"footnotes":""},"categories":[1345],"tags":[104,1144,169,1398,76,1399],"class_list":["post-1803","post","type-post","status-publish","format-standard","has-post-thumbnail","hentry","category-crime","tag-carga","tag-correio","tag-crime","tag-pf","tag-roubo","tag-vila-alianca"],"yoast_head":"<!-- This site is optimized with the Yoast SEO plugin v27.4 - https:\/\/yoast.com\/product\/yoast-seo-wordpress\/ -->\n<title>PF faz opera\u00e7\u00e3o contra roubo de cargas dos Correios na Vila Alian\u00e7a - Rastrear Correios<\/title>\n<meta name=\"description\" content=\"Rastrear Objetos Correios. Rastreamento de sua Encomenda. Acompanhe todos os passos da sua entrega. R\u00e1pido, F\u00e1cil e Gr\u00e1tis. Receba notifica\u00e7\u00f5es atualizadas.\" \/>\n<meta name=\"robots\" content=\"index, follow, max-snippet:-1, max-image-preview:large, max-video-preview:-1\" \/>\n<link rel=\"canonical\" href=\"https:\/\/www.rastrearobjetos.com.br\/blog\/crime\/pf-faz-operacao-contra-roubo-de-cargas-dos-correios-na-vila-alianca.html\" \/>\n<meta property=\"og:locale\" content=\"pt_BR\" \/>\n<meta property=\"og:type\" content=\"article\" \/>\n<meta property=\"og:title\" content=\"PF faz opera\u00e7\u00e3o contra roubo de cargas dos Correios na Vila Alian\u00e7a - Rastrear Correios\" \/>\n<meta property=\"og:description\" content=\"Rastrear Objetos Correios. Rastreamento de sua Encomenda. Acompanhe todos os passos da sua entrega. R\u00e1pido, F\u00e1cil e Gr\u00e1tis. Receba notifica\u00e7\u00f5es atualizadas.\" \/>\n<meta property=\"og:url\" content=\"https:\/\/www.rastrearobjetos.com.br\/blog\/crime\/pf-faz-operacao-contra-roubo-de-cargas-dos-correios-na-vila-alianca.html\" \/>\n<meta property=\"og:site_name\" content=\"Rastrear Correios\" \/>\n<meta property=\"article:publisher\" content=\"https:\/\/www.facebook.com\/RastreadorDeObjetos\" \/>\n<meta property=\"article:published_time\" content=\"2019-04-12T13:36:12+00:00\" \/>\n<meta property=\"og:image\" content=\"https:\/\/www.rastrearobjetos.com.br\/blog\/wp-content\/uploads\/2019\/04\/roubo-carga.jpg\" \/>\n\t<meta property=\"og:image:width\" content=\"700\" \/>\n\t<meta property=\"og:image:height\" content=\"460\" \/>\n\t<meta property=\"og:image:type\" content=\"image\/jpeg\" \/>\n<meta name=\"author\" content=\"Rastreador de Objetos\" \/>\n<meta name=\"twitter:card\" content=\"summary_large_image\" \/>\n<meta name=\"twitter:creator\" content=\"@rastrearobjetos\" \/>\n<meta name=\"twitter:site\" content=\"@rastrearobjetos\" \/>\n<meta name=\"twitter:label1\" content=\"Escrito por\" \/>\n\t<meta name=\"twitter:data1\" content=\"Rastreador de Objetos\" \/>\n<script type=\"application\/ld+json\" class=\"yoast-schema-graph\">{\"@context\":\"https:\\\/\\\/schema.org\",\"@graph\":[{\"@type\":\"Article\",\"@id\":\"https:\\\/\\\/www.rastrearobjetos.com.br\\\/blog\\\/crime\\\/pf-faz-operacao-contra-roubo-de-cargas-dos-correios-na-vila-alianca.html#article\",\"isPartOf\":{\"@id\":\"https:\\\/\\\/www.rastrearobjetos.com.br\\\/blog\\\/crime\\\/pf-faz-operacao-contra-roubo-de-cargas-dos-correios-na-vila-alianca.html\"},\"author\":{\"name\":\"Rastreador de Objetos\",\"@id\":\"https:\\\/\\\/www.rastrearobjetos.com.br\\\/blog\\\/#\\\/schema\\\/person\\\/0ecfd4bb0e3d1a11c9de7b048f0beaaf\"},\"headline\":\"PF faz opera\u00e7\u00e3o contra roubo de cargas dos Correios na Vila Alian\u00e7a\",\"datePublished\":\"2019-04-12T13:36:12+00:00\",\"mainEntityOfPage\":{\"@id\":\"https:\\\/\\\/www.rastrearobjetos.com.br\\\/blog\\\/crime\\\/pf-faz-operacao-contra-roubo-de-cargas-dos-correios-na-vila-alianca.html\"},\"wordCount\":98,\"commentCount\":0,\"publisher\":{\"@id\":\"https:\\\/\\\/www.rastrearobjetos.com.br\\\/blog\\\/#organization\"},\"image\":{\"@id\":\"https:\\\/\\\/www.rastrearobjetos.com.br\\\/blog\\\/crime\\\/pf-faz-operacao-contra-roubo-de-cargas-dos-correios-na-vila-alianca.html#primaryimage\"},\"thumbnailUrl\":\"https:\\\/\\\/www.rastrearobjetos.com.br\\\/blog\\\/wp-content\\\/uploads\\\/2019\\\/04\\\/roubo-carga.jpg\",\"keywords\":[\"carga\",\"correio\",\"crime\",\"PF\",\"roubo\",\"Vila Alian\u00e7a\"],\"articleSection\":[\"Crime\"],\"inLanguage\":\"pt-BR\",\"potentialAction\":[{\"@type\":\"CommentAction\",\"name\":\"Comment\",\"target\":[\"https:\\\/\\\/www.rastrearobjetos.com.br\\\/blog\\\/crime\\\/pf-faz-operacao-contra-roubo-de-cargas-dos-correios-na-vila-alianca.html#respond\"]}]},{\"@type\":\"WebPage\",\"@id\":\"https:\\\/\\\/www.rastrearobjetos.com.br\\\/blog\\\/crime\\\/pf-faz-operacao-contra-roubo-de-cargas-dos-correios-na-vila-alianca.html\",\"url\":\"https:\\\/\\\/www.rastrearobjetos.com.br\\\/blog\\\/crime\\\/pf-faz-operacao-contra-roubo-de-cargas-dos-correios-na-vila-alianca.html\",\"name\":\"PF faz opera\u00e7\u00e3o contra roubo de cargas dos Correios na Vila Alian\u00e7a - Rastrear Correios\",\"isPartOf\":{\"@id\":\"https:\\\/\\\/www.rastrearobjetos.com.br\\\/blog\\\/#website\"},\"primaryImageOfPage\":{\"@id\":\"https:\\\/\\\/www.rastrearobjetos.com.br\\\/blog\\\/crime\\\/pf-faz-operacao-contra-roubo-de-cargas-dos-correios-na-vila-alianca.html#primaryimage\"},\"image\":{\"@id\":\"https:\\\/\\\/www.rastrearobjetos.com.br\\\/blog\\\/crime\\\/pf-faz-operacao-contra-roubo-de-cargas-dos-correios-na-vila-alianca.html#primaryimage\"},\"thumbnailUrl\":\"https:\\\/\\\/www.rastrearobjetos.com.br\\\/blog\\\/wp-content\\\/uploads\\\/2019\\\/04\\\/roubo-carga.jpg\",\"datePublished\":\"2019-04-12T13:36:12+00:00\",\"description\":\"Rastrear Objetos Correios. Rastreamento de sua Encomenda. Acompanhe todos os passos da sua entrega. R\u00e1pido, F\u00e1cil e Gr\u00e1tis. Receba notifica\u00e7\u00f5es atualizadas.\",\"breadcrumb\":{\"@id\":\"https:\\\/\\\/www.rastrearobjetos.com.br\\\/blog\\\/crime\\\/pf-faz-operacao-contra-roubo-de-cargas-dos-correios-na-vila-alianca.html#breadcrumb\"},\"inLanguage\":\"pt-BR\",\"potentialAction\":[{\"@type\":\"ReadAction\",\"target\":[\"https:\\\/\\\/www.rastrearobjetos.com.br\\\/blog\\\/crime\\\/pf-faz-operacao-contra-roubo-de-cargas-dos-correios-na-vila-alianca.html\"]}]},{\"@type\":\"ImageObject\",\"inLanguage\":\"pt-BR\",\"@id\":\"https:\\\/\\\/www.rastrearobjetos.com.br\\\/blog\\\/crime\\\/pf-faz-operacao-contra-roubo-de-cargas-dos-correios-na-vila-alianca.html#primaryimage\",\"url\":\"https:\\\/\\\/www.rastrearobjetos.com.br\\\/blog\\\/wp-content\\\/uploads\\\/2019\\\/04\\\/roubo-carga.jpg\",\"contentUrl\":\"https:\\\/\\\/www.rastrearobjetos.com.br\\\/blog\\\/wp-content\\\/uploads\\\/2019\\\/04\\\/roubo-carga.jpg\",\"width\":700,\"height\":460},{\"@type\":\"BreadcrumbList\",\"@id\":\"https:\\\/\\\/www.rastrearobjetos.com.br\\\/blog\\\/crime\\\/pf-faz-operacao-contra-roubo-de-cargas-dos-correios-na-vila-alianca.html#breadcrumb\",\"itemListElement\":[{\"@type\":\"ListItem\",\"position\":1,\"name\":\"In\u00edcio\",\"item\":\"https:\\\/\\\/www.rastrearobjetos.com.br\\\/blog\\\/\"},{\"@type\":\"ListItem\",\"position\":2,\"name\":\"Crime\",\"item\":\"https:\\\/\\\/www.rastrearobjetos.com.br\\\/blog\\\/categoria\\\/crime\"},{\"@type\":\"ListItem\",\"position\":3,\"name\":\"PF faz opera\u00e7\u00e3o contra roubo de cargas dos Correios na Vila Alian\u00e7a\"}]},{\"@type\":\"WebSite\",\"@id\":\"https:\\\/\\\/www.rastrearobjetos.com.br\\\/blog\\\/#website\",\"url\":\"https:\\\/\\\/www.rastrearobjetos.com.br\\\/blog\\\/\",\"name\":\"Rastrear Correios\",\"description\":\"Blog do Rastreador dos Correios\",\"publisher\":{\"@id\":\"https:\\\/\\\/www.rastrearobjetos.com.br\\\/blog\\\/#organization\"},\"potentialAction\":[{\"@type\":\"SearchAction\",\"target\":{\"@type\":\"EntryPoint\",\"urlTemplate\":\"https:\\\/\\\/www.rastrearobjetos.com.br\\\/blog\\\/?s={search_term_string}\"},\"query-input\":{\"@type\":\"PropertyValueSpecification\",\"valueRequired\":true,\"valueName\":\"search_term_string\"}}],\"inLanguage\":\"pt-BR\"},{\"@type\":\"Organization\",\"@id\":\"https:\\\/\\\/www.rastrearobjetos.com.br\\\/blog\\\/#organization\",\"name\":\"Rastrear Objetos dos Correios\",\"url\":\"https:\\\/\\\/www.rastrearobjetos.com.br\\\/blog\\\/\",\"logo\":{\"@type\":\"ImageObject\",\"inLanguage\":\"pt-BR\",\"@id\":\"https:\\\/\\\/www.rastrearobjetos.com.br\\\/blog\\\/#\\\/schema\\\/logo\\\/image\\\/\",\"url\":\"https:\\\/\\\/www.rastrearobjetos.com.br\\\/blog\\\/wp-content\\\/uploads\\\/2017\\\/09\\\/logo-correios-1.png\",\"contentUrl\":\"https:\\\/\\\/www.rastrearobjetos.com.br\\\/blog\\\/wp-content\\\/uploads\\\/2017\\\/09\\\/logo-correios-1.png\",\"width\":314,\"height\":49,\"caption\":\"Rastrear Objetos dos Correios\"},\"image\":{\"@id\":\"https:\\\/\\\/www.rastrearobjetos.com.br\\\/blog\\\/#\\\/schema\\\/logo\\\/image\\\/\"},\"sameAs\":[\"https:\\\/\\\/www.facebook.com\\\/RastreadorDeObjetos\",\"https:\\\/\\\/x.com\\\/rastrearobjetos\"]},{\"@type\":\"Person\",\"@id\":\"https:\\\/\\\/www.rastrearobjetos.com.br\\\/blog\\\/#\\\/schema\\\/person\\\/0ecfd4bb0e3d1a11c9de7b048f0beaaf\",\"name\":\"Rastreador de Objetos\",\"image\":{\"@type\":\"ImageObject\",\"inLanguage\":\"pt-BR\",\"@id\":\"https:\\\/\\\/secure.gravatar.com\\\/avatar\\\/87a6c926c997a0a931c9a06b1dc5dea49d1b1b8fcaf6f0acef031004169a5d76?s=96&d=mm&r=g\",\"url\":\"https:\\\/\\\/secure.gravatar.com\\\/avatar\\\/87a6c926c997a0a931c9a06b1dc5dea49d1b1b8fcaf6f0acef031004169a5d76?s=96&d=mm&r=g\",\"contentUrl\":\"https:\\\/\\\/secure.gravatar.com\\\/avatar\\\/87a6c926c997a0a931c9a06b1dc5dea49d1b1b8fcaf6f0acef031004169a5d76?s=96&d=mm&r=g\",\"caption\":\"Rastreador de Objetos\"},\"url\":\"https:\\\/\\\/www.rastrearobjetos.com.br\\\/blog\\\/author\\\/admin\"}]}<\/script>\n<!-- \/ Yoast SEO plugin. -->","yoast_head_json":{"title":"PF faz opera\u00e7\u00e3o contra roubo de cargas dos Correios na Vila Alian\u00e7a - Rastrear Correios","description":"Rastrear Objetos Correios. Rastreamento de sua Encomenda. Acompanhe todos os passos da sua entrega. R\u00e1pido, F\u00e1cil e Gr\u00e1tis. Receba notifica\u00e7\u00f5es atualizadas.","robots":{"index":"index","follow":"follow","max-snippet":"max-snippet:-1","max-image-preview":"max-image-preview:large","max-video-preview":"max-video-preview:-1"},"canonical":"https:\/\/www.rastrearobjetos.com.br\/blog\/crime\/pf-faz-operacao-contra-roubo-de-cargas-dos-correios-na-vila-alianca.html","og_locale":"pt_BR","og_type":"article","og_title":"PF faz opera\u00e7\u00e3o contra roubo de cargas dos Correios na Vila Alian\u00e7a - Rastrear Correios","og_description":"Rastrear Objetos Correios. Rastreamento de sua Encomenda. Acompanhe todos os passos da sua entrega. R\u00e1pido, F\u00e1cil e Gr\u00e1tis. Receba notifica\u00e7\u00f5es atualizadas.","og_url":"https:\/\/www.rastrearobjetos.com.br\/blog\/crime\/pf-faz-operacao-contra-roubo-de-cargas-dos-correios-na-vila-alianca.html","og_site_name":"Rastrear Correios","article_publisher":"https:\/\/www.facebook.com\/RastreadorDeObjetos","article_published_time":"2019-04-12T13:36:12+00:00","og_image":[{"width":700,"height":460,"url":"https:\/\/www.rastrearobjetos.com.br\/blog\/wp-content\/uploads\/2019\/04\/roubo-carga.jpg","type":"image\/jpeg"}],"author":"Rastreador de Objetos","twitter_card":"summary_large_image","twitter_creator":"@rastrearobjetos","twitter_site":"@rastrearobjetos","twitter_misc":{"Escrito por":"Rastreador de Objetos"},"schema":{"@context":"https:\/\/schema.org","@graph":[{"@type":"Article","@id":"https:\/\/www.rastrearobjetos.com.br\/blog\/crime\/pf-faz-operacao-contra-roubo-de-cargas-dos-correios-na-vila-alianca.html#article","isPartOf":{"@id":"https:\/\/www.rastrearobjetos.com.br\/blog\/crime\/pf-faz-operacao-contra-roubo-de-cargas-dos-correios-na-vila-alianca.html"},"author":{"name":"Rastreador de Objetos","@id":"https:\/\/www.rastrearobjetos.com.br\/blog\/#\/schema\/person\/0ecfd4bb0e3d1a11c9de7b048f0beaaf"},"headline":"PF faz opera\u00e7\u00e3o contra roubo de cargas dos Correios na Vila Alian\u00e7a","datePublished":"2019-04-12T13:36:12+00:00","mainEntityOfPage":{"@id":"https:\/\/www.rastrearobjetos.com.br\/blog\/crime\/pf-faz-operacao-contra-roubo-de-cargas-dos-correios-na-vila-alianca.html"},"wordCount":98,"commentCount":0,"publisher":{"@id":"https:\/\/www.rastrearobjetos.com.br\/blog\/#organization"},"image":{"@id":"https:\/\/www.rastrearobjetos.com.br\/blog\/crime\/pf-faz-operacao-contra-roubo-de-cargas-dos-correios-na-vila-alianca.html#primaryimage"},"thumbnailUrl":"https:\/\/www.rastrearobjetos.com.br\/blog\/wp-content\/uploads\/2019\/04\/roubo-carga.jpg","keywords":["carga","correio","crime","PF","roubo","Vila Alian\u00e7a"],"articleSection":["Crime"],"inLanguage":"pt-BR","potentialAction":[{"@type":"CommentAction","name":"Comment","target":["https:\/\/www.rastrearobjetos.com.br\/blog\/crime\/pf-faz-operacao-contra-roubo-de-cargas-dos-correios-na-vila-alianca.html#respond"]}]},{"@type":"WebPage","@id":"https:\/\/www.rastrearobjetos.com.br\/blog\/crime\/pf-faz-operacao-contra-roubo-de-cargas-dos-correios-na-vila-alianca.html","url":"https:\/\/www.rastrearobjetos.com.br\/blog\/crime\/pf-faz-operacao-contra-roubo-de-cargas-dos-correios-na-vila-alianca.html","name":"PF faz opera\u00e7\u00e3o contra roubo de cargas dos Correios na Vila Alian\u00e7a - Rastrear Correios","isPartOf":{"@id":"https:\/\/www.rastrearobjetos.com.br\/blog\/#website"},"primaryImageOfPage":{"@id":"https:\/\/www.rastrearobjetos.com.br\/blog\/crime\/pf-faz-operacao-contra-roubo-de-cargas-dos-correios-na-vila-alianca.html#primaryimage"},"image":{"@id":"https:\/\/www.rastrearobjetos.com.br\/blog\/crime\/pf-faz-operacao-contra-roubo-de-cargas-dos-correios-na-vila-alianca.html#primaryimage"},"thumbnailUrl":"https:\/\/www.rastrearobjetos.com.br\/blog\/wp-content\/uploads\/2019\/04\/roubo-carga.jpg","datePublished":"2019-04-12T13:36:12+00:00","description":"Rastrear Objetos Correios. Rastreamento de sua Encomenda. Acompanhe todos os passos da sua entrega. R\u00e1pido, F\u00e1cil e Gr\u00e1tis. Receba notifica\u00e7\u00f5es atualizadas.","breadcrumb":{"@id":"https:\/\/www.rastrearobjetos.com.br\/blog\/crime\/pf-faz-operacao-contra-roubo-de-cargas-dos-correios-na-vila-alianca.html#breadcrumb"},"inLanguage":"pt-BR","potentialAction":[{"@type":"ReadAction","target":["https:\/\/www.rastrearobjetos.com.br\/blog\/crime\/pf-faz-operacao-contra-roubo-de-cargas-dos-correios-na-vila-alianca.html"]}]},{"@type":"ImageObject","inLanguage":"pt-BR","@id":"https:\/\/www.rastrearobjetos.com.br\/blog\/crime\/pf-faz-operacao-contra-roubo-de-cargas-dos-correios-na-vila-alianca.html#primaryimage","url":"https:\/\/www.rastrearobjetos.com.br\/blog\/wp-content\/uploads\/2019\/04\/roubo-carga.jpg","contentUrl":"https:\/\/www.rastrearobjetos.com.br\/blog\/wp-content\/uploads\/2019\/04\/roubo-carga.jpg","width":700,"height":460},{"@type":"BreadcrumbList","@id":"https:\/\/www.rastrearobjetos.com.br\/blog\/crime\/pf-faz-operacao-contra-roubo-de-cargas-dos-correios-na-vila-alianca.html#breadcrumb","itemListElement":[{"@type":"ListItem","position":1,"name":"In\u00edcio","item":"https:\/\/www.rastrearobjetos.com.br\/blog\/"},{"@type":"ListItem","position":2,"name":"Crime","item":"https:\/\/www.rastrearobjetos.com.br\/blog\/categoria\/crime"},{"@type":"ListItem","position":3,"name":"PF faz opera\u00e7\u00e3o contra roubo de cargas dos Correios na Vila Alian\u00e7a"}]},{"@type":"WebSite","@id":"https:\/\/www.rastrearobjetos.com.br\/blog\/#website","url":"https:\/\/www.rastrearobjetos.com.br\/blog\/","name":"Rastrear Correios","description":"Blog do Rastreador dos Correios","publisher":{"@id":"https:\/\/www.rastrearobjetos.com.br\/blog\/#organization"},"potentialAction":[{"@type":"SearchAction","target":{"@type":"EntryPoint","urlTemplate":"https:\/\/www.rastrearobjetos.com.br\/blog\/?s={search_term_string}"},"query-input":{"@type":"PropertyValueSpecification","valueRequired":true,"valueName":"search_term_string"}}],"inLanguage":"pt-BR"},{"@type":"Organization","@id":"https:\/\/www.rastrearobjetos.com.br\/blog\/#organization","name":"Rastrear Objetos dos Correios","url":"https:\/\/www.rastrearobjetos.com.br\/blog\/","logo":{"@type":"ImageObject","inLanguage":"pt-BR","@id":"https:\/\/www.rastrearobjetos.com.br\/blog\/#\/schema\/logo\/image\/","url":"https:\/\/www.rastrearobjetos.com.br\/blog\/wp-content\/uploads\/2017\/09\/logo-correios-1.png","contentUrl":"https:\/\/www.rastrearobjetos.com.br\/blog\/wp-content\/uploads\/2017\/09\/logo-correios-1.png","width":314,"height":49,"caption":"Rastrear Objetos dos Correios"},"image":{"@id":"https:\/\/www.rastrearobjetos.com.br\/blog\/#\/schema\/logo\/image\/"},"sameAs":["https:\/\/www.facebook.com\/RastreadorDeObjetos","https:\/\/x.com\/rastrearobjetos"]},{"@type":"Person","@id":"https:\/\/www.rastrearobjetos.com.br\/blog\/#\/schema\/person\/0ecfd4bb0e3d1a11c9de7b048f0beaaf","name":"Rastreador de Objetos","image":{"@type":"ImageObject","inLanguage":"pt-BR","@id":"https:\/\/secure.gravatar.com\/avatar\/87a6c926c997a0a931c9a06b1dc5dea49d1b1b8fcaf6f0acef031004169a5d76?s=96&d=mm&r=g","url":"https:\/\/secure.gravatar.com\/avatar\/87a6c926c997a0a931c9a06b1dc5dea49d1b1b8fcaf6f0acef031004169a5d76?s=96&d=mm&r=g","contentUrl":"https:\/\/secure.gravatar.com\/avatar\/87a6c926c997a0a931c9a06b1dc5dea49d1b1b8fcaf6f0acef031004169a5d76?s=96&d=mm&r=g","caption":"Rastreador de Objetos"},"url":"https:\/\/www.rastrearobjetos.com.br\/blog\/author\/admin"}]}},"amp_enabled":true,"_links":{"self":[{"href":"https:\/\/www.rastrearobjetos.com.br\/blog\/wp-json\/wp\/v2\/posts\/1803","targetHints":{"allow":["GET"]}}],"collection":[{"href":"https:\/\/www.rastrearobjetos.com.br\/blog\/wp-json\/wp\/v2\/posts"}],"about":[{"href":"https:\/\/www.rastrearobjetos.com.br\/blog\/wp-json\/wp\/v2\/types\/post"}],"author":[{"embeddable":true,"href":"https:\/\/www.rastrearobjetos.com.br\/blog\/wp-json\/wp\/v2\/users\/1"}],"replies":[{"embeddable":true,"href":"https:\/\/www.rastrearobjetos.com.br\/blog\/wp-json\/wp\/v2\/comments?post=1803"}],"version-history":[{"count":1,"href":"https:\/\/www.rastrearobjetos.com.br\/blog\/wp-json\/wp\/v2\/posts\/1803\/revisions"}],"predecessor-version":[{"id":1805,"href":"https:\/\/www.rastrearobjetos.com.br\/blog\/wp-json\/wp\/v2\/posts\/1803\/revisions\/1805"}],"wp:featuredmedia":[{"embeddable":true,"href":"https:\/\/www.rastrearobjetos.com.br\/blog\/wp-json\/wp\/v2\/media\/1804"}],"wp:attachment":[{"href":"https:\/\/www.rastrearobjetos.com.br\/blog\/wp-json\/wp\/v2\/media?parent=1803"}],"wp:term":[{"taxonomy":"category","embeddable":true,"href":"https:\/\/www.rastrearobjetos.com.br\/blog\/wp-json\/wp\/v2\/categories?post=1803"},{"taxonomy":"post_tag","embeddable":true,"href":"https:\/\/www.rastrearobjetos.com.br\/blog\/wp-json\/wp\/v2\/tags?post=1803"}],"curies":[{"name":"wp","href":"https:\/\/api.w.org\/{rel}","templated":true}]}}