{"id":1812,"date":"2019-04-15T09:17:50","date_gmt":"2019-04-15T12:17:50","guid":{"rendered":"https:\/\/www.rastrearobjetos.com.br\/blog\/?p=1812"},"modified":"2019-04-15T09:22:59","modified_gmt":"2019-04-15T12:22:59","slug":"cameras-de-dentro-de-van-registram-tentativa-de-assalto-a-veiculo-dos-correios-na-zona-sul-de-sp","status":"publish","type":"post","link":"https:\/\/www.rastrearobjetos.com.br\/blog\/noticias\/cameras-de-dentro-de-van-registram-tentativa-de-assalto-a-veiculo-dos-correios-na-zona-sul-de-sp.html","title":{"rendered":"C\u00e2meras de dentro de van registram tentativa de assalto a ve\u00edculo dos Correios na Zona Sul de SP"},"content":{"rendered":"<h2>Trio surpreendeu carteiro que retornava de entrega na Avenida Cupec\u00ea e fez o funcion\u00e1rio ref\u00e9m. PM interceptou fuga em cruzamento da Avenida Santo Amaro.<\/h2>\n<p>A Pol\u00edcia Militar (PM) frustrou uma tentativa de roubo de carga dos Correios na manh\u00e3 desta sexta-feira (12), na regi\u00e3o de Cidade Ademar, Zona Sul da cidade de <a href=\"https:\/\/www.rastrearobjetos.com.br\/blog\/tags\/sao-paulo\" title=\"S\u00e3o Paulo\">S\u00e3o Paulo<\/a>.<\/p>\n<p>Por volta das 11 horas, um carteiro estacionou a van da empresa na Avenida Cupec\u00ea para realizar uma entrega. Ao retornar para o ve\u00edculo foi surpreendido por tr\u00eas ladr\u00f5es. C\u00e2meras de dentro da van registraram a a\u00e7\u00e3o.<\/p>\n<p><img fetchpriority=\"high\" decoding=\"async\" class=\"aligncenter size-full wp-image-1814\" src=\"https:\/\/www.rastrearobjetos.com.br\/blog\/wp-content\/uploads\/2019\/04\/4.jpg\" alt=\"\" width=\"1600\" height=\"1002\" srcset=\"https:\/\/www.rastrearobjetos.com.br\/blog\/wp-content\/uploads\/2019\/04\/4.jpg 1280w, https:\/\/www.rastrearobjetos.com.br\/blog\/wp-content\/uploads\/2019\/04\/4-300x188.jpg 300w, https:\/\/www.rastrearobjetos.com.br\/blog\/wp-content\/uploads\/2019\/04\/4-768x481.jpg 768w, https:\/\/www.rastrearobjetos.com.br\/blog\/wp-content\/uploads\/2019\/04\/4-1024x641.jpg 1024w\" sizes=\"(max-width: 1600px) 100vw, 1600px\" \/><\/p>\n<p>O v\u00eddeo mostra o funcion\u00e1rio dos Correios sendo feito ref\u00e9m pelo trio. Depois, um dos homens assume a dire\u00e7\u00e3o da van e veste o uniforme amarelo e azul do carteiro.<\/p>\n<blockquote class=\"twitter-tweet\" data-width=\"550\" data-dnt=\"true\">\n<p lang=\"pt\" dir=\"ltr\">Criminosos fogem com ve\u00edculo dos Correios mantendo v\u00edtima no interior; Houve malfeitor pulando para a via durante o acompanhamento, pneu furado e at\u00e9 resist\u00eancia \u00e0 pris\u00e3o. Veja mais: <a href=\"https:\/\/t.co\/GUpqJp8YP4\">https:\/\/t.co\/GUpqJp8YP4<\/a> <a href=\"https:\/\/t.co\/qvaYsDl50u\">pic.twitter.com\/qvaYsDl50u<\/a><\/p>\n<p>&mdash; POL\u00cdCIA MILITAR &#8211; SP (@PMESP) <a href=\"https:\/\/twitter.com\/PMESP\/status\/1117610103589437441?ref_src=twsrc%5Etfw\">April 15, 2019<\/a><\/p><\/blockquote>\n<p><script async src=\"https:\/\/platform.twitter.com\/widgets.js\" charset=\"utf-8\"><\/script><\/p>\n<p>Uma testemunha acionou a PM e come\u00e7ou uma persegui\u00e7\u00e3o. A tentativa de fuga do trio terminou no cruzamento da Rua da Paz com a Avenida Santo Amaro.<\/p>\n<p>Os tr\u00eas assaltantes foram presos, o funcion\u00e1rio dos Correios foi liberado sem ferimentos e o caso foi registrado no 11\u00ba DP de Santo Amaro.<\/p>\n<p><img decoding=\"async\" class=\"aligncenter size-full wp-image-1815\" src=\"https:\/\/www.rastrearobjetos.com.br\/blog\/wp-content\/uploads\/2019\/04\/5.jpg\" alt=\"\" width=\"1600\" height=\"1666\" srcset=\"https:\/\/www.rastrearobjetos.com.br\/blog\/wp-content\/uploads\/2019\/04\/5.jpg 983w, https:\/\/www.rastrearobjetos.com.br\/blog\/wp-content\/uploads\/2019\/04\/5-288x300.jpg 288w, https:\/\/www.rastrearobjetos.com.br\/blog\/wp-content\/uploads\/2019\/04\/5-768x800.jpg 768w\" sizes=\"(max-width: 1600px) 100vw, 1600px\" \/><\/p>\n<p class=\"leiatbm\">\nImportante:\u00a0<a href=\"https:\/\/www.rastrearobjetos.com.br\/blog\/informacoes\/indenizacao-a-clientes-por-servicos-nao-prestados.html\">Indeniza\u00e7\u00e3o a clientes por servi\u00e7os n\u00e3o prestados<\/a>\n<\/p>\n<p>Fonte:\u00a0<a href=\"https:\/\/g1.globo.com\/sp\/sao-paulo\/noticia\/2019\/04\/12\/cameras-de-dentro-de-van-registram-tentativa-de-assalto-a-veiculo-dos-correios-na-zona-sul-de-sp.ghtml\" target=\"_blank\" rel=\"noopener\">https:\/\/g1.globo.com<\/a><\/p>\n","protected":false},"excerpt":{"rendered":"<p>Trio surpreendeu carteiro que retornava de entrega na Avenida Cupec\u00ea e fez o funcion\u00e1rio ref\u00e9m. PM interceptou fuga em cruzamento da Avenida Santo Amaro. A Pol\u00edcia Militar (PM) frustrou uma tentativa de roubo de carga dos Correios na manh\u00e3 desta sexta-feira (12), na regi\u00e3o de Cidade Ademar, Zona Sul da cidade de S\u00e3o Paulo. Por [&hellip;]<\/p>\n","protected":false},"author":1,"featured_media":1813,"comment_status":"open","ping_status":"open","sticky":false,"template":"","format":"standard","meta":{"footnotes":""},"categories":[25],"tags":[68,1402,123,1403],"class_list":["post-1812","post","type-post","status-publish","format-standard","has-post-thumbnail","hentry","category-noticias","tag-assalto","tag-cupece","tag-sao-paulo","tag-zona-zul"],"yoast_head":"<!-- This site is optimized with the Yoast SEO plugin v27.4 - https:\/\/yoast.com\/product\/yoast-seo-wordpress\/ -->\n<title>C\u00e2meras de dentro de van registram tentativa de assalto a ve\u00edculo dos Correios na Zona Sul de SP - Rastrear Correios<\/title>\n<meta name=\"description\" content=\"Rastrear Objetos Correios. Rastreamento de sua Encomenda. Acompanhe todos os passos da sua entrega. R\u00e1pido, F\u00e1cil e Gr\u00e1tis. Receba notifica\u00e7\u00f5es atualizadas.\" \/>\n<meta name=\"robots\" content=\"index, follow, max-snippet:-1, max-image-preview:large, max-video-preview:-1\" \/>\n<link rel=\"canonical\" href=\"https:\/\/www.rastrearobjetos.com.br\/blog\/noticias\/cameras-de-dentro-de-van-registram-tentativa-de-assalto-a-veiculo-dos-correios-na-zona-sul-de-sp.html\" \/>\n<meta property=\"og:locale\" content=\"pt_BR\" \/>\n<meta property=\"og:type\" content=\"article\" \/>\n<meta property=\"og:title\" content=\"C\u00e2meras de dentro de van registram tentativa de assalto a ve\u00edculo dos Correios na Zona Sul de SP - Rastrear Correios\" \/>\n<meta property=\"og:description\" content=\"Rastrear Objetos Correios. Rastreamento de sua Encomenda. Acompanhe todos os passos da sua entrega. R\u00e1pido, F\u00e1cil e Gr\u00e1tis. Receba notifica\u00e7\u00f5es atualizadas.\" \/>\n<meta property=\"og:url\" content=\"https:\/\/www.rastrearobjetos.com.br\/blog\/noticias\/cameras-de-dentro-de-van-registram-tentativa-de-assalto-a-veiculo-dos-correios-na-zona-sul-de-sp.html\" \/>\n<meta property=\"og:site_name\" content=\"Rastrear Correios\" \/>\n<meta property=\"article:publisher\" content=\"https:\/\/www.facebook.com\/RastreadorDeObjetos\" \/>\n<meta property=\"article:published_time\" content=\"2019-04-15T12:17:50+00:00\" \/>\n<meta property=\"article:modified_time\" content=\"2019-04-15T12:22:59+00:00\" \/>\n<meta property=\"og:image\" content=\"https:\/\/www.rastrearobjetos.com.br\/blog\/wp-content\/uploads\/2019\/04\/1.jpg\" \/>\n\t<meta property=\"og:image:width\" content=\"1280\" \/>\n\t<meta property=\"og:image:height\" content=\"802\" \/>\n\t<meta property=\"og:image:type\" content=\"image\/jpeg\" \/>\n<meta name=\"author\" content=\"Rastreador de Objetos\" \/>\n<meta name=\"twitter:card\" content=\"summary_large_image\" \/>\n<meta name=\"twitter:creator\" content=\"@rastrearobjetos\" \/>\n<meta name=\"twitter:site\" content=\"@rastrearobjetos\" \/>\n<meta name=\"twitter:label1\" content=\"Escrito por\" \/>\n\t<meta name=\"twitter:data1\" content=\"Rastreador de Objetos\" \/>\n\t<meta name=\"twitter:label2\" content=\"Est. tempo de leitura\" \/>\n\t<meta name=\"twitter:data2\" content=\"1 minuto\" \/>\n<script type=\"application\/ld+json\" class=\"yoast-schema-graph\">{\"@context\":\"https:\\\/\\\/schema.org\",\"@graph\":[{\"@type\":\"Article\",\"@id\":\"https:\\\/\\\/www.rastrearobjetos.com.br\\\/blog\\\/noticias\\\/cameras-de-dentro-de-van-registram-tentativa-de-assalto-a-veiculo-dos-correios-na-zona-sul-de-sp.html#article\",\"isPartOf\":{\"@id\":\"https:\\\/\\\/www.rastrearobjetos.com.br\\\/blog\\\/noticias\\\/cameras-de-dentro-de-van-registram-tentativa-de-assalto-a-veiculo-dos-correios-na-zona-sul-de-sp.html\"},\"author\":{\"name\":\"Rastreador de Objetos\",\"@id\":\"https:\\\/\\\/www.rastrearobjetos.com.br\\\/blog\\\/#\\\/schema\\\/person\\\/0ecfd4bb0e3d1a11c9de7b048f0beaaf\"},\"headline\":\"C\u00e2meras de dentro de van registram tentativa de assalto a ve\u00edculo dos Correios na Zona Sul de SP\",\"datePublished\":\"2019-04-15T12:17:50+00:00\",\"dateModified\":\"2019-04-15T12:22:59+00:00\",\"mainEntityOfPage\":{\"@id\":\"https:\\\/\\\/www.rastrearobjetos.com.br\\\/blog\\\/noticias\\\/cameras-de-dentro-de-van-registram-tentativa-de-assalto-a-veiculo-dos-correios-na-zona-sul-de-sp.html\"},\"wordCount\":228,\"commentCount\":0,\"publisher\":{\"@id\":\"https:\\\/\\\/www.rastrearobjetos.com.br\\\/blog\\\/#organization\"},\"image\":{\"@id\":\"https:\\\/\\\/www.rastrearobjetos.com.br\\\/blog\\\/noticias\\\/cameras-de-dentro-de-van-registram-tentativa-de-assalto-a-veiculo-dos-correios-na-zona-sul-de-sp.html#primaryimage\"},\"thumbnailUrl\":\"https:\\\/\\\/www.rastrearobjetos.com.br\\\/blog\\\/wp-content\\\/uploads\\\/2019\\\/04\\\/1.jpg\",\"keywords\":[\"assalto\",\"Cupec\u00ea\",\"s\u00e3o paulo\",\"Zona Zul\"],\"articleSection\":[\"Not\u00edcias\"],\"inLanguage\":\"pt-BR\",\"potentialAction\":[{\"@type\":\"CommentAction\",\"name\":\"Comment\",\"target\":[\"https:\\\/\\\/www.rastrearobjetos.com.br\\\/blog\\\/noticias\\\/cameras-de-dentro-de-van-registram-tentativa-de-assalto-a-veiculo-dos-correios-na-zona-sul-de-sp.html#respond\"]}]},{\"@type\":\"WebPage\",\"@id\":\"https:\\\/\\\/www.rastrearobjetos.com.br\\\/blog\\\/noticias\\\/cameras-de-dentro-de-van-registram-tentativa-de-assalto-a-veiculo-dos-correios-na-zona-sul-de-sp.html\",\"url\":\"https:\\\/\\\/www.rastrearobjetos.com.br\\\/blog\\\/noticias\\\/cameras-de-dentro-de-van-registram-tentativa-de-assalto-a-veiculo-dos-correios-na-zona-sul-de-sp.html\",\"name\":\"C\u00e2meras de dentro de van registram tentativa de assalto a ve\u00edculo dos Correios na Zona Sul de SP - Rastrear Correios\",\"isPartOf\":{\"@id\":\"https:\\\/\\\/www.rastrearobjetos.com.br\\\/blog\\\/#website\"},\"primaryImageOfPage\":{\"@id\":\"https:\\\/\\\/www.rastrearobjetos.com.br\\\/blog\\\/noticias\\\/cameras-de-dentro-de-van-registram-tentativa-de-assalto-a-veiculo-dos-correios-na-zona-sul-de-sp.html#primaryimage\"},\"image\":{\"@id\":\"https:\\\/\\\/www.rastrearobjetos.com.br\\\/blog\\\/noticias\\\/cameras-de-dentro-de-van-registram-tentativa-de-assalto-a-veiculo-dos-correios-na-zona-sul-de-sp.html#primaryimage\"},\"thumbnailUrl\":\"https:\\\/\\\/www.rastrearobjetos.com.br\\\/blog\\\/wp-content\\\/uploads\\\/2019\\\/04\\\/1.jpg\",\"datePublished\":\"2019-04-15T12:17:50+00:00\",\"dateModified\":\"2019-04-15T12:22:59+00:00\",\"description\":\"Rastrear Objetos Correios. Rastreamento de sua Encomenda. Acompanhe todos os passos da sua entrega. R\u00e1pido, F\u00e1cil e Gr\u00e1tis. Receba notifica\u00e7\u00f5es atualizadas.\",\"breadcrumb\":{\"@id\":\"https:\\\/\\\/www.rastrearobjetos.com.br\\\/blog\\\/noticias\\\/cameras-de-dentro-de-van-registram-tentativa-de-assalto-a-veiculo-dos-correios-na-zona-sul-de-sp.html#breadcrumb\"},\"inLanguage\":\"pt-BR\",\"potentialAction\":[{\"@type\":\"ReadAction\",\"target\":[\"https:\\\/\\\/www.rastrearobjetos.com.br\\\/blog\\\/noticias\\\/cameras-de-dentro-de-van-registram-tentativa-de-assalto-a-veiculo-dos-correios-na-zona-sul-de-sp.html\"]}]},{\"@type\":\"ImageObject\",\"inLanguage\":\"pt-BR\",\"@id\":\"https:\\\/\\\/www.rastrearobjetos.com.br\\\/blog\\\/noticias\\\/cameras-de-dentro-de-van-registram-tentativa-de-assalto-a-veiculo-dos-correios-na-zona-sul-de-sp.html#primaryimage\",\"url\":\"https:\\\/\\\/www.rastrearobjetos.com.br\\\/blog\\\/wp-content\\\/uploads\\\/2019\\\/04\\\/1.jpg\",\"contentUrl\":\"https:\\\/\\\/www.rastrearobjetos.com.br\\\/blog\\\/wp-content\\\/uploads\\\/2019\\\/04\\\/1.jpg\",\"width\":1280,\"height\":802},{\"@type\":\"BreadcrumbList\",\"@id\":\"https:\\\/\\\/www.rastrearobjetos.com.br\\\/blog\\\/noticias\\\/cameras-de-dentro-de-van-registram-tentativa-de-assalto-a-veiculo-dos-correios-na-zona-sul-de-sp.html#breadcrumb\",\"itemListElement\":[{\"@type\":\"ListItem\",\"position\":1,\"name\":\"In\u00edcio\",\"item\":\"https:\\\/\\\/www.rastrearobjetos.com.br\\\/blog\\\/\"},{\"@type\":\"ListItem\",\"position\":2,\"name\":\"Not\u00edcias\",\"item\":\"https:\\\/\\\/www.rastrearobjetos.com.br\\\/blog\\\/categoria\\\/noticias\"},{\"@type\":\"ListItem\",\"position\":3,\"name\":\"C\u00e2meras de dentro de van registram tentativa de assalto a ve\u00edculo dos Correios na Zona Sul de SP\"}]},{\"@type\":\"WebSite\",\"@id\":\"https:\\\/\\\/www.rastrearobjetos.com.br\\\/blog\\\/#website\",\"url\":\"https:\\\/\\\/www.rastrearobjetos.com.br\\\/blog\\\/\",\"name\":\"Rastrear Correios\",\"description\":\"Blog do Rastreador dos Correios\",\"publisher\":{\"@id\":\"https:\\\/\\\/www.rastrearobjetos.com.br\\\/blog\\\/#organization\"},\"potentialAction\":[{\"@type\":\"SearchAction\",\"target\":{\"@type\":\"EntryPoint\",\"urlTemplate\":\"https:\\\/\\\/www.rastrearobjetos.com.br\\\/blog\\\/?s={search_term_string}\"},\"query-input\":{\"@type\":\"PropertyValueSpecification\",\"valueRequired\":true,\"valueName\":\"search_term_string\"}}],\"inLanguage\":\"pt-BR\"},{\"@type\":\"Organization\",\"@id\":\"https:\\\/\\\/www.rastrearobjetos.com.br\\\/blog\\\/#organization\",\"name\":\"Rastrear Objetos dos Correios\",\"url\":\"https:\\\/\\\/www.rastrearobjetos.com.br\\\/blog\\\/\",\"logo\":{\"@type\":\"ImageObject\",\"inLanguage\":\"pt-BR\",\"@id\":\"https:\\\/\\\/www.rastrearobjetos.com.br\\\/blog\\\/#\\\/schema\\\/logo\\\/image\\\/\",\"url\":\"https:\\\/\\\/www.rastrearobjetos.com.br\\\/blog\\\/wp-content\\\/uploads\\\/2017\\\/09\\\/logo-correios-1.png\",\"contentUrl\":\"https:\\\/\\\/www.rastrearobjetos.com.br\\\/blog\\\/wp-content\\\/uploads\\\/2017\\\/09\\\/logo-correios-1.png\",\"width\":314,\"height\":49,\"caption\":\"Rastrear Objetos dos Correios\"},\"image\":{\"@id\":\"https:\\\/\\\/www.rastrearobjetos.com.br\\\/blog\\\/#\\\/schema\\\/logo\\\/image\\\/\"},\"sameAs\":[\"https:\\\/\\\/www.facebook.com\\\/RastreadorDeObjetos\",\"https:\\\/\\\/x.com\\\/rastrearobjetos\"]},{\"@type\":\"Person\",\"@id\":\"https:\\\/\\\/www.rastrearobjetos.com.br\\\/blog\\\/#\\\/schema\\\/person\\\/0ecfd4bb0e3d1a11c9de7b048f0beaaf\",\"name\":\"Rastreador de Objetos\",\"image\":{\"@type\":\"ImageObject\",\"inLanguage\":\"pt-BR\",\"@id\":\"https:\\\/\\\/secure.gravatar.com\\\/avatar\\\/87a6c926c997a0a931c9a06b1dc5dea49d1b1b8fcaf6f0acef031004169a5d76?s=96&d=mm&r=g\",\"url\":\"https:\\\/\\\/secure.gravatar.com\\\/avatar\\\/87a6c926c997a0a931c9a06b1dc5dea49d1b1b8fcaf6f0acef031004169a5d76?s=96&d=mm&r=g\",\"contentUrl\":\"https:\\\/\\\/secure.gravatar.com\\\/avatar\\\/87a6c926c997a0a931c9a06b1dc5dea49d1b1b8fcaf6f0acef031004169a5d76?s=96&d=mm&r=g\",\"caption\":\"Rastreador de Objetos\"},\"url\":\"https:\\\/\\\/www.rastrearobjetos.com.br\\\/blog\\\/author\\\/admin\"}]}<\/script>\n<!-- \/ Yoast SEO plugin. -->","yoast_head_json":{"title":"C\u00e2meras de dentro de van registram tentativa de assalto a ve\u00edculo dos Correios na Zona Sul de SP - Rastrear Correios","description":"Rastrear Objetos Correios. Rastreamento de sua Encomenda. Acompanhe todos os passos da sua entrega. R\u00e1pido, F\u00e1cil e Gr\u00e1tis. Receba notifica\u00e7\u00f5es atualizadas.","robots":{"index":"index","follow":"follow","max-snippet":"max-snippet:-1","max-image-preview":"max-image-preview:large","max-video-preview":"max-video-preview:-1"},"canonical":"https:\/\/www.rastrearobjetos.com.br\/blog\/noticias\/cameras-de-dentro-de-van-registram-tentativa-de-assalto-a-veiculo-dos-correios-na-zona-sul-de-sp.html","og_locale":"pt_BR","og_type":"article","og_title":"C\u00e2meras de dentro de van registram tentativa de assalto a ve\u00edculo dos Correios na Zona Sul de SP - Rastrear Correios","og_description":"Rastrear Objetos Correios. Rastreamento de sua Encomenda. Acompanhe todos os passos da sua entrega. R\u00e1pido, F\u00e1cil e Gr\u00e1tis. Receba notifica\u00e7\u00f5es atualizadas.","og_url":"https:\/\/www.rastrearobjetos.com.br\/blog\/noticias\/cameras-de-dentro-de-van-registram-tentativa-de-assalto-a-veiculo-dos-correios-na-zona-sul-de-sp.html","og_site_name":"Rastrear Correios","article_publisher":"https:\/\/www.facebook.com\/RastreadorDeObjetos","article_published_time":"2019-04-15T12:17:50+00:00","article_modified_time":"2019-04-15T12:22:59+00:00","og_image":[{"width":1280,"height":802,"url":"https:\/\/www.rastrearobjetos.com.br\/blog\/wp-content\/uploads\/2019\/04\/1.jpg","type":"image\/jpeg"}],"author":"Rastreador de Objetos","twitter_card":"summary_large_image","twitter_creator":"@rastrearobjetos","twitter_site":"@rastrearobjetos","twitter_misc":{"Escrito por":"Rastreador de Objetos","Est. tempo de leitura":"1 minuto"},"schema":{"@context":"https:\/\/schema.org","@graph":[{"@type":"Article","@id":"https:\/\/www.rastrearobjetos.com.br\/blog\/noticias\/cameras-de-dentro-de-van-registram-tentativa-de-assalto-a-veiculo-dos-correios-na-zona-sul-de-sp.html#article","isPartOf":{"@id":"https:\/\/www.rastrearobjetos.com.br\/blog\/noticias\/cameras-de-dentro-de-van-registram-tentativa-de-assalto-a-veiculo-dos-correios-na-zona-sul-de-sp.html"},"author":{"name":"Rastreador de Objetos","@id":"https:\/\/www.rastrearobjetos.com.br\/blog\/#\/schema\/person\/0ecfd4bb0e3d1a11c9de7b048f0beaaf"},"headline":"C\u00e2meras de dentro de van registram tentativa de assalto a ve\u00edculo dos Correios na Zona Sul de SP","datePublished":"2019-04-15T12:17:50+00:00","dateModified":"2019-04-15T12:22:59+00:00","mainEntityOfPage":{"@id":"https:\/\/www.rastrearobjetos.com.br\/blog\/noticias\/cameras-de-dentro-de-van-registram-tentativa-de-assalto-a-veiculo-dos-correios-na-zona-sul-de-sp.html"},"wordCount":228,"commentCount":0,"publisher":{"@id":"https:\/\/www.rastrearobjetos.com.br\/blog\/#organization"},"image":{"@id":"https:\/\/www.rastrearobjetos.com.br\/blog\/noticias\/cameras-de-dentro-de-van-registram-tentativa-de-assalto-a-veiculo-dos-correios-na-zona-sul-de-sp.html#primaryimage"},"thumbnailUrl":"https:\/\/www.rastrearobjetos.com.br\/blog\/wp-content\/uploads\/2019\/04\/1.jpg","keywords":["assalto","Cupec\u00ea","s\u00e3o paulo","Zona Zul"],"articleSection":["Not\u00edcias"],"inLanguage":"pt-BR","potentialAction":[{"@type":"CommentAction","name":"Comment","target":["https:\/\/www.rastrearobjetos.com.br\/blog\/noticias\/cameras-de-dentro-de-van-registram-tentativa-de-assalto-a-veiculo-dos-correios-na-zona-sul-de-sp.html#respond"]}]},{"@type":"WebPage","@id":"https:\/\/www.rastrearobjetos.com.br\/blog\/noticias\/cameras-de-dentro-de-van-registram-tentativa-de-assalto-a-veiculo-dos-correios-na-zona-sul-de-sp.html","url":"https:\/\/www.rastrearobjetos.com.br\/blog\/noticias\/cameras-de-dentro-de-van-registram-tentativa-de-assalto-a-veiculo-dos-correios-na-zona-sul-de-sp.html","name":"C\u00e2meras de dentro de van registram tentativa de assalto a ve\u00edculo dos Correios na Zona Sul de SP - Rastrear Correios","isPartOf":{"@id":"https:\/\/www.rastrearobjetos.com.br\/blog\/#website"},"primaryImageOfPage":{"@id":"https:\/\/www.rastrearobjetos.com.br\/blog\/noticias\/cameras-de-dentro-de-van-registram-tentativa-de-assalto-a-veiculo-dos-correios-na-zona-sul-de-sp.html#primaryimage"},"image":{"@id":"https:\/\/www.rastrearobjetos.com.br\/blog\/noticias\/cameras-de-dentro-de-van-registram-tentativa-de-assalto-a-veiculo-dos-correios-na-zona-sul-de-sp.html#primaryimage"},"thumbnailUrl":"https:\/\/www.rastrearobjetos.com.br\/blog\/wp-content\/uploads\/2019\/04\/1.jpg","datePublished":"2019-04-15T12:17:50+00:00","dateModified":"2019-04-15T12:22:59+00:00","description":"Rastrear Objetos Correios. Rastreamento de sua Encomenda. Acompanhe todos os passos da sua entrega. R\u00e1pido, F\u00e1cil e Gr\u00e1tis. Receba notifica\u00e7\u00f5es atualizadas.","breadcrumb":{"@id":"https:\/\/www.rastrearobjetos.com.br\/blog\/noticias\/cameras-de-dentro-de-van-registram-tentativa-de-assalto-a-veiculo-dos-correios-na-zona-sul-de-sp.html#breadcrumb"},"inLanguage":"pt-BR","potentialAction":[{"@type":"ReadAction","target":["https:\/\/www.rastrearobjetos.com.br\/blog\/noticias\/cameras-de-dentro-de-van-registram-tentativa-de-assalto-a-veiculo-dos-correios-na-zona-sul-de-sp.html"]}]},{"@type":"ImageObject","inLanguage":"pt-BR","@id":"https:\/\/www.rastrearobjetos.com.br\/blog\/noticias\/cameras-de-dentro-de-van-registram-tentativa-de-assalto-a-veiculo-dos-correios-na-zona-sul-de-sp.html#primaryimage","url":"https:\/\/www.rastrearobjetos.com.br\/blog\/wp-content\/uploads\/2019\/04\/1.jpg","contentUrl":"https:\/\/www.rastrearobjetos.com.br\/blog\/wp-content\/uploads\/2019\/04\/1.jpg","width":1280,"height":802},{"@type":"BreadcrumbList","@id":"https:\/\/www.rastrearobjetos.com.br\/blog\/noticias\/cameras-de-dentro-de-van-registram-tentativa-de-assalto-a-veiculo-dos-correios-na-zona-sul-de-sp.html#breadcrumb","itemListElement":[{"@type":"ListItem","position":1,"name":"In\u00edcio","item":"https:\/\/www.rastrearobjetos.com.br\/blog\/"},{"@type":"ListItem","position":2,"name":"Not\u00edcias","item":"https:\/\/www.rastrearobjetos.com.br\/blog\/categoria\/noticias"},{"@type":"ListItem","position":3,"name":"C\u00e2meras de dentro de van registram tentativa de assalto a ve\u00edculo dos Correios na Zona Sul de SP"}]},{"@type":"WebSite","@id":"https:\/\/www.rastrearobjetos.com.br\/blog\/#website","url":"https:\/\/www.rastrearobjetos.com.br\/blog\/","name":"Rastrear Correios","description":"Blog do Rastreador dos Correios","publisher":{"@id":"https:\/\/www.rastrearobjetos.com.br\/blog\/#organization"},"potentialAction":[{"@type":"SearchAction","target":{"@type":"EntryPoint","urlTemplate":"https:\/\/www.rastrearobjetos.com.br\/blog\/?s={search_term_string}"},"query-input":{"@type":"PropertyValueSpecification","valueRequired":true,"valueName":"search_term_string"}}],"inLanguage":"pt-BR"},{"@type":"Organization","@id":"https:\/\/www.rastrearobjetos.com.br\/blog\/#organization","name":"Rastrear Objetos dos Correios","url":"https:\/\/www.rastrearobjetos.com.br\/blog\/","logo":{"@type":"ImageObject","inLanguage":"pt-BR","@id":"https:\/\/www.rastrearobjetos.com.br\/blog\/#\/schema\/logo\/image\/","url":"https:\/\/www.rastrearobjetos.com.br\/blog\/wp-content\/uploads\/2017\/09\/logo-correios-1.png","contentUrl":"https:\/\/www.rastrearobjetos.com.br\/blog\/wp-content\/uploads\/2017\/09\/logo-correios-1.png","width":314,"height":49,"caption":"Rastrear Objetos dos Correios"},"image":{"@id":"https:\/\/www.rastrearobjetos.com.br\/blog\/#\/schema\/logo\/image\/"},"sameAs":["https:\/\/www.facebook.com\/RastreadorDeObjetos","https:\/\/x.com\/rastrearobjetos"]},{"@type":"Person","@id":"https:\/\/www.rastrearobjetos.com.br\/blog\/#\/schema\/person\/0ecfd4bb0e3d1a11c9de7b048f0beaaf","name":"Rastreador de Objetos","image":{"@type":"ImageObject","inLanguage":"pt-BR","@id":"https:\/\/secure.gravatar.com\/avatar\/87a6c926c997a0a931c9a06b1dc5dea49d1b1b8fcaf6f0acef031004169a5d76?s=96&d=mm&r=g","url":"https:\/\/secure.gravatar.com\/avatar\/87a6c926c997a0a931c9a06b1dc5dea49d1b1b8fcaf6f0acef031004169a5d76?s=96&d=mm&r=g","contentUrl":"https:\/\/secure.gravatar.com\/avatar\/87a6c926c997a0a931c9a06b1dc5dea49d1b1b8fcaf6f0acef031004169a5d76?s=96&d=mm&r=g","caption":"Rastreador de Objetos"},"url":"https:\/\/www.rastrearobjetos.com.br\/blog\/author\/admin"}]}},"amp_enabled":true,"_links":{"self":[{"href":"https:\/\/www.rastrearobjetos.com.br\/blog\/wp-json\/wp\/v2\/posts\/1812","targetHints":{"allow":["GET"]}}],"collection":[{"href":"https:\/\/www.rastrearobjetos.com.br\/blog\/wp-json\/wp\/v2\/posts"}],"about":[{"href":"https:\/\/www.rastrearobjetos.com.br\/blog\/wp-json\/wp\/v2\/types\/post"}],"author":[{"embeddable":true,"href":"https:\/\/www.rastrearobjetos.com.br\/blog\/wp-json\/wp\/v2\/users\/1"}],"replies":[{"embeddable":true,"href":"https:\/\/www.rastrearobjetos.com.br\/blog\/wp-json\/wp\/v2\/comments?post=1812"}],"version-history":[{"count":4,"href":"https:\/\/www.rastrearobjetos.com.br\/blog\/wp-json\/wp\/v2\/posts\/1812\/revisions"}],"predecessor-version":[{"id":1819,"href":"https:\/\/www.rastrearobjetos.com.br\/blog\/wp-json\/wp\/v2\/posts\/1812\/revisions\/1819"}],"wp:featuredmedia":[{"embeddable":true,"href":"https:\/\/www.rastrearobjetos.com.br\/blog\/wp-json\/wp\/v2\/media\/1813"}],"wp:attachment":[{"href":"https:\/\/www.rastrearobjetos.com.br\/blog\/wp-json\/wp\/v2\/media?parent=1812"}],"wp:term":[{"taxonomy":"category","embeddable":true,"href":"https:\/\/www.rastrearobjetos.com.br\/blog\/wp-json\/wp\/v2\/categories?post=1812"},{"taxonomy":"post_tag","embeddable":true,"href":"https:\/\/www.rastrearobjetos.com.br\/blog\/wp-json\/wp\/v2\/tags?post=1812"}],"curies":[{"name":"wp","href":"https:\/\/api.w.org\/{rel}","templated":true}]}}