{"id":2021,"date":"2019-05-09T18:43:26","date_gmt":"2019-05-09T21:43:26","guid":{"rendered":"https:\/\/www.rastrearobjetos.com.br\/blog\/?p=2021"},"modified":"2019-05-09T19:21:42","modified_gmt":"2019-05-09T22:21:42","slug":"centro-dos-correios-e-desocupado-e-sindicato-alerta-sobre-atrasos-em-entregas-na-baixada-santista","status":"publish","type":"post","link":"https:\/\/www.rastrearobjetos.com.br\/blog\/noticias\/centro-dos-correios-e-desocupado-e-sindicato-alerta-sobre-atrasos-em-entregas-na-baixada-santista.html","title":{"rendered":"Centro dos Correios \u00e9 desocupado e sindicato alerta sobre atrasos em entregas na Baixada Santista"},"content":{"rendered":"<h2><a href=\"https:\/\/www.rastrearobjetos.com.br\/blog\/tags\/centro\" title=\"Centro\">Centro<\/a> <a href=\"https:\/\/www.rastrearobjetos.com.br\/blog\/tags\/operacional\" title=\"operacional\">operacional<\/a> encerrou as atividades no im\u00f3vel da Zona Noroeste de <a href=\"https:\/\/www.rastrearobjetos.com.br\/blog\/tags\/santos\" title=\"Santos\">Santos<\/a> (SP) na segunda-feira (6) e Correios diz que defini\u00e7\u00e3o de novo pr\u00e9dio deve sair em breve.<\/h2>\n<p>O <a href=\"https:\/\/www.rastrearobjetos.com.br\/blog\/tags\/sindicato\" title=\"Sindicato\">Sindicato<\/a> dos Trabalhadores da Empresa Brasileira de Correios e Tel\u00e9grafos (Sindect) alertou, nesta quarta-feira (8), sobre a possibilidade de atrasos nas entregas de encomendas e correspond\u00eancias a clientes na regi\u00e3o na <a href=\"https:\/\/www.rastrearobjetos.com.br\/blog\/tags\/baixada\" title=\"Baixada\">Baixada<\/a> Santista. O problema \u00e9 decorr\u00eancia da interdi\u00e7\u00e3o e desocupa\u00e7\u00e3o do <a href=\"https:\/\/www.rastrearobjetos.com.br\/blog\/tags\/centro\" title=\"Centro\">Centro<\/a> de Distribui\u00e7\u00e3o dos Correios na regi\u00e3o.<\/p>\n<p>A Empresa Brasileira de Correios e Tel\u00e9grafos (EBC) afirma que n\u00e3o h\u00e1 previs\u00e3o de alugar um novo im\u00f3vel para a central, mas que tamb\u00e9m n\u00e3o ocorrem atrasos.<\/p>\n<p>O <a href=\"https:\/\/www.rastrearobjetos.com.br\/blog\/tags\/centro\" title=\"centro\">centro<\/a>, localizado na Avenida Jovino de Mello, na Zona Noroeste, foi desocupado na sexta-feira (3). Em abril, o Minist\u00e9rio P\u00fablico do Trabalho (MPT) pediu a interdi\u00e7\u00e3o do pr\u00e9dio at\u00e9 que as irregularidades relativas a prote\u00e7\u00e3o contra inc\u00eandio e as condi\u00e7\u00f5es estruturais da edifica\u00e7\u00e3o, que tem rachaduras e outros problemas, sejam sanadas ou que se apresente outro local para o funcionamento da unidade, respeitando as normas de seguran\u00e7a e meio ambiente do trabalho.<\/p>\n<p>Com as atividades encerradas esta semana no local, o presidente do Sindect de <a href=\"https:\/\/www.rastrearobjetos.com.br\/blog\/tags\/santos\" title=\"Santos\">Santos<\/a>, Jos\u00e9 Ant\u00f4nio Concei\u00e7\u00e3o, explica que os 120 funcion\u00e1rios que trabalhavam no <a href=\"https:\/\/www.rastrearobjetos.com.br\/blog\/tags\/centro\" title=\"centro\">centro<\/a> foram redistribu\u00eddos para outros postos, mas a entrega das correspond\u00eancias e encomendas est\u00e1 comprometida.<\/p>\n<blockquote><p>&#8220;As correspond\u00eancias que eram tratadas nesse pr\u00e9dio, agora s\u00e3o tratadas em <a href=\"https:\/\/www.rastrearobjetos.com.br\/blog\/tags\/sao-paulo\" title=\"S\u00e3o Paulo\">S\u00e3o Paulo<\/a>. Isso era uma coisa que os funcion\u00e1rios aqui davam conta de madrugada e j\u00e1 separavam, dividiam por cidades. Em <a href=\"https:\/\/www.rastrearobjetos.com.br\/blog\/tags\/sao-paulo\" title=\"S\u00e3o Paulo\">S\u00e3o Paulo<\/a> eles n\u00e3o conseguem fazer isso e gera atraso&#8221;, explica o presidente.<\/p><\/blockquote>\n<p>Ainda segundo Concei\u00e7\u00e3o, por conta dos atrasos na chegada das correspond\u00eancias, os carteiros saem para a rua mais tarde e muitas vezes n\u00e3o conseguem entregar tudo no per\u00edodo do expediente.<\/p>\n<p>Em nota, os Correios afirma que o servi\u00e7o de entrega de encomendas na regi\u00e3on\u00e3o est\u00e1 sofrendo impacto com o fechamento tempor\u00e1rio do <a href=\"https:\/\/www.rastrearobjetos.com.br\/blog\/tags\/centro\" title=\"Centro\">Centro<\/a> <a href=\"https:\/\/www.rastrearobjetos.com.br\/blog\/tags\/operacional\" title=\"Operacional\">Operacional<\/a>. &#8220;A capilaridade da cadeia log\u00edstica de distribui\u00e7\u00e3o dos Correios permite essa transi\u00e7\u00e3o da opera\u00e7\u00e3o sem abalo \u00e0 opera\u00e7\u00e3o e principalmente sem preju\u00edzo de qualidade de entrega \u00e0 popula\u00e7\u00e3o santista&#8221;, explicou.<\/p>\n<p>Ainda segundo a nota, est\u00e1 em andamento as negocia\u00e7\u00f5es para a transfer\u00eancia do <a href=\"https:\/\/www.rastrearobjetos.com.br\/blog\/tags\/centro\" title=\"Centro\">Centro<\/a> <a href=\"https:\/\/www.rastrearobjetos.com.br\/blog\/tags\/operacional\" title=\"Operacional\">Operacional<\/a>, mas a empresa n\u00e3o informou prazo para isso acontecer.<\/p>\n<h3>Bertioga<\/h3>\n<p>Desde janeiro de 2019 a cidade de Bertioga ficou sem ag\u00eancia dos Correios ap\u00f3s atraso no aluguel. Atualmente, o atendimento acontece provisoriamente no Espa\u00e7o Cidad\u00e3o, no <a href=\"https:\/\/www.rastrearobjetos.com.br\/blog\/tags\/centro\" title=\"Centro\">Centro<\/a>. A loca\u00e7\u00e3o de um novo im\u00f3vel para instala\u00e7\u00e3o da unidade j\u00e1 est\u00e1 na fase final de avalia\u00e7\u00e3o, informou os Correios.<\/p>\n<p>Na antiga sede, localizada na Avenida 19 de Maio, 455, no bairro Albatroz, os funcion\u00e1rios dos Correios foram despejados por falta de pagamento de aluguel ap\u00f3s decis\u00e3o do Tribunal Regional Federal da 3\u00aa Regi\u00e3o, que determinou a rescis\u00e3o do contrato de loca\u00e7\u00e3o do im\u00f3vel.<\/p>\n<p>De acordo com o documento, a Empresa Brasileira de Correios e Tel\u00e9grafos (EBC) n\u00e3o realizava a renova\u00e7\u00e3o do contrato desde 2013 e tamb\u00e9m n\u00e3o fazia o reajuste dos alugueis, efetuando dep\u00f3sitos insuficientes para quitar a mensalidade. A EBC foi condenada a pagar R$ 521.054,42 ao propriet\u00e1rio.<\/p>\n<p>Fonte:\u00a0<a href=\"https:\/\/g1.globo.com\/sp\/santos-regiao\/noticia\/2019\/05\/08\/centro-dos-correios-e-desocupado-e-sindicato-alerta-sobre-atrasos-em-entregas-na-baixada-santista.ghtml\" target=\"_blank\" rel=\"noopener noreferrer\">https:\/\/g1.globo.com\/sp\/santos-regiao\/<\/a><\/p>\n","protected":false},"excerpt":{"rendered":"<p>Centro operacional encerrou as atividades no im\u00f3vel da Zona Noroeste de Santos (SP) na segunda-feira (6) e Correios diz que defini\u00e7\u00e3o de novo pr\u00e9dio deve sair em breve.<\/p>\n","protected":false},"author":1,"featured_media":2022,"comment_status":"open","ping_status":"open","sticky":false,"template":"","format":"standard","meta":{"footnotes":""},"categories":[25],"tags":[1490,322,217,1489,123,241],"class_list":["post-2021","post","type-post","status-publish","format-standard","has-post-thumbnail","hentry","category-noticias","tag-baixada","tag-centro","tag-operacional","tag-santos","tag-sao-paulo","tag-sindicato"],"yoast_head":"<!-- This site is optimized with the Yoast SEO plugin v27.4 - https:\/\/yoast.com\/product\/yoast-seo-wordpress\/ -->\n<title>Centro dos Correios \u00e9 desocupado e sindicato alerta sobre atrasos em entregas na Baixada Santista - Rastrear Correios<\/title>\n<meta name=\"description\" content=\"Rastrear Objetos Correios. Rastreamento de sua Encomenda. Acompanhe todos os passos da sua entrega. R\u00e1pido, F\u00e1cil e Gr\u00e1tis. Receba notifica\u00e7\u00f5es atualizadas.\" \/>\n<meta name=\"robots\" content=\"index, follow, max-snippet:-1, max-image-preview:large, max-video-preview:-1\" \/>\n<link rel=\"canonical\" href=\"https:\/\/www.rastrearobjetos.com.br\/blog\/noticias\/centro-dos-correios-e-desocupado-e-sindicato-alerta-sobre-atrasos-em-entregas-na-baixada-santista.html\" \/>\n<meta property=\"og:locale\" content=\"pt_BR\" \/>\n<meta property=\"og:type\" content=\"article\" \/>\n<meta property=\"og:title\" content=\"Centro dos Correios \u00e9 desocupado e sindicato alerta sobre atrasos em entregas na Baixada Santista - Rastrear Correios\" \/>\n<meta property=\"og:description\" content=\"Rastrear Objetos Correios. Rastreamento de sua Encomenda. Acompanhe todos os passos da sua entrega. R\u00e1pido, F\u00e1cil e Gr\u00e1tis. Receba notifica\u00e7\u00f5es atualizadas.\" \/>\n<meta property=\"og:url\" content=\"https:\/\/www.rastrearobjetos.com.br\/blog\/noticias\/centro-dos-correios-e-desocupado-e-sindicato-alerta-sobre-atrasos-em-entregas-na-baixada-santista.html\" \/>\n<meta property=\"og:site_name\" content=\"Rastrear Correios\" \/>\n<meta property=\"article:publisher\" content=\"https:\/\/www.facebook.com\/RastreadorDeObjetos\" \/>\n<meta property=\"article:published_time\" content=\"2019-05-09T21:43:26+00:00\" \/>\n<meta property=\"article:modified_time\" content=\"2019-05-09T22:21:42+00:00\" \/>\n<meta property=\"og:image\" content=\"https:\/\/www.rastrearobjetos.com.br\/blog\/wp-content\/uploads\/2019\/05\/img-20140106-wa0004.jpg\" \/>\n\t<meta property=\"og:image:width\" content=\"1280\" \/>\n\t<meta property=\"og:image:height\" content=\"720\" \/>\n\t<meta property=\"og:image:type\" content=\"image\/jpeg\" \/>\n<meta name=\"author\" content=\"Rastreador de Objetos\" \/>\n<meta name=\"twitter:card\" content=\"summary_large_image\" \/>\n<meta name=\"twitter:creator\" content=\"@rastrearobjetos\" \/>\n<meta name=\"twitter:site\" content=\"@rastrearobjetos\" \/>\n<meta name=\"twitter:label1\" content=\"Escrito por\" \/>\n\t<meta name=\"twitter:data1\" content=\"Rastreador de Objetos\" \/>\n\t<meta name=\"twitter:label2\" content=\"Est. tempo de leitura\" \/>\n\t<meta name=\"twitter:data2\" content=\"3 minutos\" \/>\n<script type=\"application\/ld+json\" class=\"yoast-schema-graph\">{\"@context\":\"https:\\\/\\\/schema.org\",\"@graph\":[{\"@type\":\"Article\",\"@id\":\"https:\\\/\\\/www.rastrearobjetos.com.br\\\/blog\\\/noticias\\\/centro-dos-correios-e-desocupado-e-sindicato-alerta-sobre-atrasos-em-entregas-na-baixada-santista.html#article\",\"isPartOf\":{\"@id\":\"https:\\\/\\\/www.rastrearobjetos.com.br\\\/blog\\\/noticias\\\/centro-dos-correios-e-desocupado-e-sindicato-alerta-sobre-atrasos-em-entregas-na-baixada-santista.html\"},\"author\":{\"name\":\"Rastreador de Objetos\",\"@id\":\"https:\\\/\\\/www.rastrearobjetos.com.br\\\/blog\\\/#\\\/schema\\\/person\\\/0ecfd4bb0e3d1a11c9de7b048f0beaaf\"},\"headline\":\"Centro dos Correios \u00e9 desocupado e sindicato alerta sobre atrasos em entregas na Baixada Santista\",\"datePublished\":\"2019-05-09T21:43:26+00:00\",\"dateModified\":\"2019-05-09T22:21:42+00:00\",\"mainEntityOfPage\":{\"@id\":\"https:\\\/\\\/www.rastrearobjetos.com.br\\\/blog\\\/noticias\\\/centro-dos-correios-e-desocupado-e-sindicato-alerta-sobre-atrasos-em-entregas-na-baixada-santista.html\"},\"wordCount\":595,\"commentCount\":0,\"publisher\":{\"@id\":\"https:\\\/\\\/www.rastrearobjetos.com.br\\\/blog\\\/#organization\"},\"image\":{\"@id\":\"https:\\\/\\\/www.rastrearobjetos.com.br\\\/blog\\\/noticias\\\/centro-dos-correios-e-desocupado-e-sindicato-alerta-sobre-atrasos-em-entregas-na-baixada-santista.html#primaryimage\"},\"thumbnailUrl\":\"https:\\\/\\\/www.rastrearobjetos.com.br\\\/blog\\\/wp-content\\\/uploads\\\/2019\\\/05\\\/img-20140106-wa0004.jpg\",\"keywords\":[\"Baixada\",\"centro\",\"operacional\",\"Santos\",\"s\u00e3o paulo\",\"sindicato\"],\"articleSection\":[\"Not\u00edcias\"],\"inLanguage\":\"pt-BR\",\"potentialAction\":[{\"@type\":\"CommentAction\",\"name\":\"Comment\",\"target\":[\"https:\\\/\\\/www.rastrearobjetos.com.br\\\/blog\\\/noticias\\\/centro-dos-correios-e-desocupado-e-sindicato-alerta-sobre-atrasos-em-entregas-na-baixada-santista.html#respond\"]}]},{\"@type\":\"WebPage\",\"@id\":\"https:\\\/\\\/www.rastrearobjetos.com.br\\\/blog\\\/noticias\\\/centro-dos-correios-e-desocupado-e-sindicato-alerta-sobre-atrasos-em-entregas-na-baixada-santista.html\",\"url\":\"https:\\\/\\\/www.rastrearobjetos.com.br\\\/blog\\\/noticias\\\/centro-dos-correios-e-desocupado-e-sindicato-alerta-sobre-atrasos-em-entregas-na-baixada-santista.html\",\"name\":\"Centro dos Correios \u00e9 desocupado e sindicato alerta sobre atrasos em entregas na Baixada Santista - Rastrear Correios\",\"isPartOf\":{\"@id\":\"https:\\\/\\\/www.rastrearobjetos.com.br\\\/blog\\\/#website\"},\"primaryImageOfPage\":{\"@id\":\"https:\\\/\\\/www.rastrearobjetos.com.br\\\/blog\\\/noticias\\\/centro-dos-correios-e-desocupado-e-sindicato-alerta-sobre-atrasos-em-entregas-na-baixada-santista.html#primaryimage\"},\"image\":{\"@id\":\"https:\\\/\\\/www.rastrearobjetos.com.br\\\/blog\\\/noticias\\\/centro-dos-correios-e-desocupado-e-sindicato-alerta-sobre-atrasos-em-entregas-na-baixada-santista.html#primaryimage\"},\"thumbnailUrl\":\"https:\\\/\\\/www.rastrearobjetos.com.br\\\/blog\\\/wp-content\\\/uploads\\\/2019\\\/05\\\/img-20140106-wa0004.jpg\",\"datePublished\":\"2019-05-09T21:43:26+00:00\",\"dateModified\":\"2019-05-09T22:21:42+00:00\",\"description\":\"Rastrear Objetos Correios. Rastreamento de sua Encomenda. Acompanhe todos os passos da sua entrega. R\u00e1pido, F\u00e1cil e Gr\u00e1tis. Receba notifica\u00e7\u00f5es atualizadas.\",\"breadcrumb\":{\"@id\":\"https:\\\/\\\/www.rastrearobjetos.com.br\\\/blog\\\/noticias\\\/centro-dos-correios-e-desocupado-e-sindicato-alerta-sobre-atrasos-em-entregas-na-baixada-santista.html#breadcrumb\"},\"inLanguage\":\"pt-BR\",\"potentialAction\":[{\"@type\":\"ReadAction\",\"target\":[\"https:\\\/\\\/www.rastrearobjetos.com.br\\\/blog\\\/noticias\\\/centro-dos-correios-e-desocupado-e-sindicato-alerta-sobre-atrasos-em-entregas-na-baixada-santista.html\"]}]},{\"@type\":\"ImageObject\",\"inLanguage\":\"pt-BR\",\"@id\":\"https:\\\/\\\/www.rastrearobjetos.com.br\\\/blog\\\/noticias\\\/centro-dos-correios-e-desocupado-e-sindicato-alerta-sobre-atrasos-em-entregas-na-baixada-santista.html#primaryimage\",\"url\":\"https:\\\/\\\/www.rastrearobjetos.com.br\\\/blog\\\/wp-content\\\/uploads\\\/2019\\\/05\\\/img-20140106-wa0004.jpg\",\"contentUrl\":\"https:\\\/\\\/www.rastrearobjetos.com.br\\\/blog\\\/wp-content\\\/uploads\\\/2019\\\/05\\\/img-20140106-wa0004.jpg\",\"width\":1280,\"height\":720,\"caption\":\"santos\"},{\"@type\":\"BreadcrumbList\",\"@id\":\"https:\\\/\\\/www.rastrearobjetos.com.br\\\/blog\\\/noticias\\\/centro-dos-correios-e-desocupado-e-sindicato-alerta-sobre-atrasos-em-entregas-na-baixada-santista.html#breadcrumb\",\"itemListElement\":[{\"@type\":\"ListItem\",\"position\":1,\"name\":\"In\u00edcio\",\"item\":\"https:\\\/\\\/www.rastrearobjetos.com.br\\\/blog\\\/\"},{\"@type\":\"ListItem\",\"position\":2,\"name\":\"Not\u00edcias\",\"item\":\"https:\\\/\\\/www.rastrearobjetos.com.br\\\/blog\\\/categoria\\\/noticias\"},{\"@type\":\"ListItem\",\"position\":3,\"name\":\"Centro dos Correios \u00e9 desocupado e sindicato alerta sobre atrasos em entregas na Baixada Santista\"}]},{\"@type\":\"WebSite\",\"@id\":\"https:\\\/\\\/www.rastrearobjetos.com.br\\\/blog\\\/#website\",\"url\":\"https:\\\/\\\/www.rastrearobjetos.com.br\\\/blog\\\/\",\"name\":\"Rastrear Correios\",\"description\":\"Blog do Rastreador dos Correios\",\"publisher\":{\"@id\":\"https:\\\/\\\/www.rastrearobjetos.com.br\\\/blog\\\/#organization\"},\"potentialAction\":[{\"@type\":\"SearchAction\",\"target\":{\"@type\":\"EntryPoint\",\"urlTemplate\":\"https:\\\/\\\/www.rastrearobjetos.com.br\\\/blog\\\/?s={search_term_string}\"},\"query-input\":{\"@type\":\"PropertyValueSpecification\",\"valueRequired\":true,\"valueName\":\"search_term_string\"}}],\"inLanguage\":\"pt-BR\"},{\"@type\":\"Organization\",\"@id\":\"https:\\\/\\\/www.rastrearobjetos.com.br\\\/blog\\\/#organization\",\"name\":\"Rastrear Objetos dos Correios\",\"url\":\"https:\\\/\\\/www.rastrearobjetos.com.br\\\/blog\\\/\",\"logo\":{\"@type\":\"ImageObject\",\"inLanguage\":\"pt-BR\",\"@id\":\"https:\\\/\\\/www.rastrearobjetos.com.br\\\/blog\\\/#\\\/schema\\\/logo\\\/image\\\/\",\"url\":\"https:\\\/\\\/www.rastrearobjetos.com.br\\\/blog\\\/wp-content\\\/uploads\\\/2017\\\/09\\\/logo-correios-1.png\",\"contentUrl\":\"https:\\\/\\\/www.rastrearobjetos.com.br\\\/blog\\\/wp-content\\\/uploads\\\/2017\\\/09\\\/logo-correios-1.png\",\"width\":314,\"height\":49,\"caption\":\"Rastrear Objetos dos Correios\"},\"image\":{\"@id\":\"https:\\\/\\\/www.rastrearobjetos.com.br\\\/blog\\\/#\\\/schema\\\/logo\\\/image\\\/\"},\"sameAs\":[\"https:\\\/\\\/www.facebook.com\\\/RastreadorDeObjetos\",\"https:\\\/\\\/x.com\\\/rastrearobjetos\"]},{\"@type\":\"Person\",\"@id\":\"https:\\\/\\\/www.rastrearobjetos.com.br\\\/blog\\\/#\\\/schema\\\/person\\\/0ecfd4bb0e3d1a11c9de7b048f0beaaf\",\"name\":\"Rastreador de Objetos\",\"image\":{\"@type\":\"ImageObject\",\"inLanguage\":\"pt-BR\",\"@id\":\"https:\\\/\\\/secure.gravatar.com\\\/avatar\\\/87a6c926c997a0a931c9a06b1dc5dea49d1b1b8fcaf6f0acef031004169a5d76?s=96&d=mm&r=g\",\"url\":\"https:\\\/\\\/secure.gravatar.com\\\/avatar\\\/87a6c926c997a0a931c9a06b1dc5dea49d1b1b8fcaf6f0acef031004169a5d76?s=96&d=mm&r=g\",\"contentUrl\":\"https:\\\/\\\/secure.gravatar.com\\\/avatar\\\/87a6c926c997a0a931c9a06b1dc5dea49d1b1b8fcaf6f0acef031004169a5d76?s=96&d=mm&r=g\",\"caption\":\"Rastreador de Objetos\"},\"url\":\"https:\\\/\\\/www.rastrearobjetos.com.br\\\/blog\\\/author\\\/admin\"}]}<\/script>\n<!-- \/ Yoast SEO plugin. -->","yoast_head_json":{"title":"Centro dos Correios \u00e9 desocupado e sindicato alerta sobre atrasos em entregas na Baixada Santista - Rastrear Correios","description":"Rastrear Objetos Correios. Rastreamento de sua Encomenda. Acompanhe todos os passos da sua entrega. R\u00e1pido, F\u00e1cil e Gr\u00e1tis. Receba notifica\u00e7\u00f5es atualizadas.","robots":{"index":"index","follow":"follow","max-snippet":"max-snippet:-1","max-image-preview":"max-image-preview:large","max-video-preview":"max-video-preview:-1"},"canonical":"https:\/\/www.rastrearobjetos.com.br\/blog\/noticias\/centro-dos-correios-e-desocupado-e-sindicato-alerta-sobre-atrasos-em-entregas-na-baixada-santista.html","og_locale":"pt_BR","og_type":"article","og_title":"Centro dos Correios \u00e9 desocupado e sindicato alerta sobre atrasos em entregas na Baixada Santista - Rastrear Correios","og_description":"Rastrear Objetos Correios. Rastreamento de sua Encomenda. Acompanhe todos os passos da sua entrega. R\u00e1pido, F\u00e1cil e Gr\u00e1tis. Receba notifica\u00e7\u00f5es atualizadas.","og_url":"https:\/\/www.rastrearobjetos.com.br\/blog\/noticias\/centro-dos-correios-e-desocupado-e-sindicato-alerta-sobre-atrasos-em-entregas-na-baixada-santista.html","og_site_name":"Rastrear Correios","article_publisher":"https:\/\/www.facebook.com\/RastreadorDeObjetos","article_published_time":"2019-05-09T21:43:26+00:00","article_modified_time":"2019-05-09T22:21:42+00:00","og_image":[{"width":1280,"height":720,"url":"https:\/\/www.rastrearobjetos.com.br\/blog\/wp-content\/uploads\/2019\/05\/img-20140106-wa0004.jpg","type":"image\/jpeg"}],"author":"Rastreador de Objetos","twitter_card":"summary_large_image","twitter_creator":"@rastrearobjetos","twitter_site":"@rastrearobjetos","twitter_misc":{"Escrito por":"Rastreador de Objetos","Est. tempo de leitura":"3 minutos"},"schema":{"@context":"https:\/\/schema.org","@graph":[{"@type":"Article","@id":"https:\/\/www.rastrearobjetos.com.br\/blog\/noticias\/centro-dos-correios-e-desocupado-e-sindicato-alerta-sobre-atrasos-em-entregas-na-baixada-santista.html#article","isPartOf":{"@id":"https:\/\/www.rastrearobjetos.com.br\/blog\/noticias\/centro-dos-correios-e-desocupado-e-sindicato-alerta-sobre-atrasos-em-entregas-na-baixada-santista.html"},"author":{"name":"Rastreador de Objetos","@id":"https:\/\/www.rastrearobjetos.com.br\/blog\/#\/schema\/person\/0ecfd4bb0e3d1a11c9de7b048f0beaaf"},"headline":"Centro dos Correios \u00e9 desocupado e sindicato alerta sobre atrasos em entregas na Baixada Santista","datePublished":"2019-05-09T21:43:26+00:00","dateModified":"2019-05-09T22:21:42+00:00","mainEntityOfPage":{"@id":"https:\/\/www.rastrearobjetos.com.br\/blog\/noticias\/centro-dos-correios-e-desocupado-e-sindicato-alerta-sobre-atrasos-em-entregas-na-baixada-santista.html"},"wordCount":595,"commentCount":0,"publisher":{"@id":"https:\/\/www.rastrearobjetos.com.br\/blog\/#organization"},"image":{"@id":"https:\/\/www.rastrearobjetos.com.br\/blog\/noticias\/centro-dos-correios-e-desocupado-e-sindicato-alerta-sobre-atrasos-em-entregas-na-baixada-santista.html#primaryimage"},"thumbnailUrl":"https:\/\/www.rastrearobjetos.com.br\/blog\/wp-content\/uploads\/2019\/05\/img-20140106-wa0004.jpg","keywords":["Baixada","centro","operacional","Santos","s\u00e3o paulo","sindicato"],"articleSection":["Not\u00edcias"],"inLanguage":"pt-BR","potentialAction":[{"@type":"CommentAction","name":"Comment","target":["https:\/\/www.rastrearobjetos.com.br\/blog\/noticias\/centro-dos-correios-e-desocupado-e-sindicato-alerta-sobre-atrasos-em-entregas-na-baixada-santista.html#respond"]}]},{"@type":"WebPage","@id":"https:\/\/www.rastrearobjetos.com.br\/blog\/noticias\/centro-dos-correios-e-desocupado-e-sindicato-alerta-sobre-atrasos-em-entregas-na-baixada-santista.html","url":"https:\/\/www.rastrearobjetos.com.br\/blog\/noticias\/centro-dos-correios-e-desocupado-e-sindicato-alerta-sobre-atrasos-em-entregas-na-baixada-santista.html","name":"Centro dos Correios \u00e9 desocupado e sindicato alerta sobre atrasos em entregas na Baixada Santista - Rastrear Correios","isPartOf":{"@id":"https:\/\/www.rastrearobjetos.com.br\/blog\/#website"},"primaryImageOfPage":{"@id":"https:\/\/www.rastrearobjetos.com.br\/blog\/noticias\/centro-dos-correios-e-desocupado-e-sindicato-alerta-sobre-atrasos-em-entregas-na-baixada-santista.html#primaryimage"},"image":{"@id":"https:\/\/www.rastrearobjetos.com.br\/blog\/noticias\/centro-dos-correios-e-desocupado-e-sindicato-alerta-sobre-atrasos-em-entregas-na-baixada-santista.html#primaryimage"},"thumbnailUrl":"https:\/\/www.rastrearobjetos.com.br\/blog\/wp-content\/uploads\/2019\/05\/img-20140106-wa0004.jpg","datePublished":"2019-05-09T21:43:26+00:00","dateModified":"2019-05-09T22:21:42+00:00","description":"Rastrear Objetos Correios. Rastreamento de sua Encomenda. Acompanhe todos os passos da sua entrega. R\u00e1pido, F\u00e1cil e Gr\u00e1tis. Receba notifica\u00e7\u00f5es atualizadas.","breadcrumb":{"@id":"https:\/\/www.rastrearobjetos.com.br\/blog\/noticias\/centro-dos-correios-e-desocupado-e-sindicato-alerta-sobre-atrasos-em-entregas-na-baixada-santista.html#breadcrumb"},"inLanguage":"pt-BR","potentialAction":[{"@type":"ReadAction","target":["https:\/\/www.rastrearobjetos.com.br\/blog\/noticias\/centro-dos-correios-e-desocupado-e-sindicato-alerta-sobre-atrasos-em-entregas-na-baixada-santista.html"]}]},{"@type":"ImageObject","inLanguage":"pt-BR","@id":"https:\/\/www.rastrearobjetos.com.br\/blog\/noticias\/centro-dos-correios-e-desocupado-e-sindicato-alerta-sobre-atrasos-em-entregas-na-baixada-santista.html#primaryimage","url":"https:\/\/www.rastrearobjetos.com.br\/blog\/wp-content\/uploads\/2019\/05\/img-20140106-wa0004.jpg","contentUrl":"https:\/\/www.rastrearobjetos.com.br\/blog\/wp-content\/uploads\/2019\/05\/img-20140106-wa0004.jpg","width":1280,"height":720,"caption":"santos"},{"@type":"BreadcrumbList","@id":"https:\/\/www.rastrearobjetos.com.br\/blog\/noticias\/centro-dos-correios-e-desocupado-e-sindicato-alerta-sobre-atrasos-em-entregas-na-baixada-santista.html#breadcrumb","itemListElement":[{"@type":"ListItem","position":1,"name":"In\u00edcio","item":"https:\/\/www.rastrearobjetos.com.br\/blog\/"},{"@type":"ListItem","position":2,"name":"Not\u00edcias","item":"https:\/\/www.rastrearobjetos.com.br\/blog\/categoria\/noticias"},{"@type":"ListItem","position":3,"name":"Centro dos Correios \u00e9 desocupado e sindicato alerta sobre atrasos em entregas na Baixada Santista"}]},{"@type":"WebSite","@id":"https:\/\/www.rastrearobjetos.com.br\/blog\/#website","url":"https:\/\/www.rastrearobjetos.com.br\/blog\/","name":"Rastrear Correios","description":"Blog do Rastreador dos Correios","publisher":{"@id":"https:\/\/www.rastrearobjetos.com.br\/blog\/#organization"},"potentialAction":[{"@type":"SearchAction","target":{"@type":"EntryPoint","urlTemplate":"https:\/\/www.rastrearobjetos.com.br\/blog\/?s={search_term_string}"},"query-input":{"@type":"PropertyValueSpecification","valueRequired":true,"valueName":"search_term_string"}}],"inLanguage":"pt-BR"},{"@type":"Organization","@id":"https:\/\/www.rastrearobjetos.com.br\/blog\/#organization","name":"Rastrear Objetos dos Correios","url":"https:\/\/www.rastrearobjetos.com.br\/blog\/","logo":{"@type":"ImageObject","inLanguage":"pt-BR","@id":"https:\/\/www.rastrearobjetos.com.br\/blog\/#\/schema\/logo\/image\/","url":"https:\/\/www.rastrearobjetos.com.br\/blog\/wp-content\/uploads\/2017\/09\/logo-correios-1.png","contentUrl":"https:\/\/www.rastrearobjetos.com.br\/blog\/wp-content\/uploads\/2017\/09\/logo-correios-1.png","width":314,"height":49,"caption":"Rastrear Objetos dos Correios"},"image":{"@id":"https:\/\/www.rastrearobjetos.com.br\/blog\/#\/schema\/logo\/image\/"},"sameAs":["https:\/\/www.facebook.com\/RastreadorDeObjetos","https:\/\/x.com\/rastrearobjetos"]},{"@type":"Person","@id":"https:\/\/www.rastrearobjetos.com.br\/blog\/#\/schema\/person\/0ecfd4bb0e3d1a11c9de7b048f0beaaf","name":"Rastreador de Objetos","image":{"@type":"ImageObject","inLanguage":"pt-BR","@id":"https:\/\/secure.gravatar.com\/avatar\/87a6c926c997a0a931c9a06b1dc5dea49d1b1b8fcaf6f0acef031004169a5d76?s=96&d=mm&r=g","url":"https:\/\/secure.gravatar.com\/avatar\/87a6c926c997a0a931c9a06b1dc5dea49d1b1b8fcaf6f0acef031004169a5d76?s=96&d=mm&r=g","contentUrl":"https:\/\/secure.gravatar.com\/avatar\/87a6c926c997a0a931c9a06b1dc5dea49d1b1b8fcaf6f0acef031004169a5d76?s=96&d=mm&r=g","caption":"Rastreador de Objetos"},"url":"https:\/\/www.rastrearobjetos.com.br\/blog\/author\/admin"}]}},"amp_enabled":true,"_links":{"self":[{"href":"https:\/\/www.rastrearobjetos.com.br\/blog\/wp-json\/wp\/v2\/posts\/2021","targetHints":{"allow":["GET"]}}],"collection":[{"href":"https:\/\/www.rastrearobjetos.com.br\/blog\/wp-json\/wp\/v2\/posts"}],"about":[{"href":"https:\/\/www.rastrearobjetos.com.br\/blog\/wp-json\/wp\/v2\/types\/post"}],"author":[{"embeddable":true,"href":"https:\/\/www.rastrearobjetos.com.br\/blog\/wp-json\/wp\/v2\/users\/1"}],"replies":[{"embeddable":true,"href":"https:\/\/www.rastrearobjetos.com.br\/blog\/wp-json\/wp\/v2\/comments?post=2021"}],"version-history":[{"count":3,"href":"https:\/\/www.rastrearobjetos.com.br\/blog\/wp-json\/wp\/v2\/posts\/2021\/revisions"}],"predecessor-version":[{"id":2026,"href":"https:\/\/www.rastrearobjetos.com.br\/blog\/wp-json\/wp\/v2\/posts\/2021\/revisions\/2026"}],"wp:featuredmedia":[{"embeddable":true,"href":"https:\/\/www.rastrearobjetos.com.br\/blog\/wp-json\/wp\/v2\/media\/2022"}],"wp:attachment":[{"href":"https:\/\/www.rastrearobjetos.com.br\/blog\/wp-json\/wp\/v2\/media?parent=2021"}],"wp:term":[{"taxonomy":"category","embeddable":true,"href":"https:\/\/www.rastrearobjetos.com.br\/blog\/wp-json\/wp\/v2\/categories?post=2021"},{"taxonomy":"post_tag","embeddable":true,"href":"https:\/\/www.rastrearobjetos.com.br\/blog\/wp-json\/wp\/v2\/tags?post=2021"}],"curies":[{"name":"wp","href":"https:\/\/api.w.org\/{rel}","templated":true}]}}