{"id":2364,"date":"2019-07-01T07:51:07","date_gmt":"2019-07-01T10:51:07","guid":{"rendered":"https:\/\/www.rastrearobjetos.com.br\/blog\/?p=2364"},"modified":"2019-07-01T07:51:34","modified_gmt":"2019-07-01T10:51:34","slug":"policia-federal-prende-acusado-de-assalto-aos-correios-em-serra-da-raiz","status":"publish","type":"post","link":"https:\/\/www.rastrearobjetos.com.br\/blog\/crime\/policia-federal-prende-acusado-de-assalto-aos-correios-em-serra-da-raiz.html","title":{"rendered":"Pol\u00edcia Federal prende acusado de assalto aos Correios em Serra da Ra\u00edz"},"content":{"rendered":"<p>Um homem foi preso durante uma opera\u00e7\u00e3o deflagrada pela <a href=\"https:\/\/www.rastrearobjetos.com.br\/blog\/tags\/policia-federal\" title=\"Pol\u00edcia Federal\">Pol\u00edcia Federal<\/a> na Para\u00edba, nesta sexta-feira (28), com o objetivo de combater uma associa\u00e7\u00e3o criminosa relacionada a assaltos em ag\u00eancias dos Correios.<\/p>\n<p>A opera\u00e7\u00e3o Pacifica\u00e7\u00e3o foi realizada com o objetivo de cumprir dois mandados de pris\u00e3o, ap\u00f3s os suspeitos serem identificados por meio de imagens de circuito fechado de televis\u00e3o, que registraram as a\u00e7\u00f5es. Um dos investigados permanece foragido, conforme a PF.<\/p>\n<p>Os homens s\u00e3o investigados por terem cometido dois roubos a m\u00e3o armada contra duas ag\u00eancias dos Correios no Brejo da Para\u00edba, uma no munic\u00edpio de Dona In\u00eas, no dia 28 de junho de 2018, e outra em Serra da Raiz, em 6 de junho do mesmo ano.<\/p>\n<p>Nos dois casos, de acordo com a <a href=\"https:\/\/www.rastrearobjetos.com.br\/blog\/tags\/policia-federal\" title=\"Pol\u00edcia Federal\">Pol\u00edcia Federal<\/a>, os suspeitos roubaram valores dos guich\u00eas de atendimento ao p\u00fablico das ag\u00eancias.<\/p>\n<p>Fonte: <a href=\"https:\/\/www.portalmidia.net\/policia-federal-prende-acusado-de-assalto-aos-correios-em-serra-da-raiz\/\" target=\"_blank\" rel=\"noopener noreferrer\">Portal m\u00eddia<\/a><\/p>\n","protected":false},"excerpt":{"rendered":"<p>Um homem foi preso durante uma opera\u00e7\u00e3o deflagrada pela Pol\u00edcia Federal na Para\u00edba, nesta sexta-feira (28), com o objetivo de combater uma associa\u00e7\u00e3o criminosa relacionada a assaltos em ag\u00eancias dos Correios. A opera\u00e7\u00e3o Pacifica\u00e7\u00e3o foi realizada com o objetivo de cumprir dois mandados de pris\u00e3o, ap\u00f3s os suspeitos serem identificados por meio de imagens de [&hellip;]<\/p>\n","protected":false},"author":1,"featured_media":2365,"comment_status":"open","ping_status":"open","sticky":false,"template":"","format":"standard","meta":{"footnotes":""},"categories":[1345],"tags":[68,1144,162,650],"class_list":["post-2364","post","type-post","status-publish","format-standard","has-post-thumbnail","hentry","category-crime","tag-assalto","tag-correio","tag-paraiba","tag-policia-federal"],"yoast_head":"<!-- This site is optimized with the Yoast SEO plugin v27.4 - https:\/\/yoast.com\/product\/yoast-seo-wordpress\/ -->\n<title>Pol\u00edcia Federal prende acusado de assalto aos Correios em Serra da Ra\u00edz - Rastrear Correios<\/title>\n<meta name=\"description\" content=\"Rastrear Objetos Correios. Rastreamento de sua Encomenda. Acompanhe todos os passos da sua entrega. R\u00e1pido, F\u00e1cil e Gr\u00e1tis. Receba notifica\u00e7\u00f5es atualizadas.\" \/>\n<meta name=\"robots\" content=\"index, follow, max-snippet:-1, max-image-preview:large, max-video-preview:-1\" \/>\n<link rel=\"canonical\" href=\"https:\/\/www.rastrearobjetos.com.br\/blog\/crime\/policia-federal-prende-acusado-de-assalto-aos-correios-em-serra-da-raiz.html\" \/>\n<meta property=\"og:locale\" content=\"pt_BR\" \/>\n<meta property=\"og:type\" content=\"article\" \/>\n<meta property=\"og:title\" content=\"Pol\u00edcia Federal prende acusado de assalto aos Correios em Serra da Ra\u00edz - Rastrear Correios\" \/>\n<meta property=\"og:description\" content=\"Rastrear Objetos Correios. Rastreamento de sua Encomenda. Acompanhe todos os passos da sua entrega. R\u00e1pido, F\u00e1cil e Gr\u00e1tis. Receba notifica\u00e7\u00f5es atualizadas.\" \/>\n<meta property=\"og:url\" content=\"https:\/\/www.rastrearobjetos.com.br\/blog\/crime\/policia-federal-prende-acusado-de-assalto-aos-correios-em-serra-da-raiz.html\" \/>\n<meta property=\"og:site_name\" content=\"Rastrear Correios\" \/>\n<meta property=\"article:publisher\" content=\"https:\/\/www.facebook.com\/RastreadorDeObjetos\" \/>\n<meta property=\"article:published_time\" content=\"2019-07-01T10:51:07+00:00\" \/>\n<meta property=\"article:modified_time\" content=\"2019-07-01T10:51:34+00:00\" \/>\n<meta property=\"og:image\" content=\"https:\/\/www.rastrearobjetos.com.br\/blog\/wp-content\/uploads\/2019\/07\/Correios-Serra-da-Raiz.jpg\" \/>\n\t<meta property=\"og:image:width\" content=\"750\" \/>\n\t<meta property=\"og:image:height\" content=\"405\" \/>\n\t<meta property=\"og:image:type\" content=\"image\/jpeg\" \/>\n<meta name=\"author\" content=\"Rastreador de Objetos\" \/>\n<meta name=\"twitter:card\" content=\"summary_large_image\" \/>\n<meta name=\"twitter:creator\" content=\"@rastrearobjetos\" \/>\n<meta name=\"twitter:site\" content=\"@rastrearobjetos\" \/>\n<meta name=\"twitter:label1\" content=\"Escrito por\" \/>\n\t<meta name=\"twitter:data1\" content=\"Rastreador de Objetos\" \/>\n\t<meta name=\"twitter:label2\" content=\"Est. tempo de leitura\" \/>\n\t<meta name=\"twitter:data2\" content=\"1 minuto\" \/>\n<script type=\"application\/ld+json\" class=\"yoast-schema-graph\">{\"@context\":\"https:\\\/\\\/schema.org\",\"@graph\":[{\"@type\":\"Article\",\"@id\":\"https:\\\/\\\/www.rastrearobjetos.com.br\\\/blog\\\/crime\\\/policia-federal-prende-acusado-de-assalto-aos-correios-em-serra-da-raiz.html#article\",\"isPartOf\":{\"@id\":\"https:\\\/\\\/www.rastrearobjetos.com.br\\\/blog\\\/crime\\\/policia-federal-prende-acusado-de-assalto-aos-correios-em-serra-da-raiz.html\"},\"author\":{\"name\":\"Rastreador de Objetos\",\"@id\":\"https:\\\/\\\/www.rastrearobjetos.com.br\\\/blog\\\/#\\\/schema\\\/person\\\/0ecfd4bb0e3d1a11c9de7b048f0beaaf\"},\"headline\":\"Pol\u00edcia Federal prende acusado de assalto aos Correios em Serra da Ra\u00edz\",\"datePublished\":\"2019-07-01T10:51:07+00:00\",\"dateModified\":\"2019-07-01T10:51:34+00:00\",\"mainEntityOfPage\":{\"@id\":\"https:\\\/\\\/www.rastrearobjetos.com.br\\\/blog\\\/crime\\\/policia-federal-prende-acusado-de-assalto-aos-correios-em-serra-da-raiz.html\"},\"wordCount\":174,\"commentCount\":0,\"publisher\":{\"@id\":\"https:\\\/\\\/www.rastrearobjetos.com.br\\\/blog\\\/#organization\"},\"image\":{\"@id\":\"https:\\\/\\\/www.rastrearobjetos.com.br\\\/blog\\\/crime\\\/policia-federal-prende-acusado-de-assalto-aos-correios-em-serra-da-raiz.html#primaryimage\"},\"thumbnailUrl\":\"https:\\\/\\\/www.rastrearobjetos.com.br\\\/blog\\\/wp-content\\\/uploads\\\/2019\\\/07\\\/Correios-Serra-da-Raiz.jpg\",\"keywords\":[\"assalto\",\"correio\",\"paraiba\",\"pol\u00edcia federal\"],\"articleSection\":[\"Crime\"],\"inLanguage\":\"pt-BR\",\"potentialAction\":[{\"@type\":\"CommentAction\",\"name\":\"Comment\",\"target\":[\"https:\\\/\\\/www.rastrearobjetos.com.br\\\/blog\\\/crime\\\/policia-federal-prende-acusado-de-assalto-aos-correios-em-serra-da-raiz.html#respond\"]}]},{\"@type\":\"WebPage\",\"@id\":\"https:\\\/\\\/www.rastrearobjetos.com.br\\\/blog\\\/crime\\\/policia-federal-prende-acusado-de-assalto-aos-correios-em-serra-da-raiz.html\",\"url\":\"https:\\\/\\\/www.rastrearobjetos.com.br\\\/blog\\\/crime\\\/policia-federal-prende-acusado-de-assalto-aos-correios-em-serra-da-raiz.html\",\"name\":\"Pol\u00edcia Federal prende acusado de assalto aos Correios em Serra da Ra\u00edz - Rastrear Correios\",\"isPartOf\":{\"@id\":\"https:\\\/\\\/www.rastrearobjetos.com.br\\\/blog\\\/#website\"},\"primaryImageOfPage\":{\"@id\":\"https:\\\/\\\/www.rastrearobjetos.com.br\\\/blog\\\/crime\\\/policia-federal-prende-acusado-de-assalto-aos-correios-em-serra-da-raiz.html#primaryimage\"},\"image\":{\"@id\":\"https:\\\/\\\/www.rastrearobjetos.com.br\\\/blog\\\/crime\\\/policia-federal-prende-acusado-de-assalto-aos-correios-em-serra-da-raiz.html#primaryimage\"},\"thumbnailUrl\":\"https:\\\/\\\/www.rastrearobjetos.com.br\\\/blog\\\/wp-content\\\/uploads\\\/2019\\\/07\\\/Correios-Serra-da-Raiz.jpg\",\"datePublished\":\"2019-07-01T10:51:07+00:00\",\"dateModified\":\"2019-07-01T10:51:34+00:00\",\"description\":\"Rastrear Objetos Correios. Rastreamento de sua Encomenda. Acompanhe todos os passos da sua entrega. R\u00e1pido, F\u00e1cil e Gr\u00e1tis. Receba notifica\u00e7\u00f5es atualizadas.\",\"breadcrumb\":{\"@id\":\"https:\\\/\\\/www.rastrearobjetos.com.br\\\/blog\\\/crime\\\/policia-federal-prende-acusado-de-assalto-aos-correios-em-serra-da-raiz.html#breadcrumb\"},\"inLanguage\":\"pt-BR\",\"potentialAction\":[{\"@type\":\"ReadAction\",\"target\":[\"https:\\\/\\\/www.rastrearobjetos.com.br\\\/blog\\\/crime\\\/policia-federal-prende-acusado-de-assalto-aos-correios-em-serra-da-raiz.html\"]}]},{\"@type\":\"ImageObject\",\"inLanguage\":\"pt-BR\",\"@id\":\"https:\\\/\\\/www.rastrearobjetos.com.br\\\/blog\\\/crime\\\/policia-federal-prende-acusado-de-assalto-aos-correios-em-serra-da-raiz.html#primaryimage\",\"url\":\"https:\\\/\\\/www.rastrearobjetos.com.br\\\/blog\\\/wp-content\\\/uploads\\\/2019\\\/07\\\/Correios-Serra-da-Raiz.jpg\",\"contentUrl\":\"https:\\\/\\\/www.rastrearobjetos.com.br\\\/blog\\\/wp-content\\\/uploads\\\/2019\\\/07\\\/Correios-Serra-da-Raiz.jpg\",\"width\":750,\"height\":405},{\"@type\":\"BreadcrumbList\",\"@id\":\"https:\\\/\\\/www.rastrearobjetos.com.br\\\/blog\\\/crime\\\/policia-federal-prende-acusado-de-assalto-aos-correios-em-serra-da-raiz.html#breadcrumb\",\"itemListElement\":[{\"@type\":\"ListItem\",\"position\":1,\"name\":\"In\u00edcio\",\"item\":\"https:\\\/\\\/www.rastrearobjetos.com.br\\\/blog\\\/\"},{\"@type\":\"ListItem\",\"position\":2,\"name\":\"Crime\",\"item\":\"https:\\\/\\\/www.rastrearobjetos.com.br\\\/blog\\\/categoria\\\/crime\"},{\"@type\":\"ListItem\",\"position\":3,\"name\":\"Pol\u00edcia Federal prende acusado de assalto aos Correios em Serra da Ra\u00edz\"}]},{\"@type\":\"WebSite\",\"@id\":\"https:\\\/\\\/www.rastrearobjetos.com.br\\\/blog\\\/#website\",\"url\":\"https:\\\/\\\/www.rastrearobjetos.com.br\\\/blog\\\/\",\"name\":\"Rastrear Correios\",\"description\":\"Blog do Rastreador dos Correios\",\"publisher\":{\"@id\":\"https:\\\/\\\/www.rastrearobjetos.com.br\\\/blog\\\/#organization\"},\"potentialAction\":[{\"@type\":\"SearchAction\",\"target\":{\"@type\":\"EntryPoint\",\"urlTemplate\":\"https:\\\/\\\/www.rastrearobjetos.com.br\\\/blog\\\/?s={search_term_string}\"},\"query-input\":{\"@type\":\"PropertyValueSpecification\",\"valueRequired\":true,\"valueName\":\"search_term_string\"}}],\"inLanguage\":\"pt-BR\"},{\"@type\":\"Organization\",\"@id\":\"https:\\\/\\\/www.rastrearobjetos.com.br\\\/blog\\\/#organization\",\"name\":\"Rastrear Objetos dos Correios\",\"url\":\"https:\\\/\\\/www.rastrearobjetos.com.br\\\/blog\\\/\",\"logo\":{\"@type\":\"ImageObject\",\"inLanguage\":\"pt-BR\",\"@id\":\"https:\\\/\\\/www.rastrearobjetos.com.br\\\/blog\\\/#\\\/schema\\\/logo\\\/image\\\/\",\"url\":\"https:\\\/\\\/www.rastrearobjetos.com.br\\\/blog\\\/wp-content\\\/uploads\\\/2017\\\/09\\\/logo-correios-1.png\",\"contentUrl\":\"https:\\\/\\\/www.rastrearobjetos.com.br\\\/blog\\\/wp-content\\\/uploads\\\/2017\\\/09\\\/logo-correios-1.png\",\"width\":314,\"height\":49,\"caption\":\"Rastrear Objetos dos Correios\"},\"image\":{\"@id\":\"https:\\\/\\\/www.rastrearobjetos.com.br\\\/blog\\\/#\\\/schema\\\/logo\\\/image\\\/\"},\"sameAs\":[\"https:\\\/\\\/www.facebook.com\\\/RastreadorDeObjetos\",\"https:\\\/\\\/x.com\\\/rastrearobjetos\"]},{\"@type\":\"Person\",\"@id\":\"https:\\\/\\\/www.rastrearobjetos.com.br\\\/blog\\\/#\\\/schema\\\/person\\\/0ecfd4bb0e3d1a11c9de7b048f0beaaf\",\"name\":\"Rastreador de Objetos\",\"image\":{\"@type\":\"ImageObject\",\"inLanguage\":\"pt-BR\",\"@id\":\"https:\\\/\\\/secure.gravatar.com\\\/avatar\\\/87a6c926c997a0a931c9a06b1dc5dea49d1b1b8fcaf6f0acef031004169a5d76?s=96&d=mm&r=g\",\"url\":\"https:\\\/\\\/secure.gravatar.com\\\/avatar\\\/87a6c926c997a0a931c9a06b1dc5dea49d1b1b8fcaf6f0acef031004169a5d76?s=96&d=mm&r=g\",\"contentUrl\":\"https:\\\/\\\/secure.gravatar.com\\\/avatar\\\/87a6c926c997a0a931c9a06b1dc5dea49d1b1b8fcaf6f0acef031004169a5d76?s=96&d=mm&r=g\",\"caption\":\"Rastreador de Objetos\"},\"url\":\"https:\\\/\\\/www.rastrearobjetos.com.br\\\/blog\\\/author\\\/admin\"}]}<\/script>\n<!-- \/ Yoast SEO plugin. -->","yoast_head_json":{"title":"Pol\u00edcia Federal prende acusado de assalto aos Correios em Serra da Ra\u00edz - Rastrear Correios","description":"Rastrear Objetos Correios. Rastreamento de sua Encomenda. Acompanhe todos os passos da sua entrega. R\u00e1pido, F\u00e1cil e Gr\u00e1tis. Receba notifica\u00e7\u00f5es atualizadas.","robots":{"index":"index","follow":"follow","max-snippet":"max-snippet:-1","max-image-preview":"max-image-preview:large","max-video-preview":"max-video-preview:-1"},"canonical":"https:\/\/www.rastrearobjetos.com.br\/blog\/crime\/policia-federal-prende-acusado-de-assalto-aos-correios-em-serra-da-raiz.html","og_locale":"pt_BR","og_type":"article","og_title":"Pol\u00edcia Federal prende acusado de assalto aos Correios em Serra da Ra\u00edz - Rastrear Correios","og_description":"Rastrear Objetos Correios. Rastreamento de sua Encomenda. Acompanhe todos os passos da sua entrega. R\u00e1pido, F\u00e1cil e Gr\u00e1tis. Receba notifica\u00e7\u00f5es atualizadas.","og_url":"https:\/\/www.rastrearobjetos.com.br\/blog\/crime\/policia-federal-prende-acusado-de-assalto-aos-correios-em-serra-da-raiz.html","og_site_name":"Rastrear Correios","article_publisher":"https:\/\/www.facebook.com\/RastreadorDeObjetos","article_published_time":"2019-07-01T10:51:07+00:00","article_modified_time":"2019-07-01T10:51:34+00:00","og_image":[{"width":750,"height":405,"url":"https:\/\/www.rastrearobjetos.com.br\/blog\/wp-content\/uploads\/2019\/07\/Correios-Serra-da-Raiz.jpg","type":"image\/jpeg"}],"author":"Rastreador de Objetos","twitter_card":"summary_large_image","twitter_creator":"@rastrearobjetos","twitter_site":"@rastrearobjetos","twitter_misc":{"Escrito por":"Rastreador de Objetos","Est. tempo de leitura":"1 minuto"},"schema":{"@context":"https:\/\/schema.org","@graph":[{"@type":"Article","@id":"https:\/\/www.rastrearobjetos.com.br\/blog\/crime\/policia-federal-prende-acusado-de-assalto-aos-correios-em-serra-da-raiz.html#article","isPartOf":{"@id":"https:\/\/www.rastrearobjetos.com.br\/blog\/crime\/policia-federal-prende-acusado-de-assalto-aos-correios-em-serra-da-raiz.html"},"author":{"name":"Rastreador de Objetos","@id":"https:\/\/www.rastrearobjetos.com.br\/blog\/#\/schema\/person\/0ecfd4bb0e3d1a11c9de7b048f0beaaf"},"headline":"Pol\u00edcia Federal prende acusado de assalto aos Correios em Serra da Ra\u00edz","datePublished":"2019-07-01T10:51:07+00:00","dateModified":"2019-07-01T10:51:34+00:00","mainEntityOfPage":{"@id":"https:\/\/www.rastrearobjetos.com.br\/blog\/crime\/policia-federal-prende-acusado-de-assalto-aos-correios-em-serra-da-raiz.html"},"wordCount":174,"commentCount":0,"publisher":{"@id":"https:\/\/www.rastrearobjetos.com.br\/blog\/#organization"},"image":{"@id":"https:\/\/www.rastrearobjetos.com.br\/blog\/crime\/policia-federal-prende-acusado-de-assalto-aos-correios-em-serra-da-raiz.html#primaryimage"},"thumbnailUrl":"https:\/\/www.rastrearobjetos.com.br\/blog\/wp-content\/uploads\/2019\/07\/Correios-Serra-da-Raiz.jpg","keywords":["assalto","correio","paraiba","pol\u00edcia federal"],"articleSection":["Crime"],"inLanguage":"pt-BR","potentialAction":[{"@type":"CommentAction","name":"Comment","target":["https:\/\/www.rastrearobjetos.com.br\/blog\/crime\/policia-federal-prende-acusado-de-assalto-aos-correios-em-serra-da-raiz.html#respond"]}]},{"@type":"WebPage","@id":"https:\/\/www.rastrearobjetos.com.br\/blog\/crime\/policia-federal-prende-acusado-de-assalto-aos-correios-em-serra-da-raiz.html","url":"https:\/\/www.rastrearobjetos.com.br\/blog\/crime\/policia-federal-prende-acusado-de-assalto-aos-correios-em-serra-da-raiz.html","name":"Pol\u00edcia Federal prende acusado de assalto aos Correios em Serra da Ra\u00edz - Rastrear Correios","isPartOf":{"@id":"https:\/\/www.rastrearobjetos.com.br\/blog\/#website"},"primaryImageOfPage":{"@id":"https:\/\/www.rastrearobjetos.com.br\/blog\/crime\/policia-federal-prende-acusado-de-assalto-aos-correios-em-serra-da-raiz.html#primaryimage"},"image":{"@id":"https:\/\/www.rastrearobjetos.com.br\/blog\/crime\/policia-federal-prende-acusado-de-assalto-aos-correios-em-serra-da-raiz.html#primaryimage"},"thumbnailUrl":"https:\/\/www.rastrearobjetos.com.br\/blog\/wp-content\/uploads\/2019\/07\/Correios-Serra-da-Raiz.jpg","datePublished":"2019-07-01T10:51:07+00:00","dateModified":"2019-07-01T10:51:34+00:00","description":"Rastrear Objetos Correios. Rastreamento de sua Encomenda. Acompanhe todos os passos da sua entrega. R\u00e1pido, F\u00e1cil e Gr\u00e1tis. Receba notifica\u00e7\u00f5es atualizadas.","breadcrumb":{"@id":"https:\/\/www.rastrearobjetos.com.br\/blog\/crime\/policia-federal-prende-acusado-de-assalto-aos-correios-em-serra-da-raiz.html#breadcrumb"},"inLanguage":"pt-BR","potentialAction":[{"@type":"ReadAction","target":["https:\/\/www.rastrearobjetos.com.br\/blog\/crime\/policia-federal-prende-acusado-de-assalto-aos-correios-em-serra-da-raiz.html"]}]},{"@type":"ImageObject","inLanguage":"pt-BR","@id":"https:\/\/www.rastrearobjetos.com.br\/blog\/crime\/policia-federal-prende-acusado-de-assalto-aos-correios-em-serra-da-raiz.html#primaryimage","url":"https:\/\/www.rastrearobjetos.com.br\/blog\/wp-content\/uploads\/2019\/07\/Correios-Serra-da-Raiz.jpg","contentUrl":"https:\/\/www.rastrearobjetos.com.br\/blog\/wp-content\/uploads\/2019\/07\/Correios-Serra-da-Raiz.jpg","width":750,"height":405},{"@type":"BreadcrumbList","@id":"https:\/\/www.rastrearobjetos.com.br\/blog\/crime\/policia-federal-prende-acusado-de-assalto-aos-correios-em-serra-da-raiz.html#breadcrumb","itemListElement":[{"@type":"ListItem","position":1,"name":"In\u00edcio","item":"https:\/\/www.rastrearobjetos.com.br\/blog\/"},{"@type":"ListItem","position":2,"name":"Crime","item":"https:\/\/www.rastrearobjetos.com.br\/blog\/categoria\/crime"},{"@type":"ListItem","position":3,"name":"Pol\u00edcia Federal prende acusado de assalto aos Correios em Serra da Ra\u00edz"}]},{"@type":"WebSite","@id":"https:\/\/www.rastrearobjetos.com.br\/blog\/#website","url":"https:\/\/www.rastrearobjetos.com.br\/blog\/","name":"Rastrear Correios","description":"Blog do Rastreador dos Correios","publisher":{"@id":"https:\/\/www.rastrearobjetos.com.br\/blog\/#organization"},"potentialAction":[{"@type":"SearchAction","target":{"@type":"EntryPoint","urlTemplate":"https:\/\/www.rastrearobjetos.com.br\/blog\/?s={search_term_string}"},"query-input":{"@type":"PropertyValueSpecification","valueRequired":true,"valueName":"search_term_string"}}],"inLanguage":"pt-BR"},{"@type":"Organization","@id":"https:\/\/www.rastrearobjetos.com.br\/blog\/#organization","name":"Rastrear Objetos dos Correios","url":"https:\/\/www.rastrearobjetos.com.br\/blog\/","logo":{"@type":"ImageObject","inLanguage":"pt-BR","@id":"https:\/\/www.rastrearobjetos.com.br\/blog\/#\/schema\/logo\/image\/","url":"https:\/\/www.rastrearobjetos.com.br\/blog\/wp-content\/uploads\/2017\/09\/logo-correios-1.png","contentUrl":"https:\/\/www.rastrearobjetos.com.br\/blog\/wp-content\/uploads\/2017\/09\/logo-correios-1.png","width":314,"height":49,"caption":"Rastrear Objetos dos Correios"},"image":{"@id":"https:\/\/www.rastrearobjetos.com.br\/blog\/#\/schema\/logo\/image\/"},"sameAs":["https:\/\/www.facebook.com\/RastreadorDeObjetos","https:\/\/x.com\/rastrearobjetos"]},{"@type":"Person","@id":"https:\/\/www.rastrearobjetos.com.br\/blog\/#\/schema\/person\/0ecfd4bb0e3d1a11c9de7b048f0beaaf","name":"Rastreador de Objetos","image":{"@type":"ImageObject","inLanguage":"pt-BR","@id":"https:\/\/secure.gravatar.com\/avatar\/87a6c926c997a0a931c9a06b1dc5dea49d1b1b8fcaf6f0acef031004169a5d76?s=96&d=mm&r=g","url":"https:\/\/secure.gravatar.com\/avatar\/87a6c926c997a0a931c9a06b1dc5dea49d1b1b8fcaf6f0acef031004169a5d76?s=96&d=mm&r=g","contentUrl":"https:\/\/secure.gravatar.com\/avatar\/87a6c926c997a0a931c9a06b1dc5dea49d1b1b8fcaf6f0acef031004169a5d76?s=96&d=mm&r=g","caption":"Rastreador de Objetos"},"url":"https:\/\/www.rastrearobjetos.com.br\/blog\/author\/admin"}]}},"amp_enabled":true,"_links":{"self":[{"href":"https:\/\/www.rastrearobjetos.com.br\/blog\/wp-json\/wp\/v2\/posts\/2364","targetHints":{"allow":["GET"]}}],"collection":[{"href":"https:\/\/www.rastrearobjetos.com.br\/blog\/wp-json\/wp\/v2\/posts"}],"about":[{"href":"https:\/\/www.rastrearobjetos.com.br\/blog\/wp-json\/wp\/v2\/types\/post"}],"author":[{"embeddable":true,"href":"https:\/\/www.rastrearobjetos.com.br\/blog\/wp-json\/wp\/v2\/users\/1"}],"replies":[{"embeddable":true,"href":"https:\/\/www.rastrearobjetos.com.br\/blog\/wp-json\/wp\/v2\/comments?post=2364"}],"version-history":[{"count":1,"href":"https:\/\/www.rastrearobjetos.com.br\/blog\/wp-json\/wp\/v2\/posts\/2364\/revisions"}],"predecessor-version":[{"id":2366,"href":"https:\/\/www.rastrearobjetos.com.br\/blog\/wp-json\/wp\/v2\/posts\/2364\/revisions\/2366"}],"wp:featuredmedia":[{"embeddable":true,"href":"https:\/\/www.rastrearobjetos.com.br\/blog\/wp-json\/wp\/v2\/media\/2365"}],"wp:attachment":[{"href":"https:\/\/www.rastrearobjetos.com.br\/blog\/wp-json\/wp\/v2\/media?parent=2364"}],"wp:term":[{"taxonomy":"category","embeddable":true,"href":"https:\/\/www.rastrearobjetos.com.br\/blog\/wp-json\/wp\/v2\/categories?post=2364"},{"taxonomy":"post_tag","embeddable":true,"href":"https:\/\/www.rastrearobjetos.com.br\/blog\/wp-json\/wp\/v2\/tags?post=2364"}],"curies":[{"name":"wp","href":"https:\/\/api.w.org\/{rel}","templated":true}]}}