{"id":2384,"date":"2019-07-11T09:52:12","date_gmt":"2019-07-11T12:52:12","guid":{"rendered":"https:\/\/www.rastrearobjetos.com.br\/blog\/?p=2384"},"modified":"2019-07-11T09:52:12","modified_gmt":"2019-07-11T12:52:12","slug":"funcionario-do-correios-e-preso-por-suspeita-de-desviar-carga-da-empresa","status":"publish","type":"post","link":"https:\/\/www.rastrearobjetos.com.br\/blog\/noticias\/funcionario-do-correios-e-preso-por-suspeita-de-desviar-carga-da-empresa.html","title":{"rendered":"Funcion\u00e1rio do Correios \u00e9 preso por suspeita de desviar carga da empresa"},"content":{"rendered":"<p>Um <a href=\"https:\/\/www.rastrearobjetos.com.br\/blog\/tags\/funcionario\" title=\"funcion\u00e1rio\">funcion\u00e1rio<\/a> do Correios foi preso por policiais militares, na manh\u00e3 desta quarta-feira, suspeito de desviar cargas da empresa. Israel Viana da Costa Clemente foi abordado por PMs da UPP Arar\u00e1\/<a href=\"https:\/\/www.rastrearobjetos.com.br\/blog\/tags\/mandela\" title=\"Mandela\">Mandela<\/a> na Avenida Leopoldo Bulh\u00f5es, em <a href=\"https:\/\/www.rastrearobjetos.com.br\/blog\/tags\/benfica\" title=\"Benfica\">Benfica<\/a>, na <a href=\"https:\/\/www.rastrearobjetos.com.br\/blog\/tags\/zona-norte\" title=\"Zona Norte\">Zona Norte<\/a> do Rio.<\/p>\n<p>De acordo com informa\u00e7\u00f5es da PM, Israel estava em um furg\u00e3o do Correios, com encomendas no interior do ve\u00edculo. Ele, no entanto, n\u00e3o soube esclarecer aos policiais sobre o material que transportava. Com isso, os PMs fizeram contato com o setor de intelig\u00eancia da empresa, onde ficou constatado o <a href=\"https:\/\/www.rastrearobjetos.com.br\/blog\/tags\/desvio\" title=\"desvio\">desvio<\/a> de <a href=\"https:\/\/www.rastrearobjetos.com.br\/blog\/tags\/carga\" title=\"carga\">carga<\/a>.<\/p>\n<p>O caso foi registrado na Pol\u00edcia Federal. Questionada pelo EXTRA , a assessoria de imprensa do Correios n\u00e3o deu detalhes de como foi constatado o <a href=\"https:\/\/www.rastrearobjetos.com.br\/blog\/tags\/desvio\" title=\"desvio\">desvio<\/a> pelo setor de intelig\u00eancia da empresa.<\/p>\n<blockquote><p>\u201cOs Correios est\u00e3o colaborando com a justi\u00e7a e v\u00e3o instaurar processo administrativo disciplinar para apurar a conduta do empregado. Esse tipo de comportamento \u00e9 inaceit\u00e1vel e est\u00e1 totalmente dissociado dos padr\u00f5es e valores defendidos pela empresa. Os Correios n\u00e3o fornecem informa\u00e7\u00f5es pessoais e profissionais de seus empregados\u201d, diz a nota da assessoria.<\/p><\/blockquote>\n<p>Fonte: <a href=\"https:\/\/extra.globo.com\/casos-de-policia\/funcionario-do-correios-preso-por-suspeita-de-desviar-carga-da-empresa-23798056.html\" target=\"_blank\" rel=\"noopener noreferrer\">https:\/\/extra.globo.com<\/a><\/p>\n","protected":false},"excerpt":{"rendered":"<p>Um funcion\u00e1rio do Correios foi preso por policiais militares, na manh\u00e3 desta quarta-feira, suspeito de desviar cargas da empresa.<\/p>\n","protected":false},"author":1,"featured_media":2385,"comment_status":"open","ping_status":"open","sticky":false,"template":"","format":"standard","meta":{"footnotes":""},"categories":[25],"tags":[1621,1620,104,147,734,1622,1050,435],"class_list":["post-2384","post","type-post","status-publish","format-standard","has-post-thumbnail","hentry","category-noticias","tag-arara","tag-benfica","tag-carga","tag-desvio","tag-funcionario","tag-mandela","tag-rio-dejaneiro","tag-zona-norte"],"yoast_head":"<!-- This site is optimized with the Yoast SEO plugin v27.4 - https:\/\/yoast.com\/product\/yoast-seo-wordpress\/ -->\n<title>Funcion\u00e1rio do Correios \u00e9 preso por suspeita de desviar carga da empresa - Rastrear Correios<\/title>\n<meta name=\"description\" content=\"Rastrear Objetos Correios. Rastreamento de sua Encomenda. Acompanhe todos os passos da sua entrega. R\u00e1pido, F\u00e1cil e Gr\u00e1tis. Receba notifica\u00e7\u00f5es atualizadas.\" \/>\n<meta name=\"robots\" content=\"index, follow, max-snippet:-1, max-image-preview:large, max-video-preview:-1\" \/>\n<link rel=\"canonical\" href=\"https:\/\/www.rastrearobjetos.com.br\/blog\/noticias\/funcionario-do-correios-e-preso-por-suspeita-de-desviar-carga-da-empresa.html\" \/>\n<meta property=\"og:locale\" content=\"pt_BR\" \/>\n<meta property=\"og:type\" content=\"article\" \/>\n<meta property=\"og:title\" content=\"Funcion\u00e1rio do Correios \u00e9 preso por suspeita de desviar carga da empresa - Rastrear Correios\" \/>\n<meta property=\"og:description\" content=\"Rastrear Objetos Correios. Rastreamento de sua Encomenda. Acompanhe todos os passos da sua entrega. R\u00e1pido, F\u00e1cil e Gr\u00e1tis. Receba notifica\u00e7\u00f5es atualizadas.\" \/>\n<meta property=\"og:url\" content=\"https:\/\/www.rastrearobjetos.com.br\/blog\/noticias\/funcionario-do-correios-e-preso-por-suspeita-de-desviar-carga-da-empresa.html\" \/>\n<meta property=\"og:site_name\" content=\"Rastrear Correios\" \/>\n<meta property=\"article:publisher\" content=\"https:\/\/www.facebook.com\/RastreadorDeObjetos\" \/>\n<meta property=\"article:published_time\" content=\"2019-07-11T12:52:12+00:00\" \/>\n<meta property=\"og:image\" content=\"https:\/\/www.rastrearobjetos.com.br\/blog\/wp-content\/uploads\/2019\/07\/correios-roubo-Arar\u00e1-Mandela-rio.jpg\" \/>\n\t<meta property=\"og:image:width\" content=\"640\" \/>\n\t<meta property=\"og:image:height\" content=\"360\" \/>\n\t<meta property=\"og:image:type\" content=\"image\/jpeg\" \/>\n<meta name=\"author\" content=\"Rastreador de Objetos\" \/>\n<meta name=\"twitter:card\" content=\"summary_large_image\" \/>\n<meta name=\"twitter:creator\" content=\"@rastrearobjetos\" \/>\n<meta name=\"twitter:site\" content=\"@rastrearobjetos\" \/>\n<meta name=\"twitter:label1\" content=\"Escrito por\" \/>\n\t<meta name=\"twitter:data1\" content=\"Rastreador de Objetos\" \/>\n\t<meta name=\"twitter:label2\" content=\"Est. tempo de leitura\" \/>\n\t<meta name=\"twitter:data2\" content=\"1 minuto\" \/>\n<script type=\"application\/ld+json\" class=\"yoast-schema-graph\">{\"@context\":\"https:\\\/\\\/schema.org\",\"@graph\":[{\"@type\":\"Article\",\"@id\":\"https:\\\/\\\/www.rastrearobjetos.com.br\\\/blog\\\/noticias\\\/funcionario-do-correios-e-preso-por-suspeita-de-desviar-carga-da-empresa.html#article\",\"isPartOf\":{\"@id\":\"https:\\\/\\\/www.rastrearobjetos.com.br\\\/blog\\\/noticias\\\/funcionario-do-correios-e-preso-por-suspeita-de-desviar-carga-da-empresa.html\"},\"author\":{\"name\":\"Rastreador de Objetos\",\"@id\":\"https:\\\/\\\/www.rastrearobjetos.com.br\\\/blog\\\/#\\\/schema\\\/person\\\/0ecfd4bb0e3d1a11c9de7b048f0beaaf\"},\"headline\":\"Funcion\u00e1rio do Correios \u00e9 preso por suspeita de desviar carga da empresa\",\"datePublished\":\"2019-07-11T12:52:12+00:00\",\"mainEntityOfPage\":{\"@id\":\"https:\\\/\\\/www.rastrearobjetos.com.br\\\/blog\\\/noticias\\\/funcionario-do-correios-e-preso-por-suspeita-de-desviar-carga-da-empresa.html\"},\"wordCount\":211,\"commentCount\":0,\"publisher\":{\"@id\":\"https:\\\/\\\/www.rastrearobjetos.com.br\\\/blog\\\/#organization\"},\"image\":{\"@id\":\"https:\\\/\\\/www.rastrearobjetos.com.br\\\/blog\\\/noticias\\\/funcionario-do-correios-e-preso-por-suspeita-de-desviar-carga-da-empresa.html#primaryimage\"},\"thumbnailUrl\":\"https:\\\/\\\/www.rastrearobjetos.com.br\\\/blog\\\/wp-content\\\/uploads\\\/2019\\\/07\\\/correios-roubo-Arar\u00e1-Mandela-rio.jpg\",\"keywords\":[\"Arar\u00e1\",\"Benfica\",\"carga\",\"desvio\",\"funcion\u00e1rio\",\"Mandela\",\"Rio deJaneiro\",\"zona norte\"],\"articleSection\":[\"Not\u00edcias\"],\"inLanguage\":\"pt-BR\",\"potentialAction\":[{\"@type\":\"CommentAction\",\"name\":\"Comment\",\"target\":[\"https:\\\/\\\/www.rastrearobjetos.com.br\\\/blog\\\/noticias\\\/funcionario-do-correios-e-preso-por-suspeita-de-desviar-carga-da-empresa.html#respond\"]}]},{\"@type\":\"WebPage\",\"@id\":\"https:\\\/\\\/www.rastrearobjetos.com.br\\\/blog\\\/noticias\\\/funcionario-do-correios-e-preso-por-suspeita-de-desviar-carga-da-empresa.html\",\"url\":\"https:\\\/\\\/www.rastrearobjetos.com.br\\\/blog\\\/noticias\\\/funcionario-do-correios-e-preso-por-suspeita-de-desviar-carga-da-empresa.html\",\"name\":\"Funcion\u00e1rio do Correios \u00e9 preso por suspeita de desviar carga da empresa - Rastrear Correios\",\"isPartOf\":{\"@id\":\"https:\\\/\\\/www.rastrearobjetos.com.br\\\/blog\\\/#website\"},\"primaryImageOfPage\":{\"@id\":\"https:\\\/\\\/www.rastrearobjetos.com.br\\\/blog\\\/noticias\\\/funcionario-do-correios-e-preso-por-suspeita-de-desviar-carga-da-empresa.html#primaryimage\"},\"image\":{\"@id\":\"https:\\\/\\\/www.rastrearobjetos.com.br\\\/blog\\\/noticias\\\/funcionario-do-correios-e-preso-por-suspeita-de-desviar-carga-da-empresa.html#primaryimage\"},\"thumbnailUrl\":\"https:\\\/\\\/www.rastrearobjetos.com.br\\\/blog\\\/wp-content\\\/uploads\\\/2019\\\/07\\\/correios-roubo-Arar\u00e1-Mandela-rio.jpg\",\"datePublished\":\"2019-07-11T12:52:12+00:00\",\"description\":\"Rastrear Objetos Correios. Rastreamento de sua Encomenda. Acompanhe todos os passos da sua entrega. R\u00e1pido, F\u00e1cil e Gr\u00e1tis. Receba notifica\u00e7\u00f5es atualizadas.\",\"breadcrumb\":{\"@id\":\"https:\\\/\\\/www.rastrearobjetos.com.br\\\/blog\\\/noticias\\\/funcionario-do-correios-e-preso-por-suspeita-de-desviar-carga-da-empresa.html#breadcrumb\"},\"inLanguage\":\"pt-BR\",\"potentialAction\":[{\"@type\":\"ReadAction\",\"target\":[\"https:\\\/\\\/www.rastrearobjetos.com.br\\\/blog\\\/noticias\\\/funcionario-do-correios-e-preso-por-suspeita-de-desviar-carga-da-empresa.html\"]}]},{\"@type\":\"ImageObject\",\"inLanguage\":\"pt-BR\",\"@id\":\"https:\\\/\\\/www.rastrearobjetos.com.br\\\/blog\\\/noticias\\\/funcionario-do-correios-e-preso-por-suspeita-de-desviar-carga-da-empresa.html#primaryimage\",\"url\":\"https:\\\/\\\/www.rastrearobjetos.com.br\\\/blog\\\/wp-content\\\/uploads\\\/2019\\\/07\\\/correios-roubo-Arar\u00e1-Mandela-rio.jpg\",\"contentUrl\":\"https:\\\/\\\/www.rastrearobjetos.com.br\\\/blog\\\/wp-content\\\/uploads\\\/2019\\\/07\\\/correios-roubo-Arar\u00e1-Mandela-rio.jpg\",\"width\":640,\"height\":360,\"caption\":\"Funcion\u00e1rio do Correios \u00e9 preso por suspeita de desviar carga da empresa\"},{\"@type\":\"BreadcrumbList\",\"@id\":\"https:\\\/\\\/www.rastrearobjetos.com.br\\\/blog\\\/noticias\\\/funcionario-do-correios-e-preso-por-suspeita-de-desviar-carga-da-empresa.html#breadcrumb\",\"itemListElement\":[{\"@type\":\"ListItem\",\"position\":1,\"name\":\"In\u00edcio\",\"item\":\"https:\\\/\\\/www.rastrearobjetos.com.br\\\/blog\\\/\"},{\"@type\":\"ListItem\",\"position\":2,\"name\":\"Not\u00edcias\",\"item\":\"https:\\\/\\\/www.rastrearobjetos.com.br\\\/blog\\\/categoria\\\/noticias\"},{\"@type\":\"ListItem\",\"position\":3,\"name\":\"Funcion\u00e1rio do Correios \u00e9 preso por suspeita de desviar carga da empresa\"}]},{\"@type\":\"WebSite\",\"@id\":\"https:\\\/\\\/www.rastrearobjetos.com.br\\\/blog\\\/#website\",\"url\":\"https:\\\/\\\/www.rastrearobjetos.com.br\\\/blog\\\/\",\"name\":\"Rastrear Correios\",\"description\":\"Blog do Rastreador dos Correios\",\"publisher\":{\"@id\":\"https:\\\/\\\/www.rastrearobjetos.com.br\\\/blog\\\/#organization\"},\"potentialAction\":[{\"@type\":\"SearchAction\",\"target\":{\"@type\":\"EntryPoint\",\"urlTemplate\":\"https:\\\/\\\/www.rastrearobjetos.com.br\\\/blog\\\/?s={search_term_string}\"},\"query-input\":{\"@type\":\"PropertyValueSpecification\",\"valueRequired\":true,\"valueName\":\"search_term_string\"}}],\"inLanguage\":\"pt-BR\"},{\"@type\":\"Organization\",\"@id\":\"https:\\\/\\\/www.rastrearobjetos.com.br\\\/blog\\\/#organization\",\"name\":\"Rastrear Objetos dos Correios\",\"url\":\"https:\\\/\\\/www.rastrearobjetos.com.br\\\/blog\\\/\",\"logo\":{\"@type\":\"ImageObject\",\"inLanguage\":\"pt-BR\",\"@id\":\"https:\\\/\\\/www.rastrearobjetos.com.br\\\/blog\\\/#\\\/schema\\\/logo\\\/image\\\/\",\"url\":\"https:\\\/\\\/www.rastrearobjetos.com.br\\\/blog\\\/wp-content\\\/uploads\\\/2017\\\/09\\\/logo-correios-1.png\",\"contentUrl\":\"https:\\\/\\\/www.rastrearobjetos.com.br\\\/blog\\\/wp-content\\\/uploads\\\/2017\\\/09\\\/logo-correios-1.png\",\"width\":314,\"height\":49,\"caption\":\"Rastrear Objetos dos Correios\"},\"image\":{\"@id\":\"https:\\\/\\\/www.rastrearobjetos.com.br\\\/blog\\\/#\\\/schema\\\/logo\\\/image\\\/\"},\"sameAs\":[\"https:\\\/\\\/www.facebook.com\\\/RastreadorDeObjetos\",\"https:\\\/\\\/x.com\\\/rastrearobjetos\"]},{\"@type\":\"Person\",\"@id\":\"https:\\\/\\\/www.rastrearobjetos.com.br\\\/blog\\\/#\\\/schema\\\/person\\\/0ecfd4bb0e3d1a11c9de7b048f0beaaf\",\"name\":\"Rastreador de Objetos\",\"image\":{\"@type\":\"ImageObject\",\"inLanguage\":\"pt-BR\",\"@id\":\"https:\\\/\\\/secure.gravatar.com\\\/avatar\\\/87a6c926c997a0a931c9a06b1dc5dea49d1b1b8fcaf6f0acef031004169a5d76?s=96&d=mm&r=g\",\"url\":\"https:\\\/\\\/secure.gravatar.com\\\/avatar\\\/87a6c926c997a0a931c9a06b1dc5dea49d1b1b8fcaf6f0acef031004169a5d76?s=96&d=mm&r=g\",\"contentUrl\":\"https:\\\/\\\/secure.gravatar.com\\\/avatar\\\/87a6c926c997a0a931c9a06b1dc5dea49d1b1b8fcaf6f0acef031004169a5d76?s=96&d=mm&r=g\",\"caption\":\"Rastreador de Objetos\"},\"url\":\"https:\\\/\\\/www.rastrearobjetos.com.br\\\/blog\\\/author\\\/admin\"}]}<\/script>\n<!-- \/ Yoast SEO plugin. -->","yoast_head_json":{"title":"Funcion\u00e1rio do Correios \u00e9 preso por suspeita de desviar carga da empresa - Rastrear Correios","description":"Rastrear Objetos Correios. Rastreamento de sua Encomenda. Acompanhe todos os passos da sua entrega. R\u00e1pido, F\u00e1cil e Gr\u00e1tis. Receba notifica\u00e7\u00f5es atualizadas.","robots":{"index":"index","follow":"follow","max-snippet":"max-snippet:-1","max-image-preview":"max-image-preview:large","max-video-preview":"max-video-preview:-1"},"canonical":"https:\/\/www.rastrearobjetos.com.br\/blog\/noticias\/funcionario-do-correios-e-preso-por-suspeita-de-desviar-carga-da-empresa.html","og_locale":"pt_BR","og_type":"article","og_title":"Funcion\u00e1rio do Correios \u00e9 preso por suspeita de desviar carga da empresa - Rastrear Correios","og_description":"Rastrear Objetos Correios. Rastreamento de sua Encomenda. Acompanhe todos os passos da sua entrega. R\u00e1pido, F\u00e1cil e Gr\u00e1tis. Receba notifica\u00e7\u00f5es atualizadas.","og_url":"https:\/\/www.rastrearobjetos.com.br\/blog\/noticias\/funcionario-do-correios-e-preso-por-suspeita-de-desviar-carga-da-empresa.html","og_site_name":"Rastrear Correios","article_publisher":"https:\/\/www.facebook.com\/RastreadorDeObjetos","article_published_time":"2019-07-11T12:52:12+00:00","og_image":[{"width":640,"height":360,"url":"https:\/\/www.rastrearobjetos.com.br\/blog\/wp-content\/uploads\/2019\/07\/correios-roubo-Arar\u00e1-Mandela-rio.jpg","type":"image\/jpeg"}],"author":"Rastreador de Objetos","twitter_card":"summary_large_image","twitter_creator":"@rastrearobjetos","twitter_site":"@rastrearobjetos","twitter_misc":{"Escrito por":"Rastreador de Objetos","Est. tempo de leitura":"1 minuto"},"schema":{"@context":"https:\/\/schema.org","@graph":[{"@type":"Article","@id":"https:\/\/www.rastrearobjetos.com.br\/blog\/noticias\/funcionario-do-correios-e-preso-por-suspeita-de-desviar-carga-da-empresa.html#article","isPartOf":{"@id":"https:\/\/www.rastrearobjetos.com.br\/blog\/noticias\/funcionario-do-correios-e-preso-por-suspeita-de-desviar-carga-da-empresa.html"},"author":{"name":"Rastreador de Objetos","@id":"https:\/\/www.rastrearobjetos.com.br\/blog\/#\/schema\/person\/0ecfd4bb0e3d1a11c9de7b048f0beaaf"},"headline":"Funcion\u00e1rio do Correios \u00e9 preso por suspeita de desviar carga da empresa","datePublished":"2019-07-11T12:52:12+00:00","mainEntityOfPage":{"@id":"https:\/\/www.rastrearobjetos.com.br\/blog\/noticias\/funcionario-do-correios-e-preso-por-suspeita-de-desviar-carga-da-empresa.html"},"wordCount":211,"commentCount":0,"publisher":{"@id":"https:\/\/www.rastrearobjetos.com.br\/blog\/#organization"},"image":{"@id":"https:\/\/www.rastrearobjetos.com.br\/blog\/noticias\/funcionario-do-correios-e-preso-por-suspeita-de-desviar-carga-da-empresa.html#primaryimage"},"thumbnailUrl":"https:\/\/www.rastrearobjetos.com.br\/blog\/wp-content\/uploads\/2019\/07\/correios-roubo-Arar\u00e1-Mandela-rio.jpg","keywords":["Arar\u00e1","Benfica","carga","desvio","funcion\u00e1rio","Mandela","Rio deJaneiro","zona norte"],"articleSection":["Not\u00edcias"],"inLanguage":"pt-BR","potentialAction":[{"@type":"CommentAction","name":"Comment","target":["https:\/\/www.rastrearobjetos.com.br\/blog\/noticias\/funcionario-do-correios-e-preso-por-suspeita-de-desviar-carga-da-empresa.html#respond"]}]},{"@type":"WebPage","@id":"https:\/\/www.rastrearobjetos.com.br\/blog\/noticias\/funcionario-do-correios-e-preso-por-suspeita-de-desviar-carga-da-empresa.html","url":"https:\/\/www.rastrearobjetos.com.br\/blog\/noticias\/funcionario-do-correios-e-preso-por-suspeita-de-desviar-carga-da-empresa.html","name":"Funcion\u00e1rio do Correios \u00e9 preso por suspeita de desviar carga da empresa - Rastrear Correios","isPartOf":{"@id":"https:\/\/www.rastrearobjetos.com.br\/blog\/#website"},"primaryImageOfPage":{"@id":"https:\/\/www.rastrearobjetos.com.br\/blog\/noticias\/funcionario-do-correios-e-preso-por-suspeita-de-desviar-carga-da-empresa.html#primaryimage"},"image":{"@id":"https:\/\/www.rastrearobjetos.com.br\/blog\/noticias\/funcionario-do-correios-e-preso-por-suspeita-de-desviar-carga-da-empresa.html#primaryimage"},"thumbnailUrl":"https:\/\/www.rastrearobjetos.com.br\/blog\/wp-content\/uploads\/2019\/07\/correios-roubo-Arar\u00e1-Mandela-rio.jpg","datePublished":"2019-07-11T12:52:12+00:00","description":"Rastrear Objetos Correios. Rastreamento de sua Encomenda. Acompanhe todos os passos da sua entrega. R\u00e1pido, F\u00e1cil e Gr\u00e1tis. Receba notifica\u00e7\u00f5es atualizadas.","breadcrumb":{"@id":"https:\/\/www.rastrearobjetos.com.br\/blog\/noticias\/funcionario-do-correios-e-preso-por-suspeita-de-desviar-carga-da-empresa.html#breadcrumb"},"inLanguage":"pt-BR","potentialAction":[{"@type":"ReadAction","target":["https:\/\/www.rastrearobjetos.com.br\/blog\/noticias\/funcionario-do-correios-e-preso-por-suspeita-de-desviar-carga-da-empresa.html"]}]},{"@type":"ImageObject","inLanguage":"pt-BR","@id":"https:\/\/www.rastrearobjetos.com.br\/blog\/noticias\/funcionario-do-correios-e-preso-por-suspeita-de-desviar-carga-da-empresa.html#primaryimage","url":"https:\/\/www.rastrearobjetos.com.br\/blog\/wp-content\/uploads\/2019\/07\/correios-roubo-Arar\u00e1-Mandela-rio.jpg","contentUrl":"https:\/\/www.rastrearobjetos.com.br\/blog\/wp-content\/uploads\/2019\/07\/correios-roubo-Arar\u00e1-Mandela-rio.jpg","width":640,"height":360,"caption":"Funcion\u00e1rio do Correios \u00e9 preso por suspeita de desviar carga da empresa"},{"@type":"BreadcrumbList","@id":"https:\/\/www.rastrearobjetos.com.br\/blog\/noticias\/funcionario-do-correios-e-preso-por-suspeita-de-desviar-carga-da-empresa.html#breadcrumb","itemListElement":[{"@type":"ListItem","position":1,"name":"In\u00edcio","item":"https:\/\/www.rastrearobjetos.com.br\/blog\/"},{"@type":"ListItem","position":2,"name":"Not\u00edcias","item":"https:\/\/www.rastrearobjetos.com.br\/blog\/categoria\/noticias"},{"@type":"ListItem","position":3,"name":"Funcion\u00e1rio do Correios \u00e9 preso por suspeita de desviar carga da empresa"}]},{"@type":"WebSite","@id":"https:\/\/www.rastrearobjetos.com.br\/blog\/#website","url":"https:\/\/www.rastrearobjetos.com.br\/blog\/","name":"Rastrear Correios","description":"Blog do Rastreador dos Correios","publisher":{"@id":"https:\/\/www.rastrearobjetos.com.br\/blog\/#organization"},"potentialAction":[{"@type":"SearchAction","target":{"@type":"EntryPoint","urlTemplate":"https:\/\/www.rastrearobjetos.com.br\/blog\/?s={search_term_string}"},"query-input":{"@type":"PropertyValueSpecification","valueRequired":true,"valueName":"search_term_string"}}],"inLanguage":"pt-BR"},{"@type":"Organization","@id":"https:\/\/www.rastrearobjetos.com.br\/blog\/#organization","name":"Rastrear Objetos dos Correios","url":"https:\/\/www.rastrearobjetos.com.br\/blog\/","logo":{"@type":"ImageObject","inLanguage":"pt-BR","@id":"https:\/\/www.rastrearobjetos.com.br\/blog\/#\/schema\/logo\/image\/","url":"https:\/\/www.rastrearobjetos.com.br\/blog\/wp-content\/uploads\/2017\/09\/logo-correios-1.png","contentUrl":"https:\/\/www.rastrearobjetos.com.br\/blog\/wp-content\/uploads\/2017\/09\/logo-correios-1.png","width":314,"height":49,"caption":"Rastrear Objetos dos Correios"},"image":{"@id":"https:\/\/www.rastrearobjetos.com.br\/blog\/#\/schema\/logo\/image\/"},"sameAs":["https:\/\/www.facebook.com\/RastreadorDeObjetos","https:\/\/x.com\/rastrearobjetos"]},{"@type":"Person","@id":"https:\/\/www.rastrearobjetos.com.br\/blog\/#\/schema\/person\/0ecfd4bb0e3d1a11c9de7b048f0beaaf","name":"Rastreador de Objetos","image":{"@type":"ImageObject","inLanguage":"pt-BR","@id":"https:\/\/secure.gravatar.com\/avatar\/87a6c926c997a0a931c9a06b1dc5dea49d1b1b8fcaf6f0acef031004169a5d76?s=96&d=mm&r=g","url":"https:\/\/secure.gravatar.com\/avatar\/87a6c926c997a0a931c9a06b1dc5dea49d1b1b8fcaf6f0acef031004169a5d76?s=96&d=mm&r=g","contentUrl":"https:\/\/secure.gravatar.com\/avatar\/87a6c926c997a0a931c9a06b1dc5dea49d1b1b8fcaf6f0acef031004169a5d76?s=96&d=mm&r=g","caption":"Rastreador de Objetos"},"url":"https:\/\/www.rastrearobjetos.com.br\/blog\/author\/admin"}]}},"amp_enabled":true,"_links":{"self":[{"href":"https:\/\/www.rastrearobjetos.com.br\/blog\/wp-json\/wp\/v2\/posts\/2384","targetHints":{"allow":["GET"]}}],"collection":[{"href":"https:\/\/www.rastrearobjetos.com.br\/blog\/wp-json\/wp\/v2\/posts"}],"about":[{"href":"https:\/\/www.rastrearobjetos.com.br\/blog\/wp-json\/wp\/v2\/types\/post"}],"author":[{"embeddable":true,"href":"https:\/\/www.rastrearobjetos.com.br\/blog\/wp-json\/wp\/v2\/users\/1"}],"replies":[{"embeddable":true,"href":"https:\/\/www.rastrearobjetos.com.br\/blog\/wp-json\/wp\/v2\/comments?post=2384"}],"version-history":[{"count":1,"href":"https:\/\/www.rastrearobjetos.com.br\/blog\/wp-json\/wp\/v2\/posts\/2384\/revisions"}],"predecessor-version":[{"id":2386,"href":"https:\/\/www.rastrearobjetos.com.br\/blog\/wp-json\/wp\/v2\/posts\/2384\/revisions\/2386"}],"wp:featuredmedia":[{"embeddable":true,"href":"https:\/\/www.rastrearobjetos.com.br\/blog\/wp-json\/wp\/v2\/media\/2385"}],"wp:attachment":[{"href":"https:\/\/www.rastrearobjetos.com.br\/blog\/wp-json\/wp\/v2\/media?parent=2384"}],"wp:term":[{"taxonomy":"category","embeddable":true,"href":"https:\/\/www.rastrearobjetos.com.br\/blog\/wp-json\/wp\/v2\/categories?post=2384"},{"taxonomy":"post_tag","embeddable":true,"href":"https:\/\/www.rastrearobjetos.com.br\/blog\/wp-json\/wp\/v2\/tags?post=2384"}],"curies":[{"name":"wp","href":"https:\/\/api.w.org\/{rel}","templated":true}]}}