{"id":2794,"date":"2019-09-02T12:40:47","date_gmt":"2019-09-02T15:40:47","guid":{"rendered":"https:\/\/www.rastrearobjetos.com.br\/blog\/?p=2794"},"modified":"2019-09-02T14:46:13","modified_gmt":"2019-09-02T17:46:13","slug":"correios-descartam-acordo-coletivo-e-trabalhadores-ameacam-greve-diz-sindicato","status":"publish","type":"post","link":"https:\/\/www.rastrearobjetos.com.br\/blog\/noticias\/correios-descartam-acordo-coletivo-e-trabalhadores-ameacam-greve-diz-sindicato.html","title":{"rendered":"Correios descartam acordo coletivo e trabalhadores amea\u00e7am greve, diz sindicato."},"content":{"rendered":"<p>A partir deste domingo (1\u00ba), n\u00e3o existe mais <a href=\"https:\/\/www.rastrearobjetos.com.br\/blog\/tags\/acordo-coletivo\" title=\"acordo coletivo\">acordo coletivo<\/a> entre os <a href=\"https:\/\/www.rastrearobjetos.com.br\/blog\/tags\/correios\" title=\"Correios\">Correios<\/a> e a categoria. A informa\u00e7\u00e3o partiu do presidente do Sindicato dos Trabalhadores dos <a href=\"https:\/\/www.rastrearobjetos.com.br\/blog\/tags\/correios\" title=\"Correios\">Correios<\/a> de <a href=\"https:\/\/www.rastrearobjetos.com.br\/blog\/tags\/alagoas\" title=\"Alagoas\">Alagoas<\/a>, Alysson Guerreiro, em entrevista na tarde deste s\u00e1bado (31).<\/p>\n<p>Segundo o sindicalista, a empresa informou ao Tribunal Superior do Trabalho (TST) que n\u00e3o ir\u00e1 mais negociar com os trabalhadores, o que pode culminar em uma <a href=\"https:\/\/www.rastrearobjetos.com.br\/blog\/tags\/greve\" title=\"greve\">greve<\/a> geral e por tempo indeterminado.<\/p>\n<p>O presidente explicou que a categoria vem lutando contra a <a href=\"https:\/\/www.rastrearobjetos.com.br\/blog\/tags\/privatizacao\" title=\"privatiza\u00e7\u00e3o\">privatiza\u00e7\u00e3o<\/a> e est\u00e1 engajada na campanha salarial desde o m\u00eas de junho deste ano. No intuito de evitar uma paralisa\u00e7\u00e3o, o sindicato solicitou uma media\u00e7\u00e3o junto ao TST.<\/p>\n<blockquote><p>&#8220;Ocorre que o tribunal, no final de julho, pediu mais tempo para as negocia\u00e7\u00f5es, e ambas as partes, ou seja, empresa e trabalhadores, aceitaram. Por\u00e9m, n\u00e3o houve nenhuma reuni\u00e3o para discutir a pauta no <a href=\"https:\/\/www.rastrearobjetos.com.br\/blog\/tags\/acordo-coletivo\" title=\"acordo coletivo\">acordo coletivo<\/a> e, ontem, no final da tarde, a empresa mandou uma peti\u00e7\u00e3o para o TST, dizendo que n\u00e3o iria mais negociar conosco&#8221;, explicou o sindicalista.<\/p><\/blockquote>\n<p>Em meio \u00e0 situa\u00e7\u00e3o, Guerreiro salientou que o sindicato se viu obrigado a discutir e votar, com a categoria, uma futura <a href=\"https:\/\/www.rastrearobjetos.com.br\/blog\/tags\/greve\" title=\"greve\">greve<\/a>, que, inclusive, tem car\u00e1ter nacional.<\/p>\n<p>&#8220;Estamos com a assembleia marcada para o dia 3, \u00e0s 19h30, na sede do sindicato, na Rua Cear\u00e1, bairro do Prado. A gente entende que isso \u00e9 uma jogada da empresa para facilitar a <a href=\"https:\/\/www.rastrearobjetos.com.br\/blog\/tags\/privatizacao\" title=\"privatiza\u00e7\u00e3o\">privatiza\u00e7\u00e3o<\/a> dos <a href=\"https:\/\/www.rastrearobjetos.com.br\/blog\/tags\/correios\" title=\"Correios\">Correios<\/a>&#8221;, acrescentou Alysson.<\/p>\n<h3><strong>PRIVATIZA\u00c7\u00c3O<\/strong><\/h3>\n<p>O an\u00fancio do governo Federal de que ir\u00e1 privatizar os <a href=\"https:\/\/www.rastrearobjetos.com.br\/blog\/tags\/correios\" title=\"Correios\">Correios<\/a> e outras estatais est\u00e1 deixando os trabalhadores da empresa, em todo o pa\u00eds, preocupados. Em <a href=\"https:\/\/www.rastrearobjetos.com.br\/blog\/tags\/alagoas\" title=\"Alagoas\">Alagoas<\/a>, n\u00e3o \u00e9 diferente. A categoria acredita que, com a venda, ser\u00e3o mantidas apenas as ag\u00eancias que ainda d\u00e3o lucro no Estado. Estas ficariam nas cidades de Macei\u00f3 e Arapiraca. As outras, situadas nos demais munic\u00edpios, seriam fechadas.<\/p>\n<p>O presidente do sindicato afirma que todos os munic\u00edpios alagoanos contam, hoje, com, ao menos, uma ag\u00eancia dos <a href=\"https:\/\/www.rastrearobjetos.com.br\/blog\/tags\/correios\" title=\"Correios\">Correios<\/a>, mas que esse cen\u00e1rio vai mudar com a <a href=\"https:\/\/www.rastrearobjetos.com.br\/blog\/tags\/privatizacao\" title=\"privatiza\u00e7\u00e3o\">privatiza\u00e7\u00e3o<\/a>. Das 104 ag\u00eancias existentes, apenas as da capital e a de Arapiraca devem ser mantidas. Segundo Alysson, a probabilidade de que as demais fechem as portas \u00e9 grande.<\/p>\n<p>Ele destaca que os trabalhadores est\u00e3o mobilizados em todo o pa\u00eds e coletando assinaturas para um abaixo-assinado que ser\u00e1 entregue no Congresso Nacional. O objetivo \u00e9 evitar a venda da empresa.<\/p>\n<p>Em todo o Pa\u00eds, os <a href=\"https:\/\/www.rastrearobjetos.com.br\/blog\/tags\/correios\" title=\"Correios\">Correios<\/a> contam com 99 mil funcion\u00e1rios. Em <a href=\"https:\/\/www.rastrearobjetos.com.br\/blog\/tags\/alagoas\" title=\"Alagoas\">Alagoas<\/a>, esse n\u00famero \u00e9 de 960 profissionais.<\/p>\n<h3><strong>CONFIRA, NA \u00cdNTEGRA, NOTA DOS <a href=\"https:\/\/www.rastrearobjetos.com.br\/blog\/tags\/correios\" title=\"CORREIOS\">CORREIOS<\/a><\/strong><\/h3>\n<div>\n<div>Em caso de deflagra\u00e7\u00e3o de <a href=\"https:\/\/www.rastrearobjetos.com.br\/blog\/tags\/greve\" title=\"greve\">greve<\/a>, visando o prosseguimento da execu\u00e7\u00e3o dos <a href=\"https:\/\/www.rastrearobjetos.com.br\/blog\/tags\/servicos\" title=\"servi\u00e7os\">servi\u00e7os<\/a> postais, bem como minimizar os efeitos da paralisa\u00e7\u00e3o, os <a href=\"https:\/\/www.rastrearobjetos.com.br\/blog\/tags\/correios\" title=\"Correios\">Correios<\/a> colocar\u00e3o em pr\u00e1tica o Plano de Continuidade de Neg\u00f3cios.<\/div>\n<div><\/div>\n<div>A a\u00e7\u00e3o consiste em atua\u00e7\u00e3o com horas extras, trabalhos no fim de semana e mutir\u00e3o realizado com o apoio de empregados da \u00e1rea administrativa.<\/div>\n<div><\/div>\n<div>Todos os esfor\u00e7os ser\u00e3o envidados para a normaliza\u00e7\u00e3o dos <a href=\"https:\/\/www.rastrearobjetos.com.br\/blog\/tags\/servicos\" title=\"servi\u00e7os\">servi\u00e7os<\/a> no menor tempo poss\u00edvel.<\/div>\n<\/div>\n<div><\/div>\n<div>Fonte:\u00a0<a href=\"https:\/\/gazetaweb.globo.com\/portal\/noticia\/2019\/08\/_84722.php\" target=\"_blank\" rel=\"noopener noreferrer\">Gazeta Web<\/a><\/div>\n<div class=\"clearfix\"><\/div>\n<div class=\"clearfix clearfix-margin\"><\/div>\n","protected":false},"excerpt":{"rendered":"<p>Em Alagoas, assembleia est\u00e1 marcada para o pr\u00f3ximo dia 3; sindicato fala em &#8216;jogada para facilitar privatiza\u00e7\u00e3o&#8217;<\/p>\n","protected":false},"author":1,"featured_media":2795,"comment_status":"open","ping_status":"open","sticky":false,"template":"","format":"standard","meta":{"footnotes":""},"categories":[25],"tags":[1805,324,5,252,485,527],"class_list":["post-2794","post","type-post","status-publish","format-standard","has-post-thumbnail","hentry","category-noticias","tag-acordo-coletivo","tag-alagoas","tag-correios","tag-greve","tag-privatizacao","tag-servicos"],"yoast_head":"<!-- This site is optimized with the Yoast SEO plugin v27.4 - https:\/\/yoast.com\/product\/yoast-seo-wordpress\/ -->\n<title>Correios descartam acordo coletivo e trabalhadores amea\u00e7am greve, diz sindicato. - Rastrear Correios<\/title>\n<meta name=\"description\" content=\"Rastrear Objetos Correios. Rastreamento de sua Encomenda. Acompanhe todos os passos da sua entrega. R\u00e1pido, F\u00e1cil e Gr\u00e1tis. Receba notifica\u00e7\u00f5es atualizadas.\" \/>\n<meta name=\"robots\" content=\"index, follow, max-snippet:-1, max-image-preview:large, max-video-preview:-1\" \/>\n<link rel=\"canonical\" href=\"https:\/\/www.rastrearobjetos.com.br\/blog\/noticias\/correios-descartam-acordo-coletivo-e-trabalhadores-ameacam-greve-diz-sindicato.html\" \/>\n<meta property=\"og:locale\" content=\"pt_BR\" \/>\n<meta property=\"og:type\" content=\"article\" \/>\n<meta property=\"og:title\" content=\"Correios descartam acordo coletivo e trabalhadores amea\u00e7am greve, diz sindicato. - Rastrear Correios\" \/>\n<meta property=\"og:description\" content=\"Rastrear Objetos Correios. Rastreamento de sua Encomenda. Acompanhe todos os passos da sua entrega. R\u00e1pido, F\u00e1cil e Gr\u00e1tis. Receba notifica\u00e7\u00f5es atualizadas.\" \/>\n<meta property=\"og:url\" content=\"https:\/\/www.rastrearobjetos.com.br\/blog\/noticias\/correios-descartam-acordo-coletivo-e-trabalhadores-ameacam-greve-diz-sindicato.html\" \/>\n<meta property=\"og:site_name\" content=\"Rastrear Correios\" \/>\n<meta property=\"article:publisher\" content=\"https:\/\/www.facebook.com\/RastreadorDeObjetos\" \/>\n<meta property=\"article:published_time\" content=\"2019-09-02T15:40:47+00:00\" \/>\n<meta property=\"article:modified_time\" content=\"2019-09-02T17:46:13+00:00\" \/>\n<meta property=\"og:image\" content=\"https:\/\/www.rastrearobjetos.com.br\/blog\/wp-content\/uploads\/2019\/09\/greve-correios.jpg\" \/>\n\t<meta property=\"og:image:width\" content=\"700\" \/>\n\t<meta property=\"og:image:height\" content=\"530\" \/>\n\t<meta property=\"og:image:type\" content=\"image\/jpeg\" \/>\n<meta name=\"author\" content=\"Rastreador de Objetos\" \/>\n<meta name=\"twitter:card\" content=\"summary_large_image\" \/>\n<meta name=\"twitter:creator\" content=\"@rastrearobjetos\" \/>\n<meta name=\"twitter:site\" content=\"@rastrearobjetos\" \/>\n<meta name=\"twitter:label1\" content=\"Escrito por\" \/>\n\t<meta name=\"twitter:data1\" content=\"Rastreador de Objetos\" \/>\n\t<meta name=\"twitter:label2\" content=\"Est. tempo de leitura\" \/>\n\t<meta name=\"twitter:data2\" content=\"3 minutos\" \/>\n<script type=\"application\/ld+json\" class=\"yoast-schema-graph\">{\"@context\":\"https:\\\/\\\/schema.org\",\"@graph\":[{\"@type\":\"Article\",\"@id\":\"https:\\\/\\\/www.rastrearobjetos.com.br\\\/blog\\\/noticias\\\/correios-descartam-acordo-coletivo-e-trabalhadores-ameacam-greve-diz-sindicato.html#article\",\"isPartOf\":{\"@id\":\"https:\\\/\\\/www.rastrearobjetos.com.br\\\/blog\\\/noticias\\\/correios-descartam-acordo-coletivo-e-trabalhadores-ameacam-greve-diz-sindicato.html\"},\"author\":{\"name\":\"Rastreador de Objetos\",\"@id\":\"https:\\\/\\\/www.rastrearobjetos.com.br\\\/blog\\\/#\\\/schema\\\/person\\\/0ecfd4bb0e3d1a11c9de7b048f0beaaf\"},\"headline\":\"Correios descartam acordo coletivo e trabalhadores amea\u00e7am greve, diz sindicato.\",\"datePublished\":\"2019-09-02T15:40:47+00:00\",\"dateModified\":\"2019-09-02T17:46:13+00:00\",\"mainEntityOfPage\":{\"@id\":\"https:\\\/\\\/www.rastrearobjetos.com.br\\\/blog\\\/noticias\\\/correios-descartam-acordo-coletivo-e-trabalhadores-ameacam-greve-diz-sindicato.html\"},\"wordCount\":533,\"commentCount\":0,\"publisher\":{\"@id\":\"https:\\\/\\\/www.rastrearobjetos.com.br\\\/blog\\\/#organization\"},\"image\":{\"@id\":\"https:\\\/\\\/www.rastrearobjetos.com.br\\\/blog\\\/noticias\\\/correios-descartam-acordo-coletivo-e-trabalhadores-ameacam-greve-diz-sindicato.html#primaryimage\"},\"thumbnailUrl\":\"https:\\\/\\\/www.rastrearobjetos.com.br\\\/blog\\\/wp-content\\\/uploads\\\/2019\\\/09\\\/greve-correios.jpg\",\"keywords\":[\"acordo coletivo\",\"alagoas\",\"correios\",\"greve\",\"privatiza\u00e7\u00e3o\",\"servi\u00e7os\"],\"articleSection\":[\"Not\u00edcias\"],\"inLanguage\":\"pt-BR\",\"potentialAction\":[{\"@type\":\"CommentAction\",\"name\":\"Comment\",\"target\":[\"https:\\\/\\\/www.rastrearobjetos.com.br\\\/blog\\\/noticias\\\/correios-descartam-acordo-coletivo-e-trabalhadores-ameacam-greve-diz-sindicato.html#respond\"]}]},{\"@type\":\"WebPage\",\"@id\":\"https:\\\/\\\/www.rastrearobjetos.com.br\\\/blog\\\/noticias\\\/correios-descartam-acordo-coletivo-e-trabalhadores-ameacam-greve-diz-sindicato.html\",\"url\":\"https:\\\/\\\/www.rastrearobjetos.com.br\\\/blog\\\/noticias\\\/correios-descartam-acordo-coletivo-e-trabalhadores-ameacam-greve-diz-sindicato.html\",\"name\":\"Correios descartam acordo coletivo e trabalhadores amea\u00e7am greve, diz sindicato. - Rastrear Correios\",\"isPartOf\":{\"@id\":\"https:\\\/\\\/www.rastrearobjetos.com.br\\\/blog\\\/#website\"},\"primaryImageOfPage\":{\"@id\":\"https:\\\/\\\/www.rastrearobjetos.com.br\\\/blog\\\/noticias\\\/correios-descartam-acordo-coletivo-e-trabalhadores-ameacam-greve-diz-sindicato.html#primaryimage\"},\"image\":{\"@id\":\"https:\\\/\\\/www.rastrearobjetos.com.br\\\/blog\\\/noticias\\\/correios-descartam-acordo-coletivo-e-trabalhadores-ameacam-greve-diz-sindicato.html#primaryimage\"},\"thumbnailUrl\":\"https:\\\/\\\/www.rastrearobjetos.com.br\\\/blog\\\/wp-content\\\/uploads\\\/2019\\\/09\\\/greve-correios.jpg\",\"datePublished\":\"2019-09-02T15:40:47+00:00\",\"dateModified\":\"2019-09-02T17:46:13+00:00\",\"description\":\"Rastrear Objetos Correios. Rastreamento de sua Encomenda. Acompanhe todos os passos da sua entrega. R\u00e1pido, F\u00e1cil e Gr\u00e1tis. Receba notifica\u00e7\u00f5es atualizadas.\",\"breadcrumb\":{\"@id\":\"https:\\\/\\\/www.rastrearobjetos.com.br\\\/blog\\\/noticias\\\/correios-descartam-acordo-coletivo-e-trabalhadores-ameacam-greve-diz-sindicato.html#breadcrumb\"},\"inLanguage\":\"pt-BR\",\"potentialAction\":[{\"@type\":\"ReadAction\",\"target\":[\"https:\\\/\\\/www.rastrearobjetos.com.br\\\/blog\\\/noticias\\\/correios-descartam-acordo-coletivo-e-trabalhadores-ameacam-greve-diz-sindicato.html\"]}]},{\"@type\":\"ImageObject\",\"inLanguage\":\"pt-BR\",\"@id\":\"https:\\\/\\\/www.rastrearobjetos.com.br\\\/blog\\\/noticias\\\/correios-descartam-acordo-coletivo-e-trabalhadores-ameacam-greve-diz-sindicato.html#primaryimage\",\"url\":\"https:\\\/\\\/www.rastrearobjetos.com.br\\\/blog\\\/wp-content\\\/uploads\\\/2019\\\/09\\\/greve-correios.jpg\",\"contentUrl\":\"https:\\\/\\\/www.rastrearobjetos.com.br\\\/blog\\\/wp-content\\\/uploads\\\/2019\\\/09\\\/greve-correios.jpg\",\"width\":700,\"height\":530},{\"@type\":\"BreadcrumbList\",\"@id\":\"https:\\\/\\\/www.rastrearobjetos.com.br\\\/blog\\\/noticias\\\/correios-descartam-acordo-coletivo-e-trabalhadores-ameacam-greve-diz-sindicato.html#breadcrumb\",\"itemListElement\":[{\"@type\":\"ListItem\",\"position\":1,\"name\":\"In\u00edcio\",\"item\":\"https:\\\/\\\/www.rastrearobjetos.com.br\\\/blog\\\/\"},{\"@type\":\"ListItem\",\"position\":2,\"name\":\"Not\u00edcias\",\"item\":\"https:\\\/\\\/www.rastrearobjetos.com.br\\\/blog\\\/categoria\\\/noticias\"},{\"@type\":\"ListItem\",\"position\":3,\"name\":\"Correios descartam acordo coletivo e trabalhadores amea\u00e7am greve, diz sindicato.\"}]},{\"@type\":\"WebSite\",\"@id\":\"https:\\\/\\\/www.rastrearobjetos.com.br\\\/blog\\\/#website\",\"url\":\"https:\\\/\\\/www.rastrearobjetos.com.br\\\/blog\\\/\",\"name\":\"Rastrear Correios\",\"description\":\"Blog do Rastreador dos Correios\",\"publisher\":{\"@id\":\"https:\\\/\\\/www.rastrearobjetos.com.br\\\/blog\\\/#organization\"},\"potentialAction\":[{\"@type\":\"SearchAction\",\"target\":{\"@type\":\"EntryPoint\",\"urlTemplate\":\"https:\\\/\\\/www.rastrearobjetos.com.br\\\/blog\\\/?s={search_term_string}\"},\"query-input\":{\"@type\":\"PropertyValueSpecification\",\"valueRequired\":true,\"valueName\":\"search_term_string\"}}],\"inLanguage\":\"pt-BR\"},{\"@type\":\"Organization\",\"@id\":\"https:\\\/\\\/www.rastrearobjetos.com.br\\\/blog\\\/#organization\",\"name\":\"Rastrear Objetos dos Correios\",\"url\":\"https:\\\/\\\/www.rastrearobjetos.com.br\\\/blog\\\/\",\"logo\":{\"@type\":\"ImageObject\",\"inLanguage\":\"pt-BR\",\"@id\":\"https:\\\/\\\/www.rastrearobjetos.com.br\\\/blog\\\/#\\\/schema\\\/logo\\\/image\\\/\",\"url\":\"https:\\\/\\\/www.rastrearobjetos.com.br\\\/blog\\\/wp-content\\\/uploads\\\/2017\\\/09\\\/logo-correios-1.png\",\"contentUrl\":\"https:\\\/\\\/www.rastrearobjetos.com.br\\\/blog\\\/wp-content\\\/uploads\\\/2017\\\/09\\\/logo-correios-1.png\",\"width\":314,\"height\":49,\"caption\":\"Rastrear Objetos dos Correios\"},\"image\":{\"@id\":\"https:\\\/\\\/www.rastrearobjetos.com.br\\\/blog\\\/#\\\/schema\\\/logo\\\/image\\\/\"},\"sameAs\":[\"https:\\\/\\\/www.facebook.com\\\/RastreadorDeObjetos\",\"https:\\\/\\\/x.com\\\/rastrearobjetos\"]},{\"@type\":\"Person\",\"@id\":\"https:\\\/\\\/www.rastrearobjetos.com.br\\\/blog\\\/#\\\/schema\\\/person\\\/0ecfd4bb0e3d1a11c9de7b048f0beaaf\",\"name\":\"Rastreador de Objetos\",\"image\":{\"@type\":\"ImageObject\",\"inLanguage\":\"pt-BR\",\"@id\":\"https:\\\/\\\/secure.gravatar.com\\\/avatar\\\/87a6c926c997a0a931c9a06b1dc5dea49d1b1b8fcaf6f0acef031004169a5d76?s=96&d=mm&r=g\",\"url\":\"https:\\\/\\\/secure.gravatar.com\\\/avatar\\\/87a6c926c997a0a931c9a06b1dc5dea49d1b1b8fcaf6f0acef031004169a5d76?s=96&d=mm&r=g\",\"contentUrl\":\"https:\\\/\\\/secure.gravatar.com\\\/avatar\\\/87a6c926c997a0a931c9a06b1dc5dea49d1b1b8fcaf6f0acef031004169a5d76?s=96&d=mm&r=g\",\"caption\":\"Rastreador de Objetos\"},\"url\":\"https:\\\/\\\/www.rastrearobjetos.com.br\\\/blog\\\/author\\\/admin\"}]}<\/script>\n<!-- \/ Yoast SEO plugin. -->","yoast_head_json":{"title":"Correios descartam acordo coletivo e trabalhadores amea\u00e7am greve, diz sindicato. - Rastrear Correios","description":"Rastrear Objetos Correios. Rastreamento de sua Encomenda. Acompanhe todos os passos da sua entrega. R\u00e1pido, F\u00e1cil e Gr\u00e1tis. Receba notifica\u00e7\u00f5es atualizadas.","robots":{"index":"index","follow":"follow","max-snippet":"max-snippet:-1","max-image-preview":"max-image-preview:large","max-video-preview":"max-video-preview:-1"},"canonical":"https:\/\/www.rastrearobjetos.com.br\/blog\/noticias\/correios-descartam-acordo-coletivo-e-trabalhadores-ameacam-greve-diz-sindicato.html","og_locale":"pt_BR","og_type":"article","og_title":"Correios descartam acordo coletivo e trabalhadores amea\u00e7am greve, diz sindicato. - Rastrear Correios","og_description":"Rastrear Objetos Correios. Rastreamento de sua Encomenda. Acompanhe todos os passos da sua entrega. R\u00e1pido, F\u00e1cil e Gr\u00e1tis. Receba notifica\u00e7\u00f5es atualizadas.","og_url":"https:\/\/www.rastrearobjetos.com.br\/blog\/noticias\/correios-descartam-acordo-coletivo-e-trabalhadores-ameacam-greve-diz-sindicato.html","og_site_name":"Rastrear Correios","article_publisher":"https:\/\/www.facebook.com\/RastreadorDeObjetos","article_published_time":"2019-09-02T15:40:47+00:00","article_modified_time":"2019-09-02T17:46:13+00:00","og_image":[{"width":700,"height":530,"url":"https:\/\/www.rastrearobjetos.com.br\/blog\/wp-content\/uploads\/2019\/09\/greve-correios.jpg","type":"image\/jpeg"}],"author":"Rastreador de Objetos","twitter_card":"summary_large_image","twitter_creator":"@rastrearobjetos","twitter_site":"@rastrearobjetos","twitter_misc":{"Escrito por":"Rastreador de Objetos","Est. tempo de leitura":"3 minutos"},"schema":{"@context":"https:\/\/schema.org","@graph":[{"@type":"Article","@id":"https:\/\/www.rastrearobjetos.com.br\/blog\/noticias\/correios-descartam-acordo-coletivo-e-trabalhadores-ameacam-greve-diz-sindicato.html#article","isPartOf":{"@id":"https:\/\/www.rastrearobjetos.com.br\/blog\/noticias\/correios-descartam-acordo-coletivo-e-trabalhadores-ameacam-greve-diz-sindicato.html"},"author":{"name":"Rastreador de Objetos","@id":"https:\/\/www.rastrearobjetos.com.br\/blog\/#\/schema\/person\/0ecfd4bb0e3d1a11c9de7b048f0beaaf"},"headline":"Correios descartam acordo coletivo e trabalhadores amea\u00e7am greve, diz sindicato.","datePublished":"2019-09-02T15:40:47+00:00","dateModified":"2019-09-02T17:46:13+00:00","mainEntityOfPage":{"@id":"https:\/\/www.rastrearobjetos.com.br\/blog\/noticias\/correios-descartam-acordo-coletivo-e-trabalhadores-ameacam-greve-diz-sindicato.html"},"wordCount":533,"commentCount":0,"publisher":{"@id":"https:\/\/www.rastrearobjetos.com.br\/blog\/#organization"},"image":{"@id":"https:\/\/www.rastrearobjetos.com.br\/blog\/noticias\/correios-descartam-acordo-coletivo-e-trabalhadores-ameacam-greve-diz-sindicato.html#primaryimage"},"thumbnailUrl":"https:\/\/www.rastrearobjetos.com.br\/blog\/wp-content\/uploads\/2019\/09\/greve-correios.jpg","keywords":["acordo coletivo","alagoas","correios","greve","privatiza\u00e7\u00e3o","servi\u00e7os"],"articleSection":["Not\u00edcias"],"inLanguage":"pt-BR","potentialAction":[{"@type":"CommentAction","name":"Comment","target":["https:\/\/www.rastrearobjetos.com.br\/blog\/noticias\/correios-descartam-acordo-coletivo-e-trabalhadores-ameacam-greve-diz-sindicato.html#respond"]}]},{"@type":"WebPage","@id":"https:\/\/www.rastrearobjetos.com.br\/blog\/noticias\/correios-descartam-acordo-coletivo-e-trabalhadores-ameacam-greve-diz-sindicato.html","url":"https:\/\/www.rastrearobjetos.com.br\/blog\/noticias\/correios-descartam-acordo-coletivo-e-trabalhadores-ameacam-greve-diz-sindicato.html","name":"Correios descartam acordo coletivo e trabalhadores amea\u00e7am greve, diz sindicato. - Rastrear Correios","isPartOf":{"@id":"https:\/\/www.rastrearobjetos.com.br\/blog\/#website"},"primaryImageOfPage":{"@id":"https:\/\/www.rastrearobjetos.com.br\/blog\/noticias\/correios-descartam-acordo-coletivo-e-trabalhadores-ameacam-greve-diz-sindicato.html#primaryimage"},"image":{"@id":"https:\/\/www.rastrearobjetos.com.br\/blog\/noticias\/correios-descartam-acordo-coletivo-e-trabalhadores-ameacam-greve-diz-sindicato.html#primaryimage"},"thumbnailUrl":"https:\/\/www.rastrearobjetos.com.br\/blog\/wp-content\/uploads\/2019\/09\/greve-correios.jpg","datePublished":"2019-09-02T15:40:47+00:00","dateModified":"2019-09-02T17:46:13+00:00","description":"Rastrear Objetos Correios. Rastreamento de sua Encomenda. Acompanhe todos os passos da sua entrega. R\u00e1pido, F\u00e1cil e Gr\u00e1tis. Receba notifica\u00e7\u00f5es atualizadas.","breadcrumb":{"@id":"https:\/\/www.rastrearobjetos.com.br\/blog\/noticias\/correios-descartam-acordo-coletivo-e-trabalhadores-ameacam-greve-diz-sindicato.html#breadcrumb"},"inLanguage":"pt-BR","potentialAction":[{"@type":"ReadAction","target":["https:\/\/www.rastrearobjetos.com.br\/blog\/noticias\/correios-descartam-acordo-coletivo-e-trabalhadores-ameacam-greve-diz-sindicato.html"]}]},{"@type":"ImageObject","inLanguage":"pt-BR","@id":"https:\/\/www.rastrearobjetos.com.br\/blog\/noticias\/correios-descartam-acordo-coletivo-e-trabalhadores-ameacam-greve-diz-sindicato.html#primaryimage","url":"https:\/\/www.rastrearobjetos.com.br\/blog\/wp-content\/uploads\/2019\/09\/greve-correios.jpg","contentUrl":"https:\/\/www.rastrearobjetos.com.br\/blog\/wp-content\/uploads\/2019\/09\/greve-correios.jpg","width":700,"height":530},{"@type":"BreadcrumbList","@id":"https:\/\/www.rastrearobjetos.com.br\/blog\/noticias\/correios-descartam-acordo-coletivo-e-trabalhadores-ameacam-greve-diz-sindicato.html#breadcrumb","itemListElement":[{"@type":"ListItem","position":1,"name":"In\u00edcio","item":"https:\/\/www.rastrearobjetos.com.br\/blog\/"},{"@type":"ListItem","position":2,"name":"Not\u00edcias","item":"https:\/\/www.rastrearobjetos.com.br\/blog\/categoria\/noticias"},{"@type":"ListItem","position":3,"name":"Correios descartam acordo coletivo e trabalhadores amea\u00e7am greve, diz sindicato."}]},{"@type":"WebSite","@id":"https:\/\/www.rastrearobjetos.com.br\/blog\/#website","url":"https:\/\/www.rastrearobjetos.com.br\/blog\/","name":"Rastrear Correios","description":"Blog do Rastreador dos Correios","publisher":{"@id":"https:\/\/www.rastrearobjetos.com.br\/blog\/#organization"},"potentialAction":[{"@type":"SearchAction","target":{"@type":"EntryPoint","urlTemplate":"https:\/\/www.rastrearobjetos.com.br\/blog\/?s={search_term_string}"},"query-input":{"@type":"PropertyValueSpecification","valueRequired":true,"valueName":"search_term_string"}}],"inLanguage":"pt-BR"},{"@type":"Organization","@id":"https:\/\/www.rastrearobjetos.com.br\/blog\/#organization","name":"Rastrear Objetos dos Correios","url":"https:\/\/www.rastrearobjetos.com.br\/blog\/","logo":{"@type":"ImageObject","inLanguage":"pt-BR","@id":"https:\/\/www.rastrearobjetos.com.br\/blog\/#\/schema\/logo\/image\/","url":"https:\/\/www.rastrearobjetos.com.br\/blog\/wp-content\/uploads\/2017\/09\/logo-correios-1.png","contentUrl":"https:\/\/www.rastrearobjetos.com.br\/blog\/wp-content\/uploads\/2017\/09\/logo-correios-1.png","width":314,"height":49,"caption":"Rastrear Objetos dos Correios"},"image":{"@id":"https:\/\/www.rastrearobjetos.com.br\/blog\/#\/schema\/logo\/image\/"},"sameAs":["https:\/\/www.facebook.com\/RastreadorDeObjetos","https:\/\/x.com\/rastrearobjetos"]},{"@type":"Person","@id":"https:\/\/www.rastrearobjetos.com.br\/blog\/#\/schema\/person\/0ecfd4bb0e3d1a11c9de7b048f0beaaf","name":"Rastreador de Objetos","image":{"@type":"ImageObject","inLanguage":"pt-BR","@id":"https:\/\/secure.gravatar.com\/avatar\/87a6c926c997a0a931c9a06b1dc5dea49d1b1b8fcaf6f0acef031004169a5d76?s=96&d=mm&r=g","url":"https:\/\/secure.gravatar.com\/avatar\/87a6c926c997a0a931c9a06b1dc5dea49d1b1b8fcaf6f0acef031004169a5d76?s=96&d=mm&r=g","contentUrl":"https:\/\/secure.gravatar.com\/avatar\/87a6c926c997a0a931c9a06b1dc5dea49d1b1b8fcaf6f0acef031004169a5d76?s=96&d=mm&r=g","caption":"Rastreador de Objetos"},"url":"https:\/\/www.rastrearobjetos.com.br\/blog\/author\/admin"}]}},"amp_enabled":true,"_links":{"self":[{"href":"https:\/\/www.rastrearobjetos.com.br\/blog\/wp-json\/wp\/v2\/posts\/2794","targetHints":{"allow":["GET"]}}],"collection":[{"href":"https:\/\/www.rastrearobjetos.com.br\/blog\/wp-json\/wp\/v2\/posts"}],"about":[{"href":"https:\/\/www.rastrearobjetos.com.br\/blog\/wp-json\/wp\/v2\/types\/post"}],"author":[{"embeddable":true,"href":"https:\/\/www.rastrearobjetos.com.br\/blog\/wp-json\/wp\/v2\/users\/1"}],"replies":[{"embeddable":true,"href":"https:\/\/www.rastrearobjetos.com.br\/blog\/wp-json\/wp\/v2\/comments?post=2794"}],"version-history":[{"count":2,"href":"https:\/\/www.rastrearobjetos.com.br\/blog\/wp-json\/wp\/v2\/posts\/2794\/revisions"}],"predecessor-version":[{"id":2799,"href":"https:\/\/www.rastrearobjetos.com.br\/blog\/wp-json\/wp\/v2\/posts\/2794\/revisions\/2799"}],"wp:featuredmedia":[{"embeddable":true,"href":"https:\/\/www.rastrearobjetos.com.br\/blog\/wp-json\/wp\/v2\/media\/2795"}],"wp:attachment":[{"href":"https:\/\/www.rastrearobjetos.com.br\/blog\/wp-json\/wp\/v2\/media?parent=2794"}],"wp:term":[{"taxonomy":"category","embeddable":true,"href":"https:\/\/www.rastrearobjetos.com.br\/blog\/wp-json\/wp\/v2\/categories?post=2794"},{"taxonomy":"post_tag","embeddable":true,"href":"https:\/\/www.rastrearobjetos.com.br\/blog\/wp-json\/wp\/v2\/tags?post=2794"}],"curies":[{"name":"wp","href":"https:\/\/api.w.org\/{rel}","templated":true}]}}