{"id":354,"date":"2017-09-19T07:25:53","date_gmt":"2017-09-19T10:25:53","guid":{"rendered":"http:\/\/www.rastrearobjetos.com.br\/blog\/?p=354"},"modified":"2017-09-19T07:25:53","modified_gmt":"2017-09-19T10:25:53","slug":"correios-e-telegrafos-da-paraiba-entram-em-greve-a-partir-desta-quarta-feira","status":"publish","type":"post","link":"https:\/\/www.rastrearobjetos.com.br\/blog\/noticias\/correios-e-telegrafos-da-paraiba-entram-em-greve-a-partir-desta-quarta-feira.html","title":{"rendered":"Correios e Tel\u00e9grafos da Para\u00edba entram em greve a partir desta quarta-feira"},"content":{"rendered":"<h3>Os trabalhadores dos Correios e Tel\u00e9grafos na Para\u00edba realizar\u00e3o <a href=\"https:\/\/www.rastrearobjetos.com.br\/blog\/tags\/assembleia\" title=\"Assembleia\">Assembleia<\/a> na noite desta ter\u00e7a-feira (19), para aderir a <a href=\"https:\/\/www.rastrearobjetos.com.br\/blog\/tags\/greve\" title=\"Greve\">Greve<\/a> <a href=\"https:\/\/www.rastrearobjetos.com.br\/blog\/tags\/nacional\" title=\"Nacional\">Nacional<\/a> da categoria que come\u00e7ar\u00e1 nesta quarta-feira (20), e permanecer\u00e1 por tempo indeterminado.<\/h3>\n<p>Os funcion\u00e1rios se reunir\u00e3o a partir das 19 horas, na Sede da Entidade em <a href=\"https:\/\/www.rastrearobjetos.com.br\/blog\/tags\/joao-pessoa\" title=\"Jo\u00e3o Pessoa\">Jo\u00e3o Pessoa<\/a>, situada a Rua Duque de Caxias, 105, no Centro.<\/p>\n<p>Segundo os trabalhadores, a <a href=\"https:\/\/www.rastrearobjetos.com.br\/blog\/tags\/greve\" title=\"greve\">greve<\/a> ter\u00e1 cunho salarial de data base, e lutar\u00e1 contra a Privatiza\u00e7\u00e3o da ECT, al\u00e9m da retirada dos postos de vigil\u00e2ncias nas ag\u00eancias.<\/p>\n<p><img fetchpriority=\"high\" decoding=\"async\" class=\"aligncenter size-full wp-image-355\" src=\"http:\/\/www.rastrearobjetos.com.br\/blog\/wp-content\/uploads\/2017\/09\/cainha-carreios-faixa-greve.jpg\" alt=\"Correios e Tel\u00e9grafos da Para\u00edba entram em greve a partir desta quarta-feira\" width=\"362\" height=\"271\" srcset=\"https:\/\/www.rastrearobjetos.com.br\/blog\/wp-content\/uploads\/2017\/09\/cainha-carreios-faixa-greve.jpg 362w, https:\/\/www.rastrearobjetos.com.br\/blog\/wp-content\/uploads\/2017\/09\/cainha-carreios-faixa-greve-300x225.jpg 300w\" sizes=\"(max-width: 362px) 100vw, 362px\" \/><\/p>\n<p>Segundo nota divulgada \u00e0 imprensa nesta segunda-feira (18), pelo <strong><a href=\"https:\/\/www.rastrearobjetos.com.br\/blog\/tags\/sindicato\" title=\"Sindicato\">Sindicato<\/a> dos Trabalhadores da ECT<\/strong> na Para\u00edba, o Comando <a href=\"https:\/\/www.rastrearobjetos.com.br\/blog\/tags\/nacional\" title=\"Nacional\">Nacional<\/a> de Mobiliza\u00e7\u00e3o e Negocia\u00e7\u00e3o\u00a0 orientou pela intensifica\u00e7\u00e3o da mobiliza\u00e7\u00e3o das bases e pela deflagra\u00e7\u00e3o da <a href=\"https:\/\/www.rastrearobjetos.com.br\/blog\/tags\/greve\" title=\"greve\">greve<\/a> <a href=\"https:\/\/www.rastrearobjetos.com.br\/blog\/tags\/nacional\" title=\"nacional\">nacional<\/a>, onde os demais sindicatos da categoria no pa\u00eds tamb\u00e9m realizar\u00e3o Assembleias para deliberar pela <a href=\"https:\/\/www.rastrearobjetos.com.br\/blog\/tags\/greve\" title=\"greve\">greve<\/a> nos seus respectivos Estados.<\/p>\n<p>Ainda segundo o <strong>Sintep-PB<\/strong>, a mobiliza\u00e7\u00e3o de uma poss\u00edvel <a href=\"https:\/\/www.rastrearobjetos.com.br\/blog\/tags\/greve\" title=\"greve\">greve<\/a> dos trabalhadores \u00e9 <a href=\"https:\/\/www.rastrearobjetos.com.br\/blog\/tags\/nacional\" title=\"nacional\">nacional<\/a> e dever\u00e1 ser deflagrada em diversos estados.<\/p>\n<p><a href=\"http:\/\/www.chicogregorio.com.br\/2017\/09\/correios-e-telegrafos-da-paraiba-entram-em-greve-a-partir-desta-quarta-feira\/\" target=\"_blank\" rel=\"noopener\">Fonte 1<\/a><\/p>\n<p><a href=\"http:\/\/www.nacaoruralista.com.br\/2017\/09\/trabalhadores-dos-correios-decidem.html\" target=\"_blank\" rel=\"noopener\">Fonte 2<\/a><\/p>\n","protected":false},"excerpt":{"rendered":"<p>Os trabalhadores dos Correios e Tel\u00e9grafos na Para\u00edba realizar\u00e3o Assembleia na noite desta ter\u00e7a-feira (19), para aderir a Greve Nacional da categoria que come\u00e7ar\u00e1 nesta quarta-feira (20), e permanecer\u00e1 por tempo indeterminado. Os funcion\u00e1rios se reunir\u00e3o a partir das 19 horas, na Sede da Entidade em Jo\u00e3o Pessoa, situada a Rua Duque de Caxias, 105, [&hellip;]<\/p>\n","protected":false},"author":1,"featured_media":356,"comment_status":"open","ping_status":"open","sticky":false,"template":"","format":"standard","meta":{"footnotes":""},"categories":[25],"tags":[173,252,190,61,162,241],"class_list":["post-354","post","type-post","status-publish","format-standard","has-post-thumbnail","hentry","category-noticias","tag-assembleia","tag-greve","tag-joao-pessoa","tag-nacional","tag-paraiba","tag-sindicato"],"yoast_head":"<!-- This site is optimized with the Yoast SEO plugin v27.4 - https:\/\/yoast.com\/product\/yoast-seo-wordpress\/ -->\n<title>Correios e Tel\u00e9grafos da Para\u00edba entram em greve a partir desta quarta-feira - Rastrear Correios<\/title>\n<meta name=\"description\" content=\"Rastrear Objetos Correios. Rastreamento de sua Encomenda. Acompanhe todos os passos da sua entrega. R\u00e1pido, F\u00e1cil e Gr\u00e1tis. Receba notifica\u00e7\u00f5es atualizadas.\" \/>\n<meta name=\"robots\" content=\"index, follow, max-snippet:-1, max-image-preview:large, max-video-preview:-1\" \/>\n<link rel=\"canonical\" href=\"https:\/\/www.rastrearobjetos.com.br\/blog\/noticias\/correios-e-telegrafos-da-paraiba-entram-em-greve-a-partir-desta-quarta-feira.html\" \/>\n<meta property=\"og:locale\" content=\"pt_BR\" \/>\n<meta property=\"og:type\" content=\"article\" \/>\n<meta property=\"og:title\" content=\"Correios e Tel\u00e9grafos da Para\u00edba entram em greve a partir desta quarta-feira - Rastrear Correios\" \/>\n<meta property=\"og:description\" content=\"Rastrear Objetos Correios. Rastreamento de sua Encomenda. Acompanhe todos os passos da sua entrega. R\u00e1pido, F\u00e1cil e Gr\u00e1tis. Receba notifica\u00e7\u00f5es atualizadas.\" \/>\n<meta property=\"og:url\" content=\"https:\/\/www.rastrearobjetos.com.br\/blog\/noticias\/correios-e-telegrafos-da-paraiba-entram-em-greve-a-partir-desta-quarta-feira.html\" \/>\n<meta property=\"og:site_name\" content=\"Rastrear Correios\" \/>\n<meta property=\"article:publisher\" content=\"https:\/\/www.facebook.com\/RastreadorDeObjetos\" \/>\n<meta property=\"article:published_time\" content=\"2017-09-19T10:25:53+00:00\" \/>\n<meta property=\"og:image\" content=\"https:\/\/www.rastrearobjetos.com.br\/blog\/wp-content\/uploads\/2017\/09\/correios-paraiba-carro-cal\u00e7ada.jpg\" \/>\n\t<meta property=\"og:image:width\" content=\"556\" \/>\n\t<meta property=\"og:image:height\" content=\"417\" \/>\n\t<meta property=\"og:image:type\" content=\"image\/jpeg\" \/>\n<meta name=\"author\" content=\"Rastreador de Objetos\" \/>\n<meta name=\"twitter:card\" content=\"summary_large_image\" \/>\n<meta name=\"twitter:creator\" content=\"@rastrearobjetos\" \/>\n<meta name=\"twitter:site\" content=\"@rastrearobjetos\" \/>\n<meta name=\"twitter:label1\" content=\"Escrito por\" \/>\n\t<meta name=\"twitter:data1\" content=\"Rastreador de Objetos\" \/>\n\t<meta name=\"twitter:label2\" content=\"Est. tempo de leitura\" \/>\n\t<meta name=\"twitter:data2\" content=\"1 minuto\" \/>\n<script type=\"application\/ld+json\" class=\"yoast-schema-graph\">{\"@context\":\"https:\\\/\\\/schema.org\",\"@graph\":[{\"@type\":\"Article\",\"@id\":\"https:\\\/\\\/www.rastrearobjetos.com.br\\\/blog\\\/noticias\\\/correios-e-telegrafos-da-paraiba-entram-em-greve-a-partir-desta-quarta-feira.html#article\",\"isPartOf\":{\"@id\":\"https:\\\/\\\/www.rastrearobjetos.com.br\\\/blog\\\/noticias\\\/correios-e-telegrafos-da-paraiba-entram-em-greve-a-partir-desta-quarta-feira.html\"},\"author\":{\"name\":\"Rastreador de Objetos\",\"@id\":\"https:\\\/\\\/www.rastrearobjetos.com.br\\\/blog\\\/#\\\/schema\\\/person\\\/0ecfd4bb0e3d1a11c9de7b048f0beaaf\"},\"headline\":\"Correios e Tel\u00e9grafos da Para\u00edba entram em greve a partir desta quarta-feira\",\"datePublished\":\"2017-09-19T10:25:53+00:00\",\"mainEntityOfPage\":{\"@id\":\"https:\\\/\\\/www.rastrearobjetos.com.br\\\/blog\\\/noticias\\\/correios-e-telegrafos-da-paraiba-entram-em-greve-a-partir-desta-quarta-feira.html\"},\"wordCount\":192,\"commentCount\":0,\"publisher\":{\"@id\":\"https:\\\/\\\/www.rastrearobjetos.com.br\\\/blog\\\/#organization\"},\"image\":{\"@id\":\"https:\\\/\\\/www.rastrearobjetos.com.br\\\/blog\\\/noticias\\\/correios-e-telegrafos-da-paraiba-entram-em-greve-a-partir-desta-quarta-feira.html#primaryimage\"},\"thumbnailUrl\":\"https:\\\/\\\/www.rastrearobjetos.com.br\\\/blog\\\/wp-content\\\/uploads\\\/2017\\\/09\\\/correios-paraiba-carro-cal\u00e7ada.jpg\",\"keywords\":[\"assembleia\",\"greve\",\"jo\u00e3o pessoa\",\"nacional\",\"paraiba\",\"sindicato\"],\"articleSection\":[\"Not\u00edcias\"],\"inLanguage\":\"pt-BR\",\"potentialAction\":[{\"@type\":\"CommentAction\",\"name\":\"Comment\",\"target\":[\"https:\\\/\\\/www.rastrearobjetos.com.br\\\/blog\\\/noticias\\\/correios-e-telegrafos-da-paraiba-entram-em-greve-a-partir-desta-quarta-feira.html#respond\"]}]},{\"@type\":\"WebPage\",\"@id\":\"https:\\\/\\\/www.rastrearobjetos.com.br\\\/blog\\\/noticias\\\/correios-e-telegrafos-da-paraiba-entram-em-greve-a-partir-desta-quarta-feira.html\",\"url\":\"https:\\\/\\\/www.rastrearobjetos.com.br\\\/blog\\\/noticias\\\/correios-e-telegrafos-da-paraiba-entram-em-greve-a-partir-desta-quarta-feira.html\",\"name\":\"Correios e Tel\u00e9grafos da Para\u00edba entram em greve a partir desta quarta-feira - Rastrear Correios\",\"isPartOf\":{\"@id\":\"https:\\\/\\\/www.rastrearobjetos.com.br\\\/blog\\\/#website\"},\"primaryImageOfPage\":{\"@id\":\"https:\\\/\\\/www.rastrearobjetos.com.br\\\/blog\\\/noticias\\\/correios-e-telegrafos-da-paraiba-entram-em-greve-a-partir-desta-quarta-feira.html#primaryimage\"},\"image\":{\"@id\":\"https:\\\/\\\/www.rastrearobjetos.com.br\\\/blog\\\/noticias\\\/correios-e-telegrafos-da-paraiba-entram-em-greve-a-partir-desta-quarta-feira.html#primaryimage\"},\"thumbnailUrl\":\"https:\\\/\\\/www.rastrearobjetos.com.br\\\/blog\\\/wp-content\\\/uploads\\\/2017\\\/09\\\/correios-paraiba-carro-cal\u00e7ada.jpg\",\"datePublished\":\"2017-09-19T10:25:53+00:00\",\"description\":\"Rastrear Objetos Correios. Rastreamento de sua Encomenda. Acompanhe todos os passos da sua entrega. R\u00e1pido, F\u00e1cil e Gr\u00e1tis. Receba notifica\u00e7\u00f5es atualizadas.\",\"breadcrumb\":{\"@id\":\"https:\\\/\\\/www.rastrearobjetos.com.br\\\/blog\\\/noticias\\\/correios-e-telegrafos-da-paraiba-entram-em-greve-a-partir-desta-quarta-feira.html#breadcrumb\"},\"inLanguage\":\"pt-BR\",\"potentialAction\":[{\"@type\":\"ReadAction\",\"target\":[\"https:\\\/\\\/www.rastrearobjetos.com.br\\\/blog\\\/noticias\\\/correios-e-telegrafos-da-paraiba-entram-em-greve-a-partir-desta-quarta-feira.html\"]}]},{\"@type\":\"ImageObject\",\"inLanguage\":\"pt-BR\",\"@id\":\"https:\\\/\\\/www.rastrearobjetos.com.br\\\/blog\\\/noticias\\\/correios-e-telegrafos-da-paraiba-entram-em-greve-a-partir-desta-quarta-feira.html#primaryimage\",\"url\":\"https:\\\/\\\/www.rastrearobjetos.com.br\\\/blog\\\/wp-content\\\/uploads\\\/2017\\\/09\\\/correios-paraiba-carro-cal\u00e7ada.jpg\",\"contentUrl\":\"https:\\\/\\\/www.rastrearobjetos.com.br\\\/blog\\\/wp-content\\\/uploads\\\/2017\\\/09\\\/correios-paraiba-carro-cal\u00e7ada.jpg\",\"width\":556,\"height\":417,\"caption\":\"Correios e Tel\u00e9grafos da Para\u00edba entram em greve a partir desta quarta-feira\"},{\"@type\":\"BreadcrumbList\",\"@id\":\"https:\\\/\\\/www.rastrearobjetos.com.br\\\/blog\\\/noticias\\\/correios-e-telegrafos-da-paraiba-entram-em-greve-a-partir-desta-quarta-feira.html#breadcrumb\",\"itemListElement\":[{\"@type\":\"ListItem\",\"position\":1,\"name\":\"In\u00edcio\",\"item\":\"https:\\\/\\\/www.rastrearobjetos.com.br\\\/blog\\\/\"},{\"@type\":\"ListItem\",\"position\":2,\"name\":\"Not\u00edcias\",\"item\":\"https:\\\/\\\/www.rastrearobjetos.com.br\\\/blog\\\/categoria\\\/noticias\"},{\"@type\":\"ListItem\",\"position\":3,\"name\":\"Correios e Tel\u00e9grafos da Para\u00edba entram em greve a partir desta quarta-feira\"}]},{\"@type\":\"WebSite\",\"@id\":\"https:\\\/\\\/www.rastrearobjetos.com.br\\\/blog\\\/#website\",\"url\":\"https:\\\/\\\/www.rastrearobjetos.com.br\\\/blog\\\/\",\"name\":\"Rastrear Correios\",\"description\":\"Blog do Rastreador dos Correios\",\"publisher\":{\"@id\":\"https:\\\/\\\/www.rastrearobjetos.com.br\\\/blog\\\/#organization\"},\"potentialAction\":[{\"@type\":\"SearchAction\",\"target\":{\"@type\":\"EntryPoint\",\"urlTemplate\":\"https:\\\/\\\/www.rastrearobjetos.com.br\\\/blog\\\/?s={search_term_string}\"},\"query-input\":{\"@type\":\"PropertyValueSpecification\",\"valueRequired\":true,\"valueName\":\"search_term_string\"}}],\"inLanguage\":\"pt-BR\"},{\"@type\":\"Organization\",\"@id\":\"https:\\\/\\\/www.rastrearobjetos.com.br\\\/blog\\\/#organization\",\"name\":\"Rastrear Objetos dos Correios\",\"url\":\"https:\\\/\\\/www.rastrearobjetos.com.br\\\/blog\\\/\",\"logo\":{\"@type\":\"ImageObject\",\"inLanguage\":\"pt-BR\",\"@id\":\"https:\\\/\\\/www.rastrearobjetos.com.br\\\/blog\\\/#\\\/schema\\\/logo\\\/image\\\/\",\"url\":\"https:\\\/\\\/www.rastrearobjetos.com.br\\\/blog\\\/wp-content\\\/uploads\\\/2017\\\/09\\\/logo-correios-1.png\",\"contentUrl\":\"https:\\\/\\\/www.rastrearobjetos.com.br\\\/blog\\\/wp-content\\\/uploads\\\/2017\\\/09\\\/logo-correios-1.png\",\"width\":314,\"height\":49,\"caption\":\"Rastrear Objetos dos Correios\"},\"image\":{\"@id\":\"https:\\\/\\\/www.rastrearobjetos.com.br\\\/blog\\\/#\\\/schema\\\/logo\\\/image\\\/\"},\"sameAs\":[\"https:\\\/\\\/www.facebook.com\\\/RastreadorDeObjetos\",\"https:\\\/\\\/x.com\\\/rastrearobjetos\"]},{\"@type\":\"Person\",\"@id\":\"https:\\\/\\\/www.rastrearobjetos.com.br\\\/blog\\\/#\\\/schema\\\/person\\\/0ecfd4bb0e3d1a11c9de7b048f0beaaf\",\"name\":\"Rastreador de Objetos\",\"image\":{\"@type\":\"ImageObject\",\"inLanguage\":\"pt-BR\",\"@id\":\"https:\\\/\\\/secure.gravatar.com\\\/avatar\\\/87a6c926c997a0a931c9a06b1dc5dea49d1b1b8fcaf6f0acef031004169a5d76?s=96&d=mm&r=g\",\"url\":\"https:\\\/\\\/secure.gravatar.com\\\/avatar\\\/87a6c926c997a0a931c9a06b1dc5dea49d1b1b8fcaf6f0acef031004169a5d76?s=96&d=mm&r=g\",\"contentUrl\":\"https:\\\/\\\/secure.gravatar.com\\\/avatar\\\/87a6c926c997a0a931c9a06b1dc5dea49d1b1b8fcaf6f0acef031004169a5d76?s=96&d=mm&r=g\",\"caption\":\"Rastreador de Objetos\"},\"url\":\"https:\\\/\\\/www.rastrearobjetos.com.br\\\/blog\\\/author\\\/admin\"}]}<\/script>\n<!-- \/ Yoast SEO plugin. -->","yoast_head_json":{"title":"Correios e Tel\u00e9grafos da Para\u00edba entram em greve a partir desta quarta-feira - Rastrear Correios","description":"Rastrear Objetos Correios. Rastreamento de sua Encomenda. Acompanhe todos os passos da sua entrega. R\u00e1pido, F\u00e1cil e Gr\u00e1tis. Receba notifica\u00e7\u00f5es atualizadas.","robots":{"index":"index","follow":"follow","max-snippet":"max-snippet:-1","max-image-preview":"max-image-preview:large","max-video-preview":"max-video-preview:-1"},"canonical":"https:\/\/www.rastrearobjetos.com.br\/blog\/noticias\/correios-e-telegrafos-da-paraiba-entram-em-greve-a-partir-desta-quarta-feira.html","og_locale":"pt_BR","og_type":"article","og_title":"Correios e Tel\u00e9grafos da Para\u00edba entram em greve a partir desta quarta-feira - Rastrear Correios","og_description":"Rastrear Objetos Correios. Rastreamento de sua Encomenda. Acompanhe todos os passos da sua entrega. R\u00e1pido, F\u00e1cil e Gr\u00e1tis. Receba notifica\u00e7\u00f5es atualizadas.","og_url":"https:\/\/www.rastrearobjetos.com.br\/blog\/noticias\/correios-e-telegrafos-da-paraiba-entram-em-greve-a-partir-desta-quarta-feira.html","og_site_name":"Rastrear Correios","article_publisher":"https:\/\/www.facebook.com\/RastreadorDeObjetos","article_published_time":"2017-09-19T10:25:53+00:00","og_image":[{"width":556,"height":417,"url":"https:\/\/www.rastrearobjetos.com.br\/blog\/wp-content\/uploads\/2017\/09\/correios-paraiba-carro-cal\u00e7ada.jpg","type":"image\/jpeg"}],"author":"Rastreador de Objetos","twitter_card":"summary_large_image","twitter_creator":"@rastrearobjetos","twitter_site":"@rastrearobjetos","twitter_misc":{"Escrito por":"Rastreador de Objetos","Est. tempo de leitura":"1 minuto"},"schema":{"@context":"https:\/\/schema.org","@graph":[{"@type":"Article","@id":"https:\/\/www.rastrearobjetos.com.br\/blog\/noticias\/correios-e-telegrafos-da-paraiba-entram-em-greve-a-partir-desta-quarta-feira.html#article","isPartOf":{"@id":"https:\/\/www.rastrearobjetos.com.br\/blog\/noticias\/correios-e-telegrafos-da-paraiba-entram-em-greve-a-partir-desta-quarta-feira.html"},"author":{"name":"Rastreador de Objetos","@id":"https:\/\/www.rastrearobjetos.com.br\/blog\/#\/schema\/person\/0ecfd4bb0e3d1a11c9de7b048f0beaaf"},"headline":"Correios e Tel\u00e9grafos da Para\u00edba entram em greve a partir desta quarta-feira","datePublished":"2017-09-19T10:25:53+00:00","mainEntityOfPage":{"@id":"https:\/\/www.rastrearobjetos.com.br\/blog\/noticias\/correios-e-telegrafos-da-paraiba-entram-em-greve-a-partir-desta-quarta-feira.html"},"wordCount":192,"commentCount":0,"publisher":{"@id":"https:\/\/www.rastrearobjetos.com.br\/blog\/#organization"},"image":{"@id":"https:\/\/www.rastrearobjetos.com.br\/blog\/noticias\/correios-e-telegrafos-da-paraiba-entram-em-greve-a-partir-desta-quarta-feira.html#primaryimage"},"thumbnailUrl":"https:\/\/www.rastrearobjetos.com.br\/blog\/wp-content\/uploads\/2017\/09\/correios-paraiba-carro-cal\u00e7ada.jpg","keywords":["assembleia","greve","jo\u00e3o pessoa","nacional","paraiba","sindicato"],"articleSection":["Not\u00edcias"],"inLanguage":"pt-BR","potentialAction":[{"@type":"CommentAction","name":"Comment","target":["https:\/\/www.rastrearobjetos.com.br\/blog\/noticias\/correios-e-telegrafos-da-paraiba-entram-em-greve-a-partir-desta-quarta-feira.html#respond"]}]},{"@type":"WebPage","@id":"https:\/\/www.rastrearobjetos.com.br\/blog\/noticias\/correios-e-telegrafos-da-paraiba-entram-em-greve-a-partir-desta-quarta-feira.html","url":"https:\/\/www.rastrearobjetos.com.br\/blog\/noticias\/correios-e-telegrafos-da-paraiba-entram-em-greve-a-partir-desta-quarta-feira.html","name":"Correios e Tel\u00e9grafos da Para\u00edba entram em greve a partir desta quarta-feira - Rastrear Correios","isPartOf":{"@id":"https:\/\/www.rastrearobjetos.com.br\/blog\/#website"},"primaryImageOfPage":{"@id":"https:\/\/www.rastrearobjetos.com.br\/blog\/noticias\/correios-e-telegrafos-da-paraiba-entram-em-greve-a-partir-desta-quarta-feira.html#primaryimage"},"image":{"@id":"https:\/\/www.rastrearobjetos.com.br\/blog\/noticias\/correios-e-telegrafos-da-paraiba-entram-em-greve-a-partir-desta-quarta-feira.html#primaryimage"},"thumbnailUrl":"https:\/\/www.rastrearobjetos.com.br\/blog\/wp-content\/uploads\/2017\/09\/correios-paraiba-carro-cal\u00e7ada.jpg","datePublished":"2017-09-19T10:25:53+00:00","description":"Rastrear Objetos Correios. Rastreamento de sua Encomenda. Acompanhe todos os passos da sua entrega. R\u00e1pido, F\u00e1cil e Gr\u00e1tis. Receba notifica\u00e7\u00f5es atualizadas.","breadcrumb":{"@id":"https:\/\/www.rastrearobjetos.com.br\/blog\/noticias\/correios-e-telegrafos-da-paraiba-entram-em-greve-a-partir-desta-quarta-feira.html#breadcrumb"},"inLanguage":"pt-BR","potentialAction":[{"@type":"ReadAction","target":["https:\/\/www.rastrearobjetos.com.br\/blog\/noticias\/correios-e-telegrafos-da-paraiba-entram-em-greve-a-partir-desta-quarta-feira.html"]}]},{"@type":"ImageObject","inLanguage":"pt-BR","@id":"https:\/\/www.rastrearobjetos.com.br\/blog\/noticias\/correios-e-telegrafos-da-paraiba-entram-em-greve-a-partir-desta-quarta-feira.html#primaryimage","url":"https:\/\/www.rastrearobjetos.com.br\/blog\/wp-content\/uploads\/2017\/09\/correios-paraiba-carro-cal\u00e7ada.jpg","contentUrl":"https:\/\/www.rastrearobjetos.com.br\/blog\/wp-content\/uploads\/2017\/09\/correios-paraiba-carro-cal\u00e7ada.jpg","width":556,"height":417,"caption":"Correios e Tel\u00e9grafos da Para\u00edba entram em greve a partir desta quarta-feira"},{"@type":"BreadcrumbList","@id":"https:\/\/www.rastrearobjetos.com.br\/blog\/noticias\/correios-e-telegrafos-da-paraiba-entram-em-greve-a-partir-desta-quarta-feira.html#breadcrumb","itemListElement":[{"@type":"ListItem","position":1,"name":"In\u00edcio","item":"https:\/\/www.rastrearobjetos.com.br\/blog\/"},{"@type":"ListItem","position":2,"name":"Not\u00edcias","item":"https:\/\/www.rastrearobjetos.com.br\/blog\/categoria\/noticias"},{"@type":"ListItem","position":3,"name":"Correios e Tel\u00e9grafos da Para\u00edba entram em greve a partir desta quarta-feira"}]},{"@type":"WebSite","@id":"https:\/\/www.rastrearobjetos.com.br\/blog\/#website","url":"https:\/\/www.rastrearobjetos.com.br\/blog\/","name":"Rastrear Correios","description":"Blog do Rastreador dos Correios","publisher":{"@id":"https:\/\/www.rastrearobjetos.com.br\/blog\/#organization"},"potentialAction":[{"@type":"SearchAction","target":{"@type":"EntryPoint","urlTemplate":"https:\/\/www.rastrearobjetos.com.br\/blog\/?s={search_term_string}"},"query-input":{"@type":"PropertyValueSpecification","valueRequired":true,"valueName":"search_term_string"}}],"inLanguage":"pt-BR"},{"@type":"Organization","@id":"https:\/\/www.rastrearobjetos.com.br\/blog\/#organization","name":"Rastrear Objetos dos Correios","url":"https:\/\/www.rastrearobjetos.com.br\/blog\/","logo":{"@type":"ImageObject","inLanguage":"pt-BR","@id":"https:\/\/www.rastrearobjetos.com.br\/blog\/#\/schema\/logo\/image\/","url":"https:\/\/www.rastrearobjetos.com.br\/blog\/wp-content\/uploads\/2017\/09\/logo-correios-1.png","contentUrl":"https:\/\/www.rastrearobjetos.com.br\/blog\/wp-content\/uploads\/2017\/09\/logo-correios-1.png","width":314,"height":49,"caption":"Rastrear Objetos dos Correios"},"image":{"@id":"https:\/\/www.rastrearobjetos.com.br\/blog\/#\/schema\/logo\/image\/"},"sameAs":["https:\/\/www.facebook.com\/RastreadorDeObjetos","https:\/\/x.com\/rastrearobjetos"]},{"@type":"Person","@id":"https:\/\/www.rastrearobjetos.com.br\/blog\/#\/schema\/person\/0ecfd4bb0e3d1a11c9de7b048f0beaaf","name":"Rastreador de Objetos","image":{"@type":"ImageObject","inLanguage":"pt-BR","@id":"https:\/\/secure.gravatar.com\/avatar\/87a6c926c997a0a931c9a06b1dc5dea49d1b1b8fcaf6f0acef031004169a5d76?s=96&d=mm&r=g","url":"https:\/\/secure.gravatar.com\/avatar\/87a6c926c997a0a931c9a06b1dc5dea49d1b1b8fcaf6f0acef031004169a5d76?s=96&d=mm&r=g","contentUrl":"https:\/\/secure.gravatar.com\/avatar\/87a6c926c997a0a931c9a06b1dc5dea49d1b1b8fcaf6f0acef031004169a5d76?s=96&d=mm&r=g","caption":"Rastreador de Objetos"},"url":"https:\/\/www.rastrearobjetos.com.br\/blog\/author\/admin"}]}},"amp_enabled":true,"_links":{"self":[{"href":"https:\/\/www.rastrearobjetos.com.br\/blog\/wp-json\/wp\/v2\/posts\/354","targetHints":{"allow":["GET"]}}],"collection":[{"href":"https:\/\/www.rastrearobjetos.com.br\/blog\/wp-json\/wp\/v2\/posts"}],"about":[{"href":"https:\/\/www.rastrearobjetos.com.br\/blog\/wp-json\/wp\/v2\/types\/post"}],"author":[{"embeddable":true,"href":"https:\/\/www.rastrearobjetos.com.br\/blog\/wp-json\/wp\/v2\/users\/1"}],"replies":[{"embeddable":true,"href":"https:\/\/www.rastrearobjetos.com.br\/blog\/wp-json\/wp\/v2\/comments?post=354"}],"version-history":[{"count":1,"href":"https:\/\/www.rastrearobjetos.com.br\/blog\/wp-json\/wp\/v2\/posts\/354\/revisions"}],"predecessor-version":[{"id":357,"href":"https:\/\/www.rastrearobjetos.com.br\/blog\/wp-json\/wp\/v2\/posts\/354\/revisions\/357"}],"wp:featuredmedia":[{"embeddable":true,"href":"https:\/\/www.rastrearobjetos.com.br\/blog\/wp-json\/wp\/v2\/media\/356"}],"wp:attachment":[{"href":"https:\/\/www.rastrearobjetos.com.br\/blog\/wp-json\/wp\/v2\/media?parent=354"}],"wp:term":[{"taxonomy":"category","embeddable":true,"href":"https:\/\/www.rastrearobjetos.com.br\/blog\/wp-json\/wp\/v2\/categories?post=354"},{"taxonomy":"post_tag","embeddable":true,"href":"https:\/\/www.rastrearobjetos.com.br\/blog\/wp-json\/wp\/v2\/tags?post=354"}],"curies":[{"name":"wp","href":"https:\/\/api.w.org\/{rel}","templated":true}]}}