{"id":533,"date":"2017-10-10T13:54:49","date_gmt":"2017-10-10T16:54:49","guid":{"rendered":"http:\/\/www.rastrearobjetos.com.br\/blog\/?p=533"},"modified":"2017-10-10T13:57:13","modified_gmt":"2017-10-10T16:57:13","slug":"central-braile-dos-correios-comemora-10-anos","status":"publish","type":"post","link":"https:\/\/www.rastrearobjetos.com.br\/blog\/correios\/central-braile-dos-correios-comemora-10-anos.html","title":{"rendered":"Central Braile dos Correios comemora 10 anos"},"content":{"rendered":"<p>O servi\u00e7o <a href=\"https:\/\/www.rastrearobjetos.com.br\/blog\/tags\/postal\" title=\"Postal\">Postal<\/a> <a href=\"https:\/\/www.rastrearobjetos.com.br\/blog\/tags\/braile\" title=\"Braile\">Braile<\/a> dos Correios completou 10 anos nesta quinta-feira (5). Por meio dele, pessoas com defici\u00eancia visual ganham independ\u00eancia e privacidade para se comunicarem por meio de correspond\u00eancias. Ao receber mensagens \u2013 que podem ser escritas em <a href=\"https:\/\/www.rastrearobjetos.com.br\/blog\/tags\/braile\" title=\"braile\">braile<\/a>, ou de forma convencional \u2013 a <strong><a href=\"https:\/\/www.rastrearobjetos.com.br\/blog\/tags\/central\" title=\"Central\">Central<\/a> <a href=\"https:\/\/www.rastrearobjetos.com.br\/blog\/tags\/braile\" title=\"Braile\">Braile<\/a> dos Correios<\/strong> as convertem para a linguagem de dom\u00ednio do destinat\u00e1rio.<\/p>\n<p>A iniciativa foi\u00a0idealizada, em 2007, pelo advogado M\u00e1rio Alves de Oliveira, que perdeu a vis\u00e3o ainda na adolesc\u00eancia. Atendendo a clientes em todo o territ\u00f3rio nacional, a <a href=\"https:\/\/www.rastrearobjetos.com.br\/blog\/tags\/central\" title=\"Central\">Central<\/a> funciona em <strong><a href=\"https:\/\/www.rastrearobjetos.com.br\/blog\/tags\/belo-horizonte\" title=\"Belo Horizonte\">Belo Horizonte<\/a><\/strong> (MG) e j\u00e1 transcreveu mais de 2,3 mil mensagens apenas neste ano.\u00a0Al\u00e9m de atender\u00a0pessoas f\u00edsicas, \u00a0correspond\u00eancias comerciais e de \u00f3rg\u00e3os p\u00fablicos tamb\u00e9m s\u00e3o convertidas da escrita comum para o braille e vice-versa.<\/p>\n<p>O servi\u00e7o funciona da seguinte maneira: um comunicado banc\u00e1rio, por exemplo, enviado para um cliente cego, ou com pouca vis\u00e3o, \u00e9 convertido para a linguagem t\u00e1til acessada por ele. Ao mesmo tempo, clientes podem escrever mensagens em <a href=\"https:\/\/www.rastrearobjetos.com.br\/blog\/tags\/braile\" title=\"braile\">braile<\/a> e enviar para a <a href=\"https:\/\/www.rastrearobjetos.com.br\/blog\/tags\/central\" title=\"Central\">Central<\/a>, que as converter\u00e1 para o alfabeto latino e enviar\u00e1 ao\u00a0destinat\u00e1rio final.<\/p>\n<p>O <a href=\"https:\/\/www.rastrearobjetos.com.br\/blog\/tags\/postal\" title=\"Postal\">Postal<\/a> Braille certificou\u00a0os Correios em grau de excel\u00eancia em sustentabilidade, por meio do <em><a href=\"https:\/\/www.rastrearobjetos.com.br\/blog\/tags\/premio\" title=\"Pr\u00eamio\">Pr\u00eamio<\/a> IBEF<\/em>, promovido em 2013 pelo Instituto Brasileiro de Executivos de Finan\u00e7as. Para utilizar o servi\u00e7o, as correspond\u00eancias devem ser endere\u00e7adas \u00e0 <a href=\"https:\/\/www.rastrearobjetos.com.br\/blog\/tags\/central\" title=\"Central\">Central<\/a> Braille dos Correios: \u00a0Av. Afonso Pena, 1270 \u2013 sala 202 \u2013 <a href=\"https:\/\/www.rastrearobjetos.com.br\/blog\/tags\/belo-horizonte\" title=\"Belo Horizonte\">Belo Horizonte<\/a> \u2013 MG CEP: 30130-971.<\/p>\n<p><strong>Acessibilidade<\/strong>\u00a0\u2013\u00a0O portal dos Correios\u00a0foi pensado para se adequar \u00e0s necessidades de todos os cidad\u00e3os incluindo as pessoas com defici\u00eancia. Em\u00a02012,\u00a0\u00a0foi implantada a barra de acessibilidade, que permite aumentar a fonte, o contraste e facilita a leitura por\u00a0<em>softwares<\/em>\u00a0usados por deficientes visuais.\u00a0Os Correios tamb\u00e9m produzem cecogramas, nacionais e internacionais, que s\u00e3o correspond\u00eancias impressas em relevo pelo sistema <a href=\"https:\/\/www.rastrearobjetos.com.br\/blog\/tags\/braile\" title=\"braile\">braile<\/a>, clich\u00eas (placas de metal gravadas em relevo para impress\u00e3o de textos) e registros sonoros, como CDs, expedidos por\/ou endere\u00e7ados \u00e0s institui\u00e7\u00f5es de cegos oficialmente reconhecidas \u2013 todos com postagem gratuita.<\/p>\n<p><a href=\"http:\/\/blog.correios.com.br\/correios\/?p=41311\" target=\"_blank\" rel=\"noopener\">Fonte<\/a><\/p>\n","protected":false},"excerpt":{"rendered":"<p>O servi\u00e7o Postal Braile dos Correios completou 10 anos nesta quinta-feira (5). Por meio dele, pessoas com defici\u00eancia visual ganham independ\u00eancia e privacidade para se comunicarem por meio de correspond\u00eancias. Ao receber mensagens \u2013 que podem ser escritas em braile, ou de forma convencional \u2013 a Central Braile dos Correios as convertem para a linguagem [&hellip;]<\/p>\n","protected":false},"author":1,"featured_media":534,"comment_status":"open","ping_status":"open","sticky":false,"template":"","format":"standard","meta":{"footnotes":""},"categories":[9,25],"tags":[632,630,331,631,154,496,215],"class_list":["post-533","post","type-post","status-publish","format-standard","has-post-thumbnail","hentry","category-correios","category-noticias","tag-belo-horizonte","tag-braile","tag-central","tag-comemoracao","tag-minas-gerais","tag-postal","tag-premio"],"yoast_head":"<!-- This site is optimized with the Yoast SEO plugin v27.4 - https:\/\/yoast.com\/product\/yoast-seo-wordpress\/ -->\n<title>Central Braile dos Correios comemora 10 anos - Rastrear Correios<\/title>\n<meta name=\"description\" content=\"Rastrear Objetos Correios. Rastreamento de sua Encomenda. Acompanhe todos os passos da sua entrega. R\u00e1pido, F\u00e1cil e Gr\u00e1tis. Receba notifica\u00e7\u00f5es atualizadas.\" \/>\n<meta name=\"robots\" content=\"index, follow, max-snippet:-1, max-image-preview:large, max-video-preview:-1\" \/>\n<link rel=\"canonical\" href=\"https:\/\/www.rastrearobjetos.com.br\/blog\/correios\/central-braile-dos-correios-comemora-10-anos.html\" \/>\n<meta property=\"og:locale\" content=\"pt_BR\" \/>\n<meta property=\"og:type\" content=\"article\" \/>\n<meta property=\"og:title\" content=\"Central Braile dos Correios comemora 10 anos - Rastrear Correios\" \/>\n<meta property=\"og:description\" content=\"Rastrear Objetos Correios. Rastreamento de sua Encomenda. Acompanhe todos os passos da sua entrega. R\u00e1pido, F\u00e1cil e Gr\u00e1tis. Receba notifica\u00e7\u00f5es atualizadas.\" \/>\n<meta property=\"og:url\" content=\"https:\/\/www.rastrearobjetos.com.br\/blog\/correios\/central-braile-dos-correios-comemora-10-anos.html\" \/>\n<meta property=\"og:site_name\" content=\"Rastrear Correios\" \/>\n<meta property=\"article:publisher\" content=\"https:\/\/www.facebook.com\/RastreadorDeObjetos\" \/>\n<meta property=\"article:published_time\" content=\"2017-10-10T16:54:49+00:00\" \/>\n<meta property=\"article:modified_time\" content=\"2017-10-10T16:57:13+00:00\" \/>\n<meta property=\"og:image\" content=\"https:\/\/www.rastrearobjetos.com.br\/blog\/wp-content\/uploads\/2017\/10\/central-braille-Ana-Lu\u00edza-Gomes-foto-de-M\u00e1rcia-Sandy-249x300.jpg\" \/>\n\t<meta property=\"og:image:width\" content=\"249\" \/>\n\t<meta property=\"og:image:height\" content=\"300\" \/>\n\t<meta property=\"og:image:type\" content=\"image\/jpeg\" \/>\n<meta name=\"author\" content=\"Rastreador de Objetos\" \/>\n<meta name=\"twitter:card\" content=\"summary_large_image\" \/>\n<meta name=\"twitter:creator\" content=\"@rastrearobjetos\" \/>\n<meta name=\"twitter:site\" content=\"@rastrearobjetos\" \/>\n<meta name=\"twitter:label1\" content=\"Escrito por\" \/>\n\t<meta name=\"twitter:data1\" content=\"Rastreador de Objetos\" \/>\n\t<meta name=\"twitter:label2\" content=\"Est. tempo de leitura\" \/>\n\t<meta name=\"twitter:data2\" content=\"2 minutos\" \/>\n<script type=\"application\/ld+json\" class=\"yoast-schema-graph\">{\"@context\":\"https:\\\/\\\/schema.org\",\"@graph\":[{\"@type\":\"Article\",\"@id\":\"https:\\\/\\\/www.rastrearobjetos.com.br\\\/blog\\\/correios\\\/central-braile-dos-correios-comemora-10-anos.html#article\",\"isPartOf\":{\"@id\":\"https:\\\/\\\/www.rastrearobjetos.com.br\\\/blog\\\/correios\\\/central-braile-dos-correios-comemora-10-anos.html\"},\"author\":{\"name\":\"Rastreador de Objetos\",\"@id\":\"https:\\\/\\\/www.rastrearobjetos.com.br\\\/blog\\\/#\\\/schema\\\/person\\\/0ecfd4bb0e3d1a11c9de7b048f0beaaf\"},\"headline\":\"Central Braile dos Correios comemora 10 anos\",\"datePublished\":\"2017-10-10T16:54:49+00:00\",\"dateModified\":\"2017-10-10T16:57:13+00:00\",\"mainEntityOfPage\":{\"@id\":\"https:\\\/\\\/www.rastrearobjetos.com.br\\\/blog\\\/correios\\\/central-braile-dos-correios-comemora-10-anos.html\"},\"wordCount\":358,\"commentCount\":0,\"publisher\":{\"@id\":\"https:\\\/\\\/www.rastrearobjetos.com.br\\\/blog\\\/#organization\"},\"image\":{\"@id\":\"https:\\\/\\\/www.rastrearobjetos.com.br\\\/blog\\\/correios\\\/central-braile-dos-correios-comemora-10-anos.html#primaryimage\"},\"thumbnailUrl\":\"https:\\\/\\\/www.rastrearobjetos.com.br\\\/blog\\\/wp-content\\\/uploads\\\/2017\\\/10\\\/central-braille-Ana-Lu\u00edza-Gomes-foto-de-M\u00e1rcia-Sandy-249x300.jpg\",\"keywords\":[\"belo horizonte\",\"braile\",\"central\",\"comemora\u00e7\u00e3o\",\"minas gerais\",\"postal\",\"pr\u00eamio\"],\"articleSection\":[\"Correios\",\"Not\u00edcias\"],\"inLanguage\":\"pt-BR\",\"potentialAction\":[{\"@type\":\"CommentAction\",\"name\":\"Comment\",\"target\":[\"https:\\\/\\\/www.rastrearobjetos.com.br\\\/blog\\\/correios\\\/central-braile-dos-correios-comemora-10-anos.html#respond\"]}]},{\"@type\":\"WebPage\",\"@id\":\"https:\\\/\\\/www.rastrearobjetos.com.br\\\/blog\\\/correios\\\/central-braile-dos-correios-comemora-10-anos.html\",\"url\":\"https:\\\/\\\/www.rastrearobjetos.com.br\\\/blog\\\/correios\\\/central-braile-dos-correios-comemora-10-anos.html\",\"name\":\"Central Braile dos Correios comemora 10 anos - Rastrear Correios\",\"isPartOf\":{\"@id\":\"https:\\\/\\\/www.rastrearobjetos.com.br\\\/blog\\\/#website\"},\"primaryImageOfPage\":{\"@id\":\"https:\\\/\\\/www.rastrearobjetos.com.br\\\/blog\\\/correios\\\/central-braile-dos-correios-comemora-10-anos.html#primaryimage\"},\"image\":{\"@id\":\"https:\\\/\\\/www.rastrearobjetos.com.br\\\/blog\\\/correios\\\/central-braile-dos-correios-comemora-10-anos.html#primaryimage\"},\"thumbnailUrl\":\"https:\\\/\\\/www.rastrearobjetos.com.br\\\/blog\\\/wp-content\\\/uploads\\\/2017\\\/10\\\/central-braille-Ana-Lu\u00edza-Gomes-foto-de-M\u00e1rcia-Sandy-249x300.jpg\",\"datePublished\":\"2017-10-10T16:54:49+00:00\",\"dateModified\":\"2017-10-10T16:57:13+00:00\",\"description\":\"Rastrear Objetos Correios. Rastreamento de sua Encomenda. Acompanhe todos os passos da sua entrega. R\u00e1pido, F\u00e1cil e Gr\u00e1tis. Receba notifica\u00e7\u00f5es atualizadas.\",\"breadcrumb\":{\"@id\":\"https:\\\/\\\/www.rastrearobjetos.com.br\\\/blog\\\/correios\\\/central-braile-dos-correios-comemora-10-anos.html#breadcrumb\"},\"inLanguage\":\"pt-BR\",\"potentialAction\":[{\"@type\":\"ReadAction\",\"target\":[\"https:\\\/\\\/www.rastrearobjetos.com.br\\\/blog\\\/correios\\\/central-braile-dos-correios-comemora-10-anos.html\"]}]},{\"@type\":\"ImageObject\",\"inLanguage\":\"pt-BR\",\"@id\":\"https:\\\/\\\/www.rastrearobjetos.com.br\\\/blog\\\/correios\\\/central-braile-dos-correios-comemora-10-anos.html#primaryimage\",\"url\":\"https:\\\/\\\/www.rastrearobjetos.com.br\\\/blog\\\/wp-content\\\/uploads\\\/2017\\\/10\\\/central-braille-Ana-Lu\u00edza-Gomes-foto-de-M\u00e1rcia-Sandy-249x300.jpg\",\"contentUrl\":\"https:\\\/\\\/www.rastrearobjetos.com.br\\\/blog\\\/wp-content\\\/uploads\\\/2017\\\/10\\\/central-braille-Ana-Lu\u00edza-Gomes-foto-de-M\u00e1rcia-Sandy-249x300.jpg\",\"width\":249,\"height\":300,\"caption\":\"Central Braile dos Correios comemora 10 anos\"},{\"@type\":\"BreadcrumbList\",\"@id\":\"https:\\\/\\\/www.rastrearobjetos.com.br\\\/blog\\\/correios\\\/central-braile-dos-correios-comemora-10-anos.html#breadcrumb\",\"itemListElement\":[{\"@type\":\"ListItem\",\"position\":1,\"name\":\"In\u00edcio\",\"item\":\"https:\\\/\\\/www.rastrearobjetos.com.br\\\/blog\\\/\"},{\"@type\":\"ListItem\",\"position\":2,\"name\":\"Correios\",\"item\":\"https:\\\/\\\/www.rastrearobjetos.com.br\\\/blog\\\/categoria\\\/correios\"},{\"@type\":\"ListItem\",\"position\":3,\"name\":\"Central Braile dos Correios comemora 10 anos\"}]},{\"@type\":\"WebSite\",\"@id\":\"https:\\\/\\\/www.rastrearobjetos.com.br\\\/blog\\\/#website\",\"url\":\"https:\\\/\\\/www.rastrearobjetos.com.br\\\/blog\\\/\",\"name\":\"Rastrear Correios\",\"description\":\"Blog do Rastreador dos Correios\",\"publisher\":{\"@id\":\"https:\\\/\\\/www.rastrearobjetos.com.br\\\/blog\\\/#organization\"},\"potentialAction\":[{\"@type\":\"SearchAction\",\"target\":{\"@type\":\"EntryPoint\",\"urlTemplate\":\"https:\\\/\\\/www.rastrearobjetos.com.br\\\/blog\\\/?s={search_term_string}\"},\"query-input\":{\"@type\":\"PropertyValueSpecification\",\"valueRequired\":true,\"valueName\":\"search_term_string\"}}],\"inLanguage\":\"pt-BR\"},{\"@type\":\"Organization\",\"@id\":\"https:\\\/\\\/www.rastrearobjetos.com.br\\\/blog\\\/#organization\",\"name\":\"Rastrear Objetos dos Correios\",\"url\":\"https:\\\/\\\/www.rastrearobjetos.com.br\\\/blog\\\/\",\"logo\":{\"@type\":\"ImageObject\",\"inLanguage\":\"pt-BR\",\"@id\":\"https:\\\/\\\/www.rastrearobjetos.com.br\\\/blog\\\/#\\\/schema\\\/logo\\\/image\\\/\",\"url\":\"https:\\\/\\\/www.rastrearobjetos.com.br\\\/blog\\\/wp-content\\\/uploads\\\/2017\\\/09\\\/logo-correios-1.png\",\"contentUrl\":\"https:\\\/\\\/www.rastrearobjetos.com.br\\\/blog\\\/wp-content\\\/uploads\\\/2017\\\/09\\\/logo-correios-1.png\",\"width\":314,\"height\":49,\"caption\":\"Rastrear Objetos dos Correios\"},\"image\":{\"@id\":\"https:\\\/\\\/www.rastrearobjetos.com.br\\\/blog\\\/#\\\/schema\\\/logo\\\/image\\\/\"},\"sameAs\":[\"https:\\\/\\\/www.facebook.com\\\/RastreadorDeObjetos\",\"https:\\\/\\\/x.com\\\/rastrearobjetos\"]},{\"@type\":\"Person\",\"@id\":\"https:\\\/\\\/www.rastrearobjetos.com.br\\\/blog\\\/#\\\/schema\\\/person\\\/0ecfd4bb0e3d1a11c9de7b048f0beaaf\",\"name\":\"Rastreador de Objetos\",\"image\":{\"@type\":\"ImageObject\",\"inLanguage\":\"pt-BR\",\"@id\":\"https:\\\/\\\/secure.gravatar.com\\\/avatar\\\/87a6c926c997a0a931c9a06b1dc5dea49d1b1b8fcaf6f0acef031004169a5d76?s=96&d=mm&r=g\",\"url\":\"https:\\\/\\\/secure.gravatar.com\\\/avatar\\\/87a6c926c997a0a931c9a06b1dc5dea49d1b1b8fcaf6f0acef031004169a5d76?s=96&d=mm&r=g\",\"contentUrl\":\"https:\\\/\\\/secure.gravatar.com\\\/avatar\\\/87a6c926c997a0a931c9a06b1dc5dea49d1b1b8fcaf6f0acef031004169a5d76?s=96&d=mm&r=g\",\"caption\":\"Rastreador de Objetos\"},\"url\":\"https:\\\/\\\/www.rastrearobjetos.com.br\\\/blog\\\/author\\\/admin\"}]}<\/script>\n<!-- \/ Yoast SEO plugin. -->","yoast_head_json":{"title":"Central Braile dos Correios comemora 10 anos - Rastrear Correios","description":"Rastrear Objetos Correios. Rastreamento de sua Encomenda. Acompanhe todos os passos da sua entrega. R\u00e1pido, F\u00e1cil e Gr\u00e1tis. Receba notifica\u00e7\u00f5es atualizadas.","robots":{"index":"index","follow":"follow","max-snippet":"max-snippet:-1","max-image-preview":"max-image-preview:large","max-video-preview":"max-video-preview:-1"},"canonical":"https:\/\/www.rastrearobjetos.com.br\/blog\/correios\/central-braile-dos-correios-comemora-10-anos.html","og_locale":"pt_BR","og_type":"article","og_title":"Central Braile dos Correios comemora 10 anos - Rastrear Correios","og_description":"Rastrear Objetos Correios. Rastreamento de sua Encomenda. Acompanhe todos os passos da sua entrega. R\u00e1pido, F\u00e1cil e Gr\u00e1tis. Receba notifica\u00e7\u00f5es atualizadas.","og_url":"https:\/\/www.rastrearobjetos.com.br\/blog\/correios\/central-braile-dos-correios-comemora-10-anos.html","og_site_name":"Rastrear Correios","article_publisher":"https:\/\/www.facebook.com\/RastreadorDeObjetos","article_published_time":"2017-10-10T16:54:49+00:00","article_modified_time":"2017-10-10T16:57:13+00:00","og_image":[{"width":249,"height":300,"url":"https:\/\/www.rastrearobjetos.com.br\/blog\/wp-content\/uploads\/2017\/10\/central-braille-Ana-Lu\u00edza-Gomes-foto-de-M\u00e1rcia-Sandy-249x300.jpg","type":"image\/jpeg"}],"author":"Rastreador de Objetos","twitter_card":"summary_large_image","twitter_creator":"@rastrearobjetos","twitter_site":"@rastrearobjetos","twitter_misc":{"Escrito por":"Rastreador de Objetos","Est. tempo de leitura":"2 minutos"},"schema":{"@context":"https:\/\/schema.org","@graph":[{"@type":"Article","@id":"https:\/\/www.rastrearobjetos.com.br\/blog\/correios\/central-braile-dos-correios-comemora-10-anos.html#article","isPartOf":{"@id":"https:\/\/www.rastrearobjetos.com.br\/blog\/correios\/central-braile-dos-correios-comemora-10-anos.html"},"author":{"name":"Rastreador de Objetos","@id":"https:\/\/www.rastrearobjetos.com.br\/blog\/#\/schema\/person\/0ecfd4bb0e3d1a11c9de7b048f0beaaf"},"headline":"Central Braile dos Correios comemora 10 anos","datePublished":"2017-10-10T16:54:49+00:00","dateModified":"2017-10-10T16:57:13+00:00","mainEntityOfPage":{"@id":"https:\/\/www.rastrearobjetos.com.br\/blog\/correios\/central-braile-dos-correios-comemora-10-anos.html"},"wordCount":358,"commentCount":0,"publisher":{"@id":"https:\/\/www.rastrearobjetos.com.br\/blog\/#organization"},"image":{"@id":"https:\/\/www.rastrearobjetos.com.br\/blog\/correios\/central-braile-dos-correios-comemora-10-anos.html#primaryimage"},"thumbnailUrl":"https:\/\/www.rastrearobjetos.com.br\/blog\/wp-content\/uploads\/2017\/10\/central-braille-Ana-Lu\u00edza-Gomes-foto-de-M\u00e1rcia-Sandy-249x300.jpg","keywords":["belo horizonte","braile","central","comemora\u00e7\u00e3o","minas gerais","postal","pr\u00eamio"],"articleSection":["Correios","Not\u00edcias"],"inLanguage":"pt-BR","potentialAction":[{"@type":"CommentAction","name":"Comment","target":["https:\/\/www.rastrearobjetos.com.br\/blog\/correios\/central-braile-dos-correios-comemora-10-anos.html#respond"]}]},{"@type":"WebPage","@id":"https:\/\/www.rastrearobjetos.com.br\/blog\/correios\/central-braile-dos-correios-comemora-10-anos.html","url":"https:\/\/www.rastrearobjetos.com.br\/blog\/correios\/central-braile-dos-correios-comemora-10-anos.html","name":"Central Braile dos Correios comemora 10 anos - Rastrear Correios","isPartOf":{"@id":"https:\/\/www.rastrearobjetos.com.br\/blog\/#website"},"primaryImageOfPage":{"@id":"https:\/\/www.rastrearobjetos.com.br\/blog\/correios\/central-braile-dos-correios-comemora-10-anos.html#primaryimage"},"image":{"@id":"https:\/\/www.rastrearobjetos.com.br\/blog\/correios\/central-braile-dos-correios-comemora-10-anos.html#primaryimage"},"thumbnailUrl":"https:\/\/www.rastrearobjetos.com.br\/blog\/wp-content\/uploads\/2017\/10\/central-braille-Ana-Lu\u00edza-Gomes-foto-de-M\u00e1rcia-Sandy-249x300.jpg","datePublished":"2017-10-10T16:54:49+00:00","dateModified":"2017-10-10T16:57:13+00:00","description":"Rastrear Objetos Correios. Rastreamento de sua Encomenda. Acompanhe todos os passos da sua entrega. R\u00e1pido, F\u00e1cil e Gr\u00e1tis. Receba notifica\u00e7\u00f5es atualizadas.","breadcrumb":{"@id":"https:\/\/www.rastrearobjetos.com.br\/blog\/correios\/central-braile-dos-correios-comemora-10-anos.html#breadcrumb"},"inLanguage":"pt-BR","potentialAction":[{"@type":"ReadAction","target":["https:\/\/www.rastrearobjetos.com.br\/blog\/correios\/central-braile-dos-correios-comemora-10-anos.html"]}]},{"@type":"ImageObject","inLanguage":"pt-BR","@id":"https:\/\/www.rastrearobjetos.com.br\/blog\/correios\/central-braile-dos-correios-comemora-10-anos.html#primaryimage","url":"https:\/\/www.rastrearobjetos.com.br\/blog\/wp-content\/uploads\/2017\/10\/central-braille-Ana-Lu\u00edza-Gomes-foto-de-M\u00e1rcia-Sandy-249x300.jpg","contentUrl":"https:\/\/www.rastrearobjetos.com.br\/blog\/wp-content\/uploads\/2017\/10\/central-braille-Ana-Lu\u00edza-Gomes-foto-de-M\u00e1rcia-Sandy-249x300.jpg","width":249,"height":300,"caption":"Central Braile dos Correios comemora 10 anos"},{"@type":"BreadcrumbList","@id":"https:\/\/www.rastrearobjetos.com.br\/blog\/correios\/central-braile-dos-correios-comemora-10-anos.html#breadcrumb","itemListElement":[{"@type":"ListItem","position":1,"name":"In\u00edcio","item":"https:\/\/www.rastrearobjetos.com.br\/blog\/"},{"@type":"ListItem","position":2,"name":"Correios","item":"https:\/\/www.rastrearobjetos.com.br\/blog\/categoria\/correios"},{"@type":"ListItem","position":3,"name":"Central Braile dos Correios comemora 10 anos"}]},{"@type":"WebSite","@id":"https:\/\/www.rastrearobjetos.com.br\/blog\/#website","url":"https:\/\/www.rastrearobjetos.com.br\/blog\/","name":"Rastrear Correios","description":"Blog do Rastreador dos Correios","publisher":{"@id":"https:\/\/www.rastrearobjetos.com.br\/blog\/#organization"},"potentialAction":[{"@type":"SearchAction","target":{"@type":"EntryPoint","urlTemplate":"https:\/\/www.rastrearobjetos.com.br\/blog\/?s={search_term_string}"},"query-input":{"@type":"PropertyValueSpecification","valueRequired":true,"valueName":"search_term_string"}}],"inLanguage":"pt-BR"},{"@type":"Organization","@id":"https:\/\/www.rastrearobjetos.com.br\/blog\/#organization","name":"Rastrear Objetos dos Correios","url":"https:\/\/www.rastrearobjetos.com.br\/blog\/","logo":{"@type":"ImageObject","inLanguage":"pt-BR","@id":"https:\/\/www.rastrearobjetos.com.br\/blog\/#\/schema\/logo\/image\/","url":"https:\/\/www.rastrearobjetos.com.br\/blog\/wp-content\/uploads\/2017\/09\/logo-correios-1.png","contentUrl":"https:\/\/www.rastrearobjetos.com.br\/blog\/wp-content\/uploads\/2017\/09\/logo-correios-1.png","width":314,"height":49,"caption":"Rastrear Objetos dos Correios"},"image":{"@id":"https:\/\/www.rastrearobjetos.com.br\/blog\/#\/schema\/logo\/image\/"},"sameAs":["https:\/\/www.facebook.com\/RastreadorDeObjetos","https:\/\/x.com\/rastrearobjetos"]},{"@type":"Person","@id":"https:\/\/www.rastrearobjetos.com.br\/blog\/#\/schema\/person\/0ecfd4bb0e3d1a11c9de7b048f0beaaf","name":"Rastreador de Objetos","image":{"@type":"ImageObject","inLanguage":"pt-BR","@id":"https:\/\/secure.gravatar.com\/avatar\/87a6c926c997a0a931c9a06b1dc5dea49d1b1b8fcaf6f0acef031004169a5d76?s=96&d=mm&r=g","url":"https:\/\/secure.gravatar.com\/avatar\/87a6c926c997a0a931c9a06b1dc5dea49d1b1b8fcaf6f0acef031004169a5d76?s=96&d=mm&r=g","contentUrl":"https:\/\/secure.gravatar.com\/avatar\/87a6c926c997a0a931c9a06b1dc5dea49d1b1b8fcaf6f0acef031004169a5d76?s=96&d=mm&r=g","caption":"Rastreador de Objetos"},"url":"https:\/\/www.rastrearobjetos.com.br\/blog\/author\/admin"}]}},"amp_enabled":true,"_links":{"self":[{"href":"https:\/\/www.rastrearobjetos.com.br\/blog\/wp-json\/wp\/v2\/posts\/533","targetHints":{"allow":["GET"]}}],"collection":[{"href":"https:\/\/www.rastrearobjetos.com.br\/blog\/wp-json\/wp\/v2\/posts"}],"about":[{"href":"https:\/\/www.rastrearobjetos.com.br\/blog\/wp-json\/wp\/v2\/types\/post"}],"author":[{"embeddable":true,"href":"https:\/\/www.rastrearobjetos.com.br\/blog\/wp-json\/wp\/v2\/users\/1"}],"replies":[{"embeddable":true,"href":"https:\/\/www.rastrearobjetos.com.br\/blog\/wp-json\/wp\/v2\/comments?post=533"}],"version-history":[{"count":2,"href":"https:\/\/www.rastrearobjetos.com.br\/blog\/wp-json\/wp\/v2\/posts\/533\/revisions"}],"predecessor-version":[{"id":536,"href":"https:\/\/www.rastrearobjetos.com.br\/blog\/wp-json\/wp\/v2\/posts\/533\/revisions\/536"}],"wp:featuredmedia":[{"embeddable":true,"href":"https:\/\/www.rastrearobjetos.com.br\/blog\/wp-json\/wp\/v2\/media\/534"}],"wp:attachment":[{"href":"https:\/\/www.rastrearobjetos.com.br\/blog\/wp-json\/wp\/v2\/media?parent=533"}],"wp:term":[{"taxonomy":"category","embeddable":true,"href":"https:\/\/www.rastrearobjetos.com.br\/blog\/wp-json\/wp\/v2\/categories?post=533"},{"taxonomy":"post_tag","embeddable":true,"href":"https:\/\/www.rastrearobjetos.com.br\/blog\/wp-json\/wp\/v2\/tags?post=533"}],"curies":[{"name":"wp","href":"https:\/\/api.w.org\/{rel}","templated":true}]}}