{"id":574,"date":"2018-03-21T15:08:56","date_gmt":"2018-03-21T18:08:56","guid":{"rendered":"https:\/\/www.rastrearobjetos.com.br\/blog\/?p=574"},"modified":"2018-03-21T15:08:56","modified_gmt":"2018-03-21T18:08:56","slug":"forum-mundial-da-agua-e-homenageado-em-selo-dos-correios","status":"publish","type":"post","link":"https:\/\/www.rastrearobjetos.com.br\/blog\/geral\/forum-mundial-da-agua-e-homenageado-em-selo-dos-correios.html","title":{"rendered":"F\u00f3rum Mundial da \u00c1gua \u00e9 homenageado em selo dos Correios"},"content":{"rendered":"<p>A <strong><a href=\"https:\/\/www.rastrearobjetos.com.br\/blog\/tags\/escassez\" title=\"escassez\">escassez<\/a> de \u00e1gua<\/strong> no mundo \u00e9 agravada pela desigualdade social e pela falta de manejo e usos <strong>sustent\u00e1veis<\/strong> dos <strong><a href=\"https:\/\/www.rastrearobjetos.com.br\/blog\/tags\/recursos\" title=\"recursos\">recursos<\/a> <a href=\"https:\/\/www.rastrearobjetos.com.br\/blog\/tags\/naturais\" title=\"naturais\">naturais<\/a><\/strong>. Esse \u00e9 um dos temas que est\u00e1 sendo discutido no <a href=\"https:\/\/www.rastrearobjetos.com.br\/blog\/tags\/8o-forum-mundial-da-agua\" title=\"8\u00ba F\u00f3rum Mundial da \u00c1gua\">8\u00ba F\u00f3rum Mundial da \u00c1gua<\/a>, realizado em Bras\u00edlia at\u00e9 o dia 23\/3, no Centro de Conven\u00e7\u00f5es Ulysses Guimar\u00e3es.<\/p>\n<p>Para homenagear o <strong>f\u00f3rum<\/strong>, os <a href=\"https:\/\/www.rastrearobjetos.com.br\/blog\/tags\/correios\" title=\"Correios\">Correios<\/a> lan\u00e7aram, nessa segunda-feira (19), uma <strong>emiss\u00e3o especial<\/strong> alusiva ao evento, durante a solenidade de abertura realizada a partir do <strong>Itamaraty<\/strong> pelo presidente da rep\u00fablica, <strong><a href=\"https:\/\/www.rastrearobjetos.com.br\/blog\/tags\/michel-temer\" title=\"Michel Temer\">Michel Temer<\/a><\/strong>, pelo governador de Bras\u00edlia, <strong><a href=\"https:\/\/www.rastrearobjetos.com.br\/blog\/tags\/rodrigo-rollemberg\" title=\"Rodrigo Rollemberg\">Rodrigo Rollemberg<\/a><\/strong> e pelo presidente do Conselho Mundial da \u00c1gua, <strong><a href=\"https:\/\/www.rastrearobjetos.com.br\/blog\/tags\/benedito-braga\" title=\"Benedito Braga\">Benedito Braga<\/a><\/strong>. A abertura foi transmitida via link para o Centro de Conven\u00e7\u00f5es.<\/p>\n<p>O presidente dos <a href=\"https:\/\/www.rastrearobjetos.com.br\/blog\/tags\/correios\" title=\"Correios\">Correios<\/a>, <strong><a href=\"https:\/\/www.rastrearobjetos.com.br\/blog\/tags\/guilherme-campos\" title=\"Guilherme Campos\">Guilherme Campos<\/a><\/strong>, conduziu o lan\u00e7amento do <strong>selo<\/strong> acompanhado do carteiro Nota 10, Paulo Roberto, do centro de distribui\u00e7\u00e3o de Ceil\u00e2ndia (Bras\u00edlia), que representava os 106 mil empregados da empresa.<\/p>\n<p>Para Campos, registrar esse importante encontro em um <strong><a href=\"https:\/\/www.rastrearobjetos.com.br\/blog\/tags\/selo-postal\" title=\"selo postal\">selo postal<\/a><\/strong> evidencia mais uma vez o papel da filatelia de propagar conhecimento e de documentar fatos importantes. \u201cO selo aborda um tema essencial para o futuro da humanidade, que \u00e9 a \u00e1gua. Espero que este evento resulte em maior conscientiza\u00e7\u00e3o de todos com rela\u00e7\u00e3o \u00e0 import\u00e2ncia do desenvolvimento e conserva\u00e7\u00e3o dos <a href=\"https:\/\/www.rastrearobjetos.com.br\/blog\/tags\/recursos\" title=\"recursos\">recursos<\/a> h\u00eddricos\u201d, disse o presidente.<\/p>\n<p>O diretor da <strong><a href=\"https:\/\/www.rastrearobjetos.com.br\/blog\/tags\/agencia-nacional-de-aguas\" title=\"Ag\u00eancia Nacional de \u00c1guas\">Ag\u00eancia Nacional de \u00c1guas<\/a><\/strong> (ANA) e diretor-executivo do f\u00f3rum, Ricardo Andrade, participou da oblitera\u00e7\u00e3o do selo. \u201cTudo o que est\u00e1 sendo feito aqui ficar\u00e1 para as futuras gera\u00e7\u00f5es. Este f\u00f3rum \u00e9 uma grande oportunidade para o Brasil reafirmar seu papel como protagonista no cen\u00e1rio internacional do setor de <a href=\"https:\/\/www.rastrearobjetos.com.br\/blog\/tags\/recursos\" title=\"recursos\">recursos<\/a> h\u00eddricos\u201d, enfatizou Andrade, que \u00e9 um dos autores da arte do selo.<\/p>\n<p>Esta \u00e9 a primeira vez que um pa\u00eds do hemisf\u00e9rio sul sedia o F\u00f3rum Mundial da \u00c1gua. Neste sentido, o lan\u00e7amento de selo pelos <a href=\"https:\/\/www.rastrearobjetos.com.br\/blog\/tags\/correios\" title=\"Correios\">Correios<\/a> na abertura de um evento desta magnitude representa um marco para a hist\u00f3ria da filatelia brasileira e mundial.<\/p>\n<p><strong>Sobre o selo \u2013<\/strong>\u00a0 O selo, em formato circular, apresenta a marca do <strong><a href=\"https:\/\/www.rastrearobjetos.com.br\/blog\/tags\/8o-forum-mundial-da-agua\" title=\"8\u00ba F\u00f3rum Mundial da \u00c1gua\">8\u00ba F\u00f3rum Mundial da \u00c1gua<\/a><\/strong> sobre linhas\u00a0que simulam o fluxo de um rio, numa composi\u00e7\u00e3o de cinco elementos que representam o\u00a0tempo, a localiza\u00e7\u00e3o, a \u00e1gua, a sustentabilidade e o n\u00famero oito. A arte \u00e9 de <strong>Marcos Rebou\u00e7as<\/strong> e <strong>Ricardo Andrade<\/strong>. O selo\u00a0custa\u00a0<strong>R$ 1,25<\/strong> e est\u00e1 \u00e0 venda nas ag\u00eancias dos <a href=\"https:\/\/www.rastrearobjetos.com.br\/blog\/tags\/correios\" title=\"Correios\">Correios<\/a> e na loja virtual no site <a href=\"http:\/\/www.correios.com.br\/\" target=\"_blank\" rel=\"noopener\">www.correios.com.br<\/a>.<\/p>\n<p>Fonte: <a href=\"http:\/\/blog.correios.com.br\/correios\/?p=48463\" target=\"_blank\" rel=\"noopener\">Correios<\/a><\/p>\n","protected":false},"excerpt":{"rendered":"<p>A escassez de \u00e1gua no mundo \u00e9 agravada pela desigualdade social e pela falta de manejo e usos sustent\u00e1veis dos recursos naturais. Esse \u00e9 um dos temas que est\u00e1 sendo discutido no 8\u00ba F\u00f3rum Mundial da \u00c1gua, realizado em Bras\u00edlia at\u00e9 o dia 23\/3, no Centro de Conven\u00e7\u00f5es Ulysses Guimar\u00e3es. Para homenagear o f\u00f3rum, os [&hellip;]<\/p>\n","protected":false},"author":1,"featured_media":580,"comment_status":"open","ping_status":"open","sticky":false,"template":"","format":"standard","meta":{"footnotes":""},"categories":[9,592,1,11,25],"tags":[665,664,657,659,5,656,662,660,658,414,661,663,214],"class_list":["post-574","post","type-post","status-publish","format-standard","has-post-thumbnail","hentry","category-correios","category-cultura","category-geral","category-informacoes","category-noticias","tag-8o-forum-mundial-da-agua","tag-agencia-nacional-de-aguas","tag-agua","tag-benedito-braga","tag-correios","tag-escassez","tag-guilherme-campos","tag-michel-temer","tag-naturais","tag-recursos","tag-rodrigo-rollemberg","tag-selo-postal","tag-sustentavel"],"yoast_head":"<!-- This site is optimized with the Yoast SEO plugin v27.4 - https:\/\/yoast.com\/product\/yoast-seo-wordpress\/ -->\n<title>F\u00f3rum Mundial da \u00c1gua \u00e9 homenageado em selo dos Correios - Rastrear Correios<\/title>\n<meta name=\"description\" content=\"Rastrear Objetos Correios. Rastreamento de sua Encomenda. Acompanhe todos os passos da sua entrega. R\u00e1pido, F\u00e1cil e Gr\u00e1tis. Receba notifica\u00e7\u00f5es atualizadas.\" \/>\n<meta name=\"robots\" content=\"index, follow, max-snippet:-1, max-image-preview:large, max-video-preview:-1\" \/>\n<link rel=\"canonical\" href=\"https:\/\/www.rastrearobjetos.com.br\/blog\/geral\/forum-mundial-da-agua-e-homenageado-em-selo-dos-correios.html\" \/>\n<meta property=\"og:locale\" content=\"pt_BR\" \/>\n<meta property=\"og:type\" content=\"article\" \/>\n<meta property=\"og:title\" content=\"F\u00f3rum Mundial da \u00c1gua \u00e9 homenageado em selo dos Correios - Rastrear Correios\" \/>\n<meta property=\"og:description\" content=\"Rastrear Objetos Correios. Rastreamento de sua Encomenda. Acompanhe todos os passos da sua entrega. R\u00e1pido, F\u00e1cil e Gr\u00e1tis. Receba notifica\u00e7\u00f5es atualizadas.\" \/>\n<meta property=\"og:url\" content=\"https:\/\/www.rastrearobjetos.com.br\/blog\/geral\/forum-mundial-da-agua-e-homenageado-em-selo-dos-correios.html\" \/>\n<meta property=\"og:site_name\" content=\"Rastrear Correios\" \/>\n<meta property=\"article:publisher\" content=\"https:\/\/www.facebook.com\/RastreadorDeObjetos\" \/>\n<meta property=\"article:published_time\" content=\"2018-03-21T18:08:56+00:00\" \/>\n<meta property=\"og:image\" content=\"https:\/\/www.rastrearobjetos.com.br\/blog\/wp-content\/uploads\/2018\/03\/selo-correios.jpg\" \/>\n\t<meta property=\"og:image:width\" content=\"1280\" \/>\n\t<meta property=\"og:image:height\" content=\"853\" \/>\n\t<meta property=\"og:image:type\" content=\"image\/jpeg\" \/>\n<meta name=\"author\" content=\"Rastreador de Objetos\" \/>\n<meta name=\"twitter:card\" content=\"summary_large_image\" \/>\n<meta name=\"twitter:creator\" content=\"@rastrearobjetos\" \/>\n<meta name=\"twitter:site\" content=\"@rastrearobjetos\" \/>\n<meta name=\"twitter:label1\" content=\"Escrito por\" \/>\n\t<meta name=\"twitter:data1\" content=\"Rastreador de Objetos\" \/>\n\t<meta name=\"twitter:label2\" content=\"Est. tempo de leitura\" \/>\n\t<meta name=\"twitter:data2\" content=\"2 minutos\" \/>\n<script type=\"application\/ld+json\" class=\"yoast-schema-graph\">{\"@context\":\"https:\\\/\\\/schema.org\",\"@graph\":[{\"@type\":\"Article\",\"@id\":\"https:\\\/\\\/www.rastrearobjetos.com.br\\\/blog\\\/geral\\\/forum-mundial-da-agua-e-homenageado-em-selo-dos-correios.html#article\",\"isPartOf\":{\"@id\":\"https:\\\/\\\/www.rastrearobjetos.com.br\\\/blog\\\/geral\\\/forum-mundial-da-agua-e-homenageado-em-selo-dos-correios.html\"},\"author\":{\"name\":\"Rastreador de Objetos\",\"@id\":\"https:\\\/\\\/www.rastrearobjetos.com.br\\\/blog\\\/#\\\/schema\\\/person\\\/0ecfd4bb0e3d1a11c9de7b048f0beaaf\"},\"headline\":\"F\u00f3rum Mundial da \u00c1gua \u00e9 homenageado em selo dos Correios\",\"datePublished\":\"2018-03-21T18:08:56+00:00\",\"mainEntityOfPage\":{\"@id\":\"https:\\\/\\\/www.rastrearobjetos.com.br\\\/blog\\\/geral\\\/forum-mundial-da-agua-e-homenageado-em-selo-dos-correios.html\"},\"wordCount\":425,\"commentCount\":0,\"publisher\":{\"@id\":\"https:\\\/\\\/www.rastrearobjetos.com.br\\\/blog\\\/#organization\"},\"image\":{\"@id\":\"https:\\\/\\\/www.rastrearobjetos.com.br\\\/blog\\\/geral\\\/forum-mundial-da-agua-e-homenageado-em-selo-dos-correios.html#primaryimage\"},\"thumbnailUrl\":\"https:\\\/\\\/www.rastrearobjetos.com.br\\\/blog\\\/wp-content\\\/uploads\\\/2018\\\/03\\\/selo-correios.jpg\",\"keywords\":[\"8\u00ba F\u00f3rum Mundial da \u00c1gua\",\"Ag\u00eancia Nacional de \u00c1guas\",\"\u00e1gua\",\"Benedito Braga\",\"correios\",\"escassez\",\"Guilherme Campos\",\"Michel Temer\",\"naturais\",\"recursos\",\"Rodrigo Rollemberg\",\"selo postal\",\"sustent\u00e1vel\"],\"articleSection\":[\"Correios\",\"Cultura\",\"Geral\",\"Informa\u00e7\u00f5es\",\"Not\u00edcias\"],\"inLanguage\":\"pt-BR\",\"potentialAction\":[{\"@type\":\"CommentAction\",\"name\":\"Comment\",\"target\":[\"https:\\\/\\\/www.rastrearobjetos.com.br\\\/blog\\\/geral\\\/forum-mundial-da-agua-e-homenageado-em-selo-dos-correios.html#respond\"]}]},{\"@type\":\"WebPage\",\"@id\":\"https:\\\/\\\/www.rastrearobjetos.com.br\\\/blog\\\/geral\\\/forum-mundial-da-agua-e-homenageado-em-selo-dos-correios.html\",\"url\":\"https:\\\/\\\/www.rastrearobjetos.com.br\\\/blog\\\/geral\\\/forum-mundial-da-agua-e-homenageado-em-selo-dos-correios.html\",\"name\":\"F\u00f3rum Mundial da \u00c1gua \u00e9 homenageado em selo dos Correios - Rastrear Correios\",\"isPartOf\":{\"@id\":\"https:\\\/\\\/www.rastrearobjetos.com.br\\\/blog\\\/#website\"},\"primaryImageOfPage\":{\"@id\":\"https:\\\/\\\/www.rastrearobjetos.com.br\\\/blog\\\/geral\\\/forum-mundial-da-agua-e-homenageado-em-selo-dos-correios.html#primaryimage\"},\"image\":{\"@id\":\"https:\\\/\\\/www.rastrearobjetos.com.br\\\/blog\\\/geral\\\/forum-mundial-da-agua-e-homenageado-em-selo-dos-correios.html#primaryimage\"},\"thumbnailUrl\":\"https:\\\/\\\/www.rastrearobjetos.com.br\\\/blog\\\/wp-content\\\/uploads\\\/2018\\\/03\\\/selo-correios.jpg\",\"datePublished\":\"2018-03-21T18:08:56+00:00\",\"description\":\"Rastrear Objetos Correios. Rastreamento de sua Encomenda. Acompanhe todos os passos da sua entrega. R\u00e1pido, F\u00e1cil e Gr\u00e1tis. Receba notifica\u00e7\u00f5es atualizadas.\",\"breadcrumb\":{\"@id\":\"https:\\\/\\\/www.rastrearobjetos.com.br\\\/blog\\\/geral\\\/forum-mundial-da-agua-e-homenageado-em-selo-dos-correios.html#breadcrumb\"},\"inLanguage\":\"pt-BR\",\"potentialAction\":[{\"@type\":\"ReadAction\",\"target\":[\"https:\\\/\\\/www.rastrearobjetos.com.br\\\/blog\\\/geral\\\/forum-mundial-da-agua-e-homenageado-em-selo-dos-correios.html\"]}]},{\"@type\":\"ImageObject\",\"inLanguage\":\"pt-BR\",\"@id\":\"https:\\\/\\\/www.rastrearobjetos.com.br\\\/blog\\\/geral\\\/forum-mundial-da-agua-e-homenageado-em-selo-dos-correios.html#primaryimage\",\"url\":\"https:\\\/\\\/www.rastrearobjetos.com.br\\\/blog\\\/wp-content\\\/uploads\\\/2018\\\/03\\\/selo-correios.jpg\",\"contentUrl\":\"https:\\\/\\\/www.rastrearobjetos.com.br\\\/blog\\\/wp-content\\\/uploads\\\/2018\\\/03\\\/selo-correios.jpg\",\"width\":1280,\"height\":853,\"caption\":\"Bras\u00edlia - O presidente da Adasa, Paulo Salles, participa do lan\u00e7amento do selo do 8\u00ba F\u00f3rum Mundial da \u00c1gua (Antonio Cruz\\\/Ag\u00eancia Brasil)\"},{\"@type\":\"BreadcrumbList\",\"@id\":\"https:\\\/\\\/www.rastrearobjetos.com.br\\\/blog\\\/geral\\\/forum-mundial-da-agua-e-homenageado-em-selo-dos-correios.html#breadcrumb\",\"itemListElement\":[{\"@type\":\"ListItem\",\"position\":1,\"name\":\"In\u00edcio\",\"item\":\"https:\\\/\\\/www.rastrearobjetos.com.br\\\/blog\\\/\"},{\"@type\":\"ListItem\",\"position\":2,\"name\":\"Correios\",\"item\":\"https:\\\/\\\/www.rastrearobjetos.com.br\\\/blog\\\/categoria\\\/correios\"},{\"@type\":\"ListItem\",\"position\":3,\"name\":\"F\u00f3rum Mundial da \u00c1gua \u00e9 homenageado em selo dos Correios\"}]},{\"@type\":\"WebSite\",\"@id\":\"https:\\\/\\\/www.rastrearobjetos.com.br\\\/blog\\\/#website\",\"url\":\"https:\\\/\\\/www.rastrearobjetos.com.br\\\/blog\\\/\",\"name\":\"Rastrear Correios\",\"description\":\"Blog do Rastreador dos Correios\",\"publisher\":{\"@id\":\"https:\\\/\\\/www.rastrearobjetos.com.br\\\/blog\\\/#organization\"},\"potentialAction\":[{\"@type\":\"SearchAction\",\"target\":{\"@type\":\"EntryPoint\",\"urlTemplate\":\"https:\\\/\\\/www.rastrearobjetos.com.br\\\/blog\\\/?s={search_term_string}\"},\"query-input\":{\"@type\":\"PropertyValueSpecification\",\"valueRequired\":true,\"valueName\":\"search_term_string\"}}],\"inLanguage\":\"pt-BR\"},{\"@type\":\"Organization\",\"@id\":\"https:\\\/\\\/www.rastrearobjetos.com.br\\\/blog\\\/#organization\",\"name\":\"Rastrear Objetos dos Correios\",\"url\":\"https:\\\/\\\/www.rastrearobjetos.com.br\\\/blog\\\/\",\"logo\":{\"@type\":\"ImageObject\",\"inLanguage\":\"pt-BR\",\"@id\":\"https:\\\/\\\/www.rastrearobjetos.com.br\\\/blog\\\/#\\\/schema\\\/logo\\\/image\\\/\",\"url\":\"https:\\\/\\\/www.rastrearobjetos.com.br\\\/blog\\\/wp-content\\\/uploads\\\/2017\\\/09\\\/logo-correios-1.png\",\"contentUrl\":\"https:\\\/\\\/www.rastrearobjetos.com.br\\\/blog\\\/wp-content\\\/uploads\\\/2017\\\/09\\\/logo-correios-1.png\",\"width\":314,\"height\":49,\"caption\":\"Rastrear Objetos dos Correios\"},\"image\":{\"@id\":\"https:\\\/\\\/www.rastrearobjetos.com.br\\\/blog\\\/#\\\/schema\\\/logo\\\/image\\\/\"},\"sameAs\":[\"https:\\\/\\\/www.facebook.com\\\/RastreadorDeObjetos\",\"https:\\\/\\\/x.com\\\/rastrearobjetos\"]},{\"@type\":\"Person\",\"@id\":\"https:\\\/\\\/www.rastrearobjetos.com.br\\\/blog\\\/#\\\/schema\\\/person\\\/0ecfd4bb0e3d1a11c9de7b048f0beaaf\",\"name\":\"Rastreador de Objetos\",\"image\":{\"@type\":\"ImageObject\",\"inLanguage\":\"pt-BR\",\"@id\":\"https:\\\/\\\/secure.gravatar.com\\\/avatar\\\/87a6c926c997a0a931c9a06b1dc5dea49d1b1b8fcaf6f0acef031004169a5d76?s=96&d=mm&r=g\",\"url\":\"https:\\\/\\\/secure.gravatar.com\\\/avatar\\\/87a6c926c997a0a931c9a06b1dc5dea49d1b1b8fcaf6f0acef031004169a5d76?s=96&d=mm&r=g\",\"contentUrl\":\"https:\\\/\\\/secure.gravatar.com\\\/avatar\\\/87a6c926c997a0a931c9a06b1dc5dea49d1b1b8fcaf6f0acef031004169a5d76?s=96&d=mm&r=g\",\"caption\":\"Rastreador de Objetos\"},\"url\":\"https:\\\/\\\/www.rastrearobjetos.com.br\\\/blog\\\/author\\\/admin\"}]}<\/script>\n<!-- \/ Yoast SEO plugin. -->","yoast_head_json":{"title":"F\u00f3rum Mundial da \u00c1gua \u00e9 homenageado em selo dos Correios - Rastrear Correios","description":"Rastrear Objetos Correios. Rastreamento de sua Encomenda. Acompanhe todos os passos da sua entrega. R\u00e1pido, F\u00e1cil e Gr\u00e1tis. Receba notifica\u00e7\u00f5es atualizadas.","robots":{"index":"index","follow":"follow","max-snippet":"max-snippet:-1","max-image-preview":"max-image-preview:large","max-video-preview":"max-video-preview:-1"},"canonical":"https:\/\/www.rastrearobjetos.com.br\/blog\/geral\/forum-mundial-da-agua-e-homenageado-em-selo-dos-correios.html","og_locale":"pt_BR","og_type":"article","og_title":"F\u00f3rum Mundial da \u00c1gua \u00e9 homenageado em selo dos Correios - Rastrear Correios","og_description":"Rastrear Objetos Correios. Rastreamento de sua Encomenda. Acompanhe todos os passos da sua entrega. R\u00e1pido, F\u00e1cil e Gr\u00e1tis. Receba notifica\u00e7\u00f5es atualizadas.","og_url":"https:\/\/www.rastrearobjetos.com.br\/blog\/geral\/forum-mundial-da-agua-e-homenageado-em-selo-dos-correios.html","og_site_name":"Rastrear Correios","article_publisher":"https:\/\/www.facebook.com\/RastreadorDeObjetos","article_published_time":"2018-03-21T18:08:56+00:00","og_image":[{"width":1280,"height":853,"url":"https:\/\/www.rastrearobjetos.com.br\/blog\/wp-content\/uploads\/2018\/03\/selo-correios.jpg","type":"image\/jpeg"}],"author":"Rastreador de Objetos","twitter_card":"summary_large_image","twitter_creator":"@rastrearobjetos","twitter_site":"@rastrearobjetos","twitter_misc":{"Escrito por":"Rastreador de Objetos","Est. tempo de leitura":"2 minutos"},"schema":{"@context":"https:\/\/schema.org","@graph":[{"@type":"Article","@id":"https:\/\/www.rastrearobjetos.com.br\/blog\/geral\/forum-mundial-da-agua-e-homenageado-em-selo-dos-correios.html#article","isPartOf":{"@id":"https:\/\/www.rastrearobjetos.com.br\/blog\/geral\/forum-mundial-da-agua-e-homenageado-em-selo-dos-correios.html"},"author":{"name":"Rastreador de Objetos","@id":"https:\/\/www.rastrearobjetos.com.br\/blog\/#\/schema\/person\/0ecfd4bb0e3d1a11c9de7b048f0beaaf"},"headline":"F\u00f3rum Mundial da \u00c1gua \u00e9 homenageado em selo dos Correios","datePublished":"2018-03-21T18:08:56+00:00","mainEntityOfPage":{"@id":"https:\/\/www.rastrearobjetos.com.br\/blog\/geral\/forum-mundial-da-agua-e-homenageado-em-selo-dos-correios.html"},"wordCount":425,"commentCount":0,"publisher":{"@id":"https:\/\/www.rastrearobjetos.com.br\/blog\/#organization"},"image":{"@id":"https:\/\/www.rastrearobjetos.com.br\/blog\/geral\/forum-mundial-da-agua-e-homenageado-em-selo-dos-correios.html#primaryimage"},"thumbnailUrl":"https:\/\/www.rastrearobjetos.com.br\/blog\/wp-content\/uploads\/2018\/03\/selo-correios.jpg","keywords":["8\u00ba F\u00f3rum Mundial da \u00c1gua","Ag\u00eancia Nacional de \u00c1guas","\u00e1gua","Benedito Braga","correios","escassez","Guilherme Campos","Michel Temer","naturais","recursos","Rodrigo Rollemberg","selo postal","sustent\u00e1vel"],"articleSection":["Correios","Cultura","Geral","Informa\u00e7\u00f5es","Not\u00edcias"],"inLanguage":"pt-BR","potentialAction":[{"@type":"CommentAction","name":"Comment","target":["https:\/\/www.rastrearobjetos.com.br\/blog\/geral\/forum-mundial-da-agua-e-homenageado-em-selo-dos-correios.html#respond"]}]},{"@type":"WebPage","@id":"https:\/\/www.rastrearobjetos.com.br\/blog\/geral\/forum-mundial-da-agua-e-homenageado-em-selo-dos-correios.html","url":"https:\/\/www.rastrearobjetos.com.br\/blog\/geral\/forum-mundial-da-agua-e-homenageado-em-selo-dos-correios.html","name":"F\u00f3rum Mundial da \u00c1gua \u00e9 homenageado em selo dos Correios - Rastrear Correios","isPartOf":{"@id":"https:\/\/www.rastrearobjetos.com.br\/blog\/#website"},"primaryImageOfPage":{"@id":"https:\/\/www.rastrearobjetos.com.br\/blog\/geral\/forum-mundial-da-agua-e-homenageado-em-selo-dos-correios.html#primaryimage"},"image":{"@id":"https:\/\/www.rastrearobjetos.com.br\/blog\/geral\/forum-mundial-da-agua-e-homenageado-em-selo-dos-correios.html#primaryimage"},"thumbnailUrl":"https:\/\/www.rastrearobjetos.com.br\/blog\/wp-content\/uploads\/2018\/03\/selo-correios.jpg","datePublished":"2018-03-21T18:08:56+00:00","description":"Rastrear Objetos Correios. Rastreamento de sua Encomenda. Acompanhe todos os passos da sua entrega. R\u00e1pido, F\u00e1cil e Gr\u00e1tis. Receba notifica\u00e7\u00f5es atualizadas.","breadcrumb":{"@id":"https:\/\/www.rastrearobjetos.com.br\/blog\/geral\/forum-mundial-da-agua-e-homenageado-em-selo-dos-correios.html#breadcrumb"},"inLanguage":"pt-BR","potentialAction":[{"@type":"ReadAction","target":["https:\/\/www.rastrearobjetos.com.br\/blog\/geral\/forum-mundial-da-agua-e-homenageado-em-selo-dos-correios.html"]}]},{"@type":"ImageObject","inLanguage":"pt-BR","@id":"https:\/\/www.rastrearobjetos.com.br\/blog\/geral\/forum-mundial-da-agua-e-homenageado-em-selo-dos-correios.html#primaryimage","url":"https:\/\/www.rastrearobjetos.com.br\/blog\/wp-content\/uploads\/2018\/03\/selo-correios.jpg","contentUrl":"https:\/\/www.rastrearobjetos.com.br\/blog\/wp-content\/uploads\/2018\/03\/selo-correios.jpg","width":1280,"height":853,"caption":"Bras\u00edlia - O presidente da Adasa, Paulo Salles, participa do lan\u00e7amento do selo do 8\u00ba F\u00f3rum Mundial da \u00c1gua (Antonio Cruz\/Ag\u00eancia Brasil)"},{"@type":"BreadcrumbList","@id":"https:\/\/www.rastrearobjetos.com.br\/blog\/geral\/forum-mundial-da-agua-e-homenageado-em-selo-dos-correios.html#breadcrumb","itemListElement":[{"@type":"ListItem","position":1,"name":"In\u00edcio","item":"https:\/\/www.rastrearobjetos.com.br\/blog\/"},{"@type":"ListItem","position":2,"name":"Correios","item":"https:\/\/www.rastrearobjetos.com.br\/blog\/categoria\/correios"},{"@type":"ListItem","position":3,"name":"F\u00f3rum Mundial da \u00c1gua \u00e9 homenageado em selo dos Correios"}]},{"@type":"WebSite","@id":"https:\/\/www.rastrearobjetos.com.br\/blog\/#website","url":"https:\/\/www.rastrearobjetos.com.br\/blog\/","name":"Rastrear Correios","description":"Blog do Rastreador dos Correios","publisher":{"@id":"https:\/\/www.rastrearobjetos.com.br\/blog\/#organization"},"potentialAction":[{"@type":"SearchAction","target":{"@type":"EntryPoint","urlTemplate":"https:\/\/www.rastrearobjetos.com.br\/blog\/?s={search_term_string}"},"query-input":{"@type":"PropertyValueSpecification","valueRequired":true,"valueName":"search_term_string"}}],"inLanguage":"pt-BR"},{"@type":"Organization","@id":"https:\/\/www.rastrearobjetos.com.br\/blog\/#organization","name":"Rastrear Objetos dos Correios","url":"https:\/\/www.rastrearobjetos.com.br\/blog\/","logo":{"@type":"ImageObject","inLanguage":"pt-BR","@id":"https:\/\/www.rastrearobjetos.com.br\/blog\/#\/schema\/logo\/image\/","url":"https:\/\/www.rastrearobjetos.com.br\/blog\/wp-content\/uploads\/2017\/09\/logo-correios-1.png","contentUrl":"https:\/\/www.rastrearobjetos.com.br\/blog\/wp-content\/uploads\/2017\/09\/logo-correios-1.png","width":314,"height":49,"caption":"Rastrear Objetos dos Correios"},"image":{"@id":"https:\/\/www.rastrearobjetos.com.br\/blog\/#\/schema\/logo\/image\/"},"sameAs":["https:\/\/www.facebook.com\/RastreadorDeObjetos","https:\/\/x.com\/rastrearobjetos"]},{"@type":"Person","@id":"https:\/\/www.rastrearobjetos.com.br\/blog\/#\/schema\/person\/0ecfd4bb0e3d1a11c9de7b048f0beaaf","name":"Rastreador de Objetos","image":{"@type":"ImageObject","inLanguage":"pt-BR","@id":"https:\/\/secure.gravatar.com\/avatar\/87a6c926c997a0a931c9a06b1dc5dea49d1b1b8fcaf6f0acef031004169a5d76?s=96&d=mm&r=g","url":"https:\/\/secure.gravatar.com\/avatar\/87a6c926c997a0a931c9a06b1dc5dea49d1b1b8fcaf6f0acef031004169a5d76?s=96&d=mm&r=g","contentUrl":"https:\/\/secure.gravatar.com\/avatar\/87a6c926c997a0a931c9a06b1dc5dea49d1b1b8fcaf6f0acef031004169a5d76?s=96&d=mm&r=g","caption":"Rastreador de Objetos"},"url":"https:\/\/www.rastrearobjetos.com.br\/blog\/author\/admin"}]}},"amp_enabled":true,"_links":{"self":[{"href":"https:\/\/www.rastrearobjetos.com.br\/blog\/wp-json\/wp\/v2\/posts\/574","targetHints":{"allow":["GET"]}}],"collection":[{"href":"https:\/\/www.rastrearobjetos.com.br\/blog\/wp-json\/wp\/v2\/posts"}],"about":[{"href":"https:\/\/www.rastrearobjetos.com.br\/blog\/wp-json\/wp\/v2\/types\/post"}],"author":[{"embeddable":true,"href":"https:\/\/www.rastrearobjetos.com.br\/blog\/wp-json\/wp\/v2\/users\/1"}],"replies":[{"embeddable":true,"href":"https:\/\/www.rastrearobjetos.com.br\/blog\/wp-json\/wp\/v2\/comments?post=574"}],"version-history":[{"count":2,"href":"https:\/\/www.rastrearobjetos.com.br\/blog\/wp-json\/wp\/v2\/posts\/574\/revisions"}],"predecessor-version":[{"id":581,"href":"https:\/\/www.rastrearobjetos.com.br\/blog\/wp-json\/wp\/v2\/posts\/574\/revisions\/581"}],"wp:featuredmedia":[{"embeddable":true,"href":"https:\/\/www.rastrearobjetos.com.br\/blog\/wp-json\/wp\/v2\/media\/580"}],"wp:attachment":[{"href":"https:\/\/www.rastrearobjetos.com.br\/blog\/wp-json\/wp\/v2\/media?parent=574"}],"wp:term":[{"taxonomy":"category","embeddable":true,"href":"https:\/\/www.rastrearobjetos.com.br\/blog\/wp-json\/wp\/v2\/categories?post=574"},{"taxonomy":"post_tag","embeddable":true,"href":"https:\/\/www.rastrearobjetos.com.br\/blog\/wp-json\/wp\/v2\/tags?post=574"}],"curies":[{"name":"wp","href":"https:\/\/api.w.org\/{rel}","templated":true}]}}