{"id":582,"date":"2018-03-23T07:07:02","date_gmt":"2018-03-23T10:07:02","guid":{"rendered":"https:\/\/www.rastrearobjetos.com.br\/blog\/?p=582"},"modified":"2018-03-23T07:09:16","modified_gmt":"2018-03-23T10:09:16","slug":"correios-adere-a-iniciativa-pela-igualdade-racial","status":"publish","type":"post","link":"https:\/\/www.rastrearobjetos.com.br\/blog\/geral\/correios-adere-a-iniciativa-pela-igualdade-racial.html","title":{"rendered":"Correios adere a iniciativa pela igualdade racial"},"content":{"rendered":"<p class=\"alignnone\" title=\"Os presidentes dos Correios, Guilherme Campos, e da ONG Afrobras, Jos\u00e9 Vicente, em evento de ades\u00e3o da empresa \u00e0 Iniciativa Empresarial pela Igualdade. (Foto: Divulga\u00e7\u00e3o\/Correios)\">Os Correios assinaram, nesta quarta-feira (21), a carta de ades\u00e3o \u00e0 <strong><a href=\"https:\/\/www.rastrearobjetos.com.br\/blog\/tags\/iniciativa\" title=\"Iniciativa\">Iniciativa<\/a> <a href=\"https:\/\/www.rastrearobjetos.com.br\/blog\/tags\/empresarial\" title=\"Empresarial\">Empresarial<\/a> pela <a href=\"https:\/\/www.rastrearobjetos.com.br\/blog\/tags\/igualdade\" title=\"Igualdade\">Igualdade<\/a><\/strong>, firmada entre a empresa e o <strong>Instituto Afro Brasileiro de Ensino Superior<\/strong> (<a href=\"https:\/\/www.rastrearobjetos.com.br\/blog\/tags\/afrobras\" title=\"Afrobras\">Afrobras<\/a>). A ades\u00e3o foi assinada pelo presidente dos Correios, Guilherme Campos, pelo vice-presidente de Gest\u00e3o Estrat\u00e9gica de Pessoas, Heli Siqueira, e pelo reitor da Faculdade Zumbi dos Palmares e presidente da ONG <a href=\"https:\/\/www.rastrearobjetos.com.br\/blog\/tags\/afrobras\" title=\"Afrobras\">Afrobras<\/a>, professor-doutor Jos\u00e9 Vicente.<\/p>\n<p>O presidente da <a href=\"https:\/\/www.rastrearobjetos.com.br\/blog\/tags\/afrobras\" title=\"Afrobras\">Afrobras<\/a> destacou que\u00a0hoje muitos jovens <a href=\"https:\/\/www.rastrearobjetos.com.br\/blog\/tags\/negros\" title=\"negros\">negros<\/a> j\u00e1 conseguem chegar \u00e0s universidades, mas que n\u00e3o se pode permitir que um muro continue a existir para esses profissionais na hora de chegarem \u00e0s empresas.<\/p>\n<p>Embora a popula\u00e7\u00e3o brasileira tenha 113 milh\u00f5es de pessoas que se declaram negras (55,4% da popula\u00e7\u00e3o), segundo a Pesquisa Nacional por Amostra de Domic\u00edlios (Pnad 2016), do Instituto Brasileiro de Geografia e Estat\u00edstica (<a href=\"https:\/\/www.rastrearobjetos.com.br\/blog\/tags\/ibge\" title=\"IBGE\">IBGE<\/a>), apenas <strong>4,7% dos profissionais que ocupam cargos executivos ou de destaque nas empresas s\u00e3o <a href=\"https:\/\/www.rastrearobjetos.com.br\/blog\/tags\/negros\" title=\"negros\">negros<\/a><\/strong> (dados de 2016 do Instituto Ethos).<\/p>\n<p>A <a href=\"https:\/\/www.rastrearobjetos.com.br\/blog\/tags\/iniciativa\" title=\"iniciativa\">iniciativa<\/a> da carta partiu de um conjunto de autoridades e de ambientes corporativos diversos, que entenderam que \u00e9 preciso construir um caminho para que esse muro seja desfeito e para que todos, em <strong><a href=\"https:\/\/www.rastrearobjetos.com.br\/blog\/tags\/igualdade\" title=\"igualdade\">igualdade<\/a> de oportunidade<\/strong>, possam chegar \u00e0s empresas. A assinatura coincidiu com o <strong>Dia Nacional de Luta contra a Discrimina\u00e7\u00e3o <a href=\"https:\/\/www.rastrearobjetos.com.br\/blog\/tags\/racial\" title=\"Racial\">Racial<\/a><\/strong>, institu\u00eddo pela ONU. Hoje, 40 grandes empresas participam do projeto.<\/p>\n<p>\u201cEssa a\u00e7\u00e3o fortalece e enfatiza uma dimens\u00e3o importante da miss\u00e3o <a href=\"https:\/\/www.rastrearobjetos.com.br\/blog\/tags\/empresarial\" title=\"empresarial\">empresarial<\/a>, que \u00e9 se <strong>associar \u00e0s grandes causas sociais<\/strong>. Com essa assinatura, a empresa toma um lado, se posiciona, sinaliza e manda um recado para toda a sociedade\u201d, disse Jos\u00e9 Vicente.<\/p>\n<p>O compromisso firmado com os Correios prev\u00ea a implanta\u00e7\u00e3o de a\u00e7\u00f5es pela promo\u00e7\u00e3o da <strong><a href=\"https:\/\/www.rastrearobjetos.com.br\/blog\/tags\/igualdade\" title=\"igualdade\">igualdade<\/a> <a href=\"https:\/\/www.rastrearobjetos.com.br\/blog\/tags\/racial\" title=\"racial\">racial<\/a><\/strong>, a <strong><a href=\"https:\/\/www.rastrearobjetos.com.br\/blog\/tags\/inclusao\" title=\"inclus\u00e3o\">inclus\u00e3o<\/a><\/strong> e o <strong><a href=\"https:\/\/www.rastrearobjetos.com.br\/blog\/tags\/empoderamento\" title=\"empoderamento\">empoderamento<\/a> afro\u00e9tnico<\/strong> na empresa, al\u00e9m da promo\u00e7\u00e3o da educa\u00e7\u00e3o para o respeito \u00e0 <strong><a href=\"https:\/\/www.rastrearobjetos.com.br\/blog\/tags\/diversidade\" title=\"diversidade\">diversidade<\/a> <a href=\"https:\/\/www.rastrearobjetos.com.br\/blog\/tags\/racial\" title=\"racial\">racial<\/a><\/strong>.<\/p>\n<p>Guilherme Campos enfatizou que a empresa adere ao compromisso de forma volunt\u00e1ria e que, embora a\u00e7\u00f5es como esta tenham reflexos de longo prazo nas empresas, n\u00e3o se verifica preconceito de credo, ra\u00e7a ou cor nos Correios. \u201cEste, para n\u00f3s, \u00e9 apenas um ato simb\u00f3lico, a reafirma\u00e7\u00e3o das pr\u00e1ticas inclusivas nos Correios, com <a href=\"https:\/\/www.rastrearobjetos.com.br\/blog\/tags\/igualdade\" title=\"igualdade\">igualdade<\/a> de oportunidades, de condi\u00e7\u00f5es e de crescimento na organiza\u00e7\u00e3o\u201d.<\/p>\n<p>Fonte: <a href=\"http:\/\/blog.correios.com.br\/correios\/?p=48472\" target=\"_blank\" rel=\"noopener\">Correios<\/a><\/p>\n","protected":false},"excerpt":{"rendered":"<p>Os Correios assinaram, nesta quarta-feira (21), a carta de ades\u00e3o \u00e0 Iniciativa Empresarial pela Igualdade, firmada entre a empresa e o Instituto Afro Brasileiro de Ensino Superior (Afrobras). A ades\u00e3o foi assinada pelo presidente dos Correios, Guilherme Campos, pelo vice-presidente de Gest\u00e3o Estrat\u00e9gica de Pessoas, Heli Siqueira, e pelo reitor da Faculdade Zumbi dos Palmares [&hellip;]<\/p>\n","protected":false},"author":1,"featured_media":584,"comment_status":"open","ping_status":"open","sticky":false,"template":"","format":"standard","meta":{"footnotes":""},"categories":[9,1,11,25],"tags":[669,675,674,667,671,668,670,666,672,673],"class_list":["post-582","post","type-post","status-publish","format-standard","has-post-thumbnail","hentry","category-correios","category-geral","category-informacoes","category-noticias","tag-afrobras","tag-diversidade","tag-empoderamento","tag-empresarial","tag-ibge","tag-igualdade","tag-inclusao","tag-iniciativa","tag-negros","tag-racial"],"yoast_head":"<!-- This site is optimized with the Yoast SEO plugin v27.4 - https:\/\/yoast.com\/product\/yoast-seo-wordpress\/ -->\n<title>Correios adere a iniciativa pela igualdade racial - Rastrear Correios<\/title>\n<meta name=\"description\" content=\"Rastrear Objetos Correios. Rastreamento de sua Encomenda. Acompanhe todos os passos da sua entrega. R\u00e1pido, F\u00e1cil e Gr\u00e1tis. Receba notifica\u00e7\u00f5es atualizadas.\" \/>\n<meta name=\"robots\" content=\"index, follow, max-snippet:-1, max-image-preview:large, max-video-preview:-1\" \/>\n<link rel=\"canonical\" href=\"https:\/\/www.rastrearobjetos.com.br\/blog\/geral\/correios-adere-a-iniciativa-pela-igualdade-racial.html\" \/>\n<meta property=\"og:locale\" content=\"pt_BR\" \/>\n<meta property=\"og:type\" content=\"article\" \/>\n<meta property=\"og:title\" content=\"Correios adere a iniciativa pela igualdade racial - Rastrear Correios\" \/>\n<meta property=\"og:description\" content=\"Rastrear Objetos Correios. Rastreamento de sua Encomenda. Acompanhe todos os passos da sua entrega. R\u00e1pido, F\u00e1cil e Gr\u00e1tis. Receba notifica\u00e7\u00f5es atualizadas.\" \/>\n<meta property=\"og:url\" content=\"https:\/\/www.rastrearobjetos.com.br\/blog\/geral\/correios-adere-a-iniciativa-pela-igualdade-racial.html\" \/>\n<meta property=\"og:site_name\" content=\"Rastrear Correios\" \/>\n<meta property=\"article:publisher\" content=\"https:\/\/www.facebook.com\/RastreadorDeObjetos\" \/>\n<meta property=\"article:published_time\" content=\"2018-03-23T10:07:02+00:00\" \/>\n<meta property=\"article:modified_time\" content=\"2018-03-23T10:09:16+00:00\" \/>\n<meta property=\"og:image\" content=\"https:\/\/www.rastrearobjetos.com.br\/blog\/wp-content\/uploads\/2018\/03\/correios-adere-a-iniciativa-pela-igualdade-racial.jpg\" \/>\n\t<meta property=\"og:image:width\" content=\"666\" \/>\n\t<meta property=\"og:image:height\" content=\"441\" \/>\n\t<meta property=\"og:image:type\" content=\"image\/jpeg\" \/>\n<meta name=\"author\" content=\"Rastreador de Objetos\" \/>\n<meta name=\"twitter:card\" content=\"summary_large_image\" \/>\n<meta name=\"twitter:creator\" content=\"@rastrearobjetos\" \/>\n<meta name=\"twitter:site\" content=\"@rastrearobjetos\" \/>\n<meta name=\"twitter:label1\" content=\"Escrito por\" \/>\n\t<meta name=\"twitter:data1\" content=\"Rastreador de Objetos\" \/>\n\t<meta name=\"twitter:label2\" content=\"Est. tempo de leitura\" \/>\n\t<meta name=\"twitter:data2\" content=\"2 minutos\" \/>\n<script type=\"application\/ld+json\" class=\"yoast-schema-graph\">{\"@context\":\"https:\\\/\\\/schema.org\",\"@graph\":[{\"@type\":\"Article\",\"@id\":\"https:\\\/\\\/www.rastrearobjetos.com.br\\\/blog\\\/geral\\\/correios-adere-a-iniciativa-pela-igualdade-racial.html#article\",\"isPartOf\":{\"@id\":\"https:\\\/\\\/www.rastrearobjetos.com.br\\\/blog\\\/geral\\\/correios-adere-a-iniciativa-pela-igualdade-racial.html\"},\"author\":{\"name\":\"Rastreador de Objetos\",\"@id\":\"https:\\\/\\\/www.rastrearobjetos.com.br\\\/blog\\\/#\\\/schema\\\/person\\\/0ecfd4bb0e3d1a11c9de7b048f0beaaf\"},\"headline\":\"Correios adere a iniciativa pela igualdade racial\",\"datePublished\":\"2018-03-23T10:07:02+00:00\",\"dateModified\":\"2018-03-23T10:09:16+00:00\",\"mainEntityOfPage\":{\"@id\":\"https:\\\/\\\/www.rastrearobjetos.com.br\\\/blog\\\/geral\\\/correios-adere-a-iniciativa-pela-igualdade-racial.html\"},\"wordCount\":387,\"commentCount\":0,\"publisher\":{\"@id\":\"https:\\\/\\\/www.rastrearobjetos.com.br\\\/blog\\\/#organization\"},\"image\":{\"@id\":\"https:\\\/\\\/www.rastrearobjetos.com.br\\\/blog\\\/geral\\\/correios-adere-a-iniciativa-pela-igualdade-racial.html#primaryimage\"},\"thumbnailUrl\":\"https:\\\/\\\/www.rastrearobjetos.com.br\\\/blog\\\/wp-content\\\/uploads\\\/2018\\\/03\\\/correios-adere-a-iniciativa-pela-igualdade-racial.jpg\",\"keywords\":[\"Afrobras\",\"diversidade\",\"empoderamento\",\"Empresarial\",\"IBGE\",\"Igualdade\",\"inclus\u00e3o\",\"Iniciativa\",\"Negros\",\"racial\"],\"articleSection\":[\"Correios\",\"Geral\",\"Informa\u00e7\u00f5es\",\"Not\u00edcias\"],\"inLanguage\":\"pt-BR\",\"potentialAction\":[{\"@type\":\"CommentAction\",\"name\":\"Comment\",\"target\":[\"https:\\\/\\\/www.rastrearobjetos.com.br\\\/blog\\\/geral\\\/correios-adere-a-iniciativa-pela-igualdade-racial.html#respond\"]}]},{\"@type\":\"WebPage\",\"@id\":\"https:\\\/\\\/www.rastrearobjetos.com.br\\\/blog\\\/geral\\\/correios-adere-a-iniciativa-pela-igualdade-racial.html\",\"url\":\"https:\\\/\\\/www.rastrearobjetos.com.br\\\/blog\\\/geral\\\/correios-adere-a-iniciativa-pela-igualdade-racial.html\",\"name\":\"Correios adere a iniciativa pela igualdade racial - Rastrear Correios\",\"isPartOf\":{\"@id\":\"https:\\\/\\\/www.rastrearobjetos.com.br\\\/blog\\\/#website\"},\"primaryImageOfPage\":{\"@id\":\"https:\\\/\\\/www.rastrearobjetos.com.br\\\/blog\\\/geral\\\/correios-adere-a-iniciativa-pela-igualdade-racial.html#primaryimage\"},\"image\":{\"@id\":\"https:\\\/\\\/www.rastrearobjetos.com.br\\\/blog\\\/geral\\\/correios-adere-a-iniciativa-pela-igualdade-racial.html#primaryimage\"},\"thumbnailUrl\":\"https:\\\/\\\/www.rastrearobjetos.com.br\\\/blog\\\/wp-content\\\/uploads\\\/2018\\\/03\\\/correios-adere-a-iniciativa-pela-igualdade-racial.jpg\",\"datePublished\":\"2018-03-23T10:07:02+00:00\",\"dateModified\":\"2018-03-23T10:09:16+00:00\",\"description\":\"Rastrear Objetos Correios. Rastreamento de sua Encomenda. Acompanhe todos os passos da sua entrega. R\u00e1pido, F\u00e1cil e Gr\u00e1tis. Receba notifica\u00e7\u00f5es atualizadas.\",\"breadcrumb\":{\"@id\":\"https:\\\/\\\/www.rastrearobjetos.com.br\\\/blog\\\/geral\\\/correios-adere-a-iniciativa-pela-igualdade-racial.html#breadcrumb\"},\"inLanguage\":\"pt-BR\",\"potentialAction\":[{\"@type\":\"ReadAction\",\"target\":[\"https:\\\/\\\/www.rastrearobjetos.com.br\\\/blog\\\/geral\\\/correios-adere-a-iniciativa-pela-igualdade-racial.html\"]}]},{\"@type\":\"ImageObject\",\"inLanguage\":\"pt-BR\",\"@id\":\"https:\\\/\\\/www.rastrearobjetos.com.br\\\/blog\\\/geral\\\/correios-adere-a-iniciativa-pela-igualdade-racial.html#primaryimage\",\"url\":\"https:\\\/\\\/www.rastrearobjetos.com.br\\\/blog\\\/wp-content\\\/uploads\\\/2018\\\/03\\\/correios-adere-a-iniciativa-pela-igualdade-racial.jpg\",\"contentUrl\":\"https:\\\/\\\/www.rastrearobjetos.com.br\\\/blog\\\/wp-content\\\/uploads\\\/2018\\\/03\\\/correios-adere-a-iniciativa-pela-igualdade-racial.jpg\",\"width\":666,\"height\":441},{\"@type\":\"BreadcrumbList\",\"@id\":\"https:\\\/\\\/www.rastrearobjetos.com.br\\\/blog\\\/geral\\\/correios-adere-a-iniciativa-pela-igualdade-racial.html#breadcrumb\",\"itemListElement\":[{\"@type\":\"ListItem\",\"position\":1,\"name\":\"In\u00edcio\",\"item\":\"https:\\\/\\\/www.rastrearobjetos.com.br\\\/blog\\\/\"},{\"@type\":\"ListItem\",\"position\":2,\"name\":\"Correios\",\"item\":\"https:\\\/\\\/www.rastrearobjetos.com.br\\\/blog\\\/categoria\\\/correios\"},{\"@type\":\"ListItem\",\"position\":3,\"name\":\"Correios adere a iniciativa pela igualdade racial\"}]},{\"@type\":\"WebSite\",\"@id\":\"https:\\\/\\\/www.rastrearobjetos.com.br\\\/blog\\\/#website\",\"url\":\"https:\\\/\\\/www.rastrearobjetos.com.br\\\/blog\\\/\",\"name\":\"Rastrear Correios\",\"description\":\"Blog do Rastreador dos Correios\",\"publisher\":{\"@id\":\"https:\\\/\\\/www.rastrearobjetos.com.br\\\/blog\\\/#organization\"},\"potentialAction\":[{\"@type\":\"SearchAction\",\"target\":{\"@type\":\"EntryPoint\",\"urlTemplate\":\"https:\\\/\\\/www.rastrearobjetos.com.br\\\/blog\\\/?s={search_term_string}\"},\"query-input\":{\"@type\":\"PropertyValueSpecification\",\"valueRequired\":true,\"valueName\":\"search_term_string\"}}],\"inLanguage\":\"pt-BR\"},{\"@type\":\"Organization\",\"@id\":\"https:\\\/\\\/www.rastrearobjetos.com.br\\\/blog\\\/#organization\",\"name\":\"Rastrear Objetos dos Correios\",\"url\":\"https:\\\/\\\/www.rastrearobjetos.com.br\\\/blog\\\/\",\"logo\":{\"@type\":\"ImageObject\",\"inLanguage\":\"pt-BR\",\"@id\":\"https:\\\/\\\/www.rastrearobjetos.com.br\\\/blog\\\/#\\\/schema\\\/logo\\\/image\\\/\",\"url\":\"https:\\\/\\\/www.rastrearobjetos.com.br\\\/blog\\\/wp-content\\\/uploads\\\/2017\\\/09\\\/logo-correios-1.png\",\"contentUrl\":\"https:\\\/\\\/www.rastrearobjetos.com.br\\\/blog\\\/wp-content\\\/uploads\\\/2017\\\/09\\\/logo-correios-1.png\",\"width\":314,\"height\":49,\"caption\":\"Rastrear Objetos dos Correios\"},\"image\":{\"@id\":\"https:\\\/\\\/www.rastrearobjetos.com.br\\\/blog\\\/#\\\/schema\\\/logo\\\/image\\\/\"},\"sameAs\":[\"https:\\\/\\\/www.facebook.com\\\/RastreadorDeObjetos\",\"https:\\\/\\\/x.com\\\/rastrearobjetos\"]},{\"@type\":\"Person\",\"@id\":\"https:\\\/\\\/www.rastrearobjetos.com.br\\\/blog\\\/#\\\/schema\\\/person\\\/0ecfd4bb0e3d1a11c9de7b048f0beaaf\",\"name\":\"Rastreador de Objetos\",\"image\":{\"@type\":\"ImageObject\",\"inLanguage\":\"pt-BR\",\"@id\":\"https:\\\/\\\/secure.gravatar.com\\\/avatar\\\/87a6c926c997a0a931c9a06b1dc5dea49d1b1b8fcaf6f0acef031004169a5d76?s=96&d=mm&r=g\",\"url\":\"https:\\\/\\\/secure.gravatar.com\\\/avatar\\\/87a6c926c997a0a931c9a06b1dc5dea49d1b1b8fcaf6f0acef031004169a5d76?s=96&d=mm&r=g\",\"contentUrl\":\"https:\\\/\\\/secure.gravatar.com\\\/avatar\\\/87a6c926c997a0a931c9a06b1dc5dea49d1b1b8fcaf6f0acef031004169a5d76?s=96&d=mm&r=g\",\"caption\":\"Rastreador de Objetos\"},\"url\":\"https:\\\/\\\/www.rastrearobjetos.com.br\\\/blog\\\/author\\\/admin\"}]}<\/script>\n<!-- \/ Yoast SEO plugin. -->","yoast_head_json":{"title":"Correios adere a iniciativa pela igualdade racial - Rastrear Correios","description":"Rastrear Objetos Correios. Rastreamento de sua Encomenda. Acompanhe todos os passos da sua entrega. R\u00e1pido, F\u00e1cil e Gr\u00e1tis. Receba notifica\u00e7\u00f5es atualizadas.","robots":{"index":"index","follow":"follow","max-snippet":"max-snippet:-1","max-image-preview":"max-image-preview:large","max-video-preview":"max-video-preview:-1"},"canonical":"https:\/\/www.rastrearobjetos.com.br\/blog\/geral\/correios-adere-a-iniciativa-pela-igualdade-racial.html","og_locale":"pt_BR","og_type":"article","og_title":"Correios adere a iniciativa pela igualdade racial - Rastrear Correios","og_description":"Rastrear Objetos Correios. Rastreamento de sua Encomenda. Acompanhe todos os passos da sua entrega. R\u00e1pido, F\u00e1cil e Gr\u00e1tis. Receba notifica\u00e7\u00f5es atualizadas.","og_url":"https:\/\/www.rastrearobjetos.com.br\/blog\/geral\/correios-adere-a-iniciativa-pela-igualdade-racial.html","og_site_name":"Rastrear Correios","article_publisher":"https:\/\/www.facebook.com\/RastreadorDeObjetos","article_published_time":"2018-03-23T10:07:02+00:00","article_modified_time":"2018-03-23T10:09:16+00:00","og_image":[{"width":666,"height":441,"url":"https:\/\/www.rastrearobjetos.com.br\/blog\/wp-content\/uploads\/2018\/03\/correios-adere-a-iniciativa-pela-igualdade-racial.jpg","type":"image\/jpeg"}],"author":"Rastreador de Objetos","twitter_card":"summary_large_image","twitter_creator":"@rastrearobjetos","twitter_site":"@rastrearobjetos","twitter_misc":{"Escrito por":"Rastreador de Objetos","Est. tempo de leitura":"2 minutos"},"schema":{"@context":"https:\/\/schema.org","@graph":[{"@type":"Article","@id":"https:\/\/www.rastrearobjetos.com.br\/blog\/geral\/correios-adere-a-iniciativa-pela-igualdade-racial.html#article","isPartOf":{"@id":"https:\/\/www.rastrearobjetos.com.br\/blog\/geral\/correios-adere-a-iniciativa-pela-igualdade-racial.html"},"author":{"name":"Rastreador de Objetos","@id":"https:\/\/www.rastrearobjetos.com.br\/blog\/#\/schema\/person\/0ecfd4bb0e3d1a11c9de7b048f0beaaf"},"headline":"Correios adere a iniciativa pela igualdade racial","datePublished":"2018-03-23T10:07:02+00:00","dateModified":"2018-03-23T10:09:16+00:00","mainEntityOfPage":{"@id":"https:\/\/www.rastrearobjetos.com.br\/blog\/geral\/correios-adere-a-iniciativa-pela-igualdade-racial.html"},"wordCount":387,"commentCount":0,"publisher":{"@id":"https:\/\/www.rastrearobjetos.com.br\/blog\/#organization"},"image":{"@id":"https:\/\/www.rastrearobjetos.com.br\/blog\/geral\/correios-adere-a-iniciativa-pela-igualdade-racial.html#primaryimage"},"thumbnailUrl":"https:\/\/www.rastrearobjetos.com.br\/blog\/wp-content\/uploads\/2018\/03\/correios-adere-a-iniciativa-pela-igualdade-racial.jpg","keywords":["Afrobras","diversidade","empoderamento","Empresarial","IBGE","Igualdade","inclus\u00e3o","Iniciativa","Negros","racial"],"articleSection":["Correios","Geral","Informa\u00e7\u00f5es","Not\u00edcias"],"inLanguage":"pt-BR","potentialAction":[{"@type":"CommentAction","name":"Comment","target":["https:\/\/www.rastrearobjetos.com.br\/blog\/geral\/correios-adere-a-iniciativa-pela-igualdade-racial.html#respond"]}]},{"@type":"WebPage","@id":"https:\/\/www.rastrearobjetos.com.br\/blog\/geral\/correios-adere-a-iniciativa-pela-igualdade-racial.html","url":"https:\/\/www.rastrearobjetos.com.br\/blog\/geral\/correios-adere-a-iniciativa-pela-igualdade-racial.html","name":"Correios adere a iniciativa pela igualdade racial - Rastrear Correios","isPartOf":{"@id":"https:\/\/www.rastrearobjetos.com.br\/blog\/#website"},"primaryImageOfPage":{"@id":"https:\/\/www.rastrearobjetos.com.br\/blog\/geral\/correios-adere-a-iniciativa-pela-igualdade-racial.html#primaryimage"},"image":{"@id":"https:\/\/www.rastrearobjetos.com.br\/blog\/geral\/correios-adere-a-iniciativa-pela-igualdade-racial.html#primaryimage"},"thumbnailUrl":"https:\/\/www.rastrearobjetos.com.br\/blog\/wp-content\/uploads\/2018\/03\/correios-adere-a-iniciativa-pela-igualdade-racial.jpg","datePublished":"2018-03-23T10:07:02+00:00","dateModified":"2018-03-23T10:09:16+00:00","description":"Rastrear Objetos Correios. Rastreamento de sua Encomenda. Acompanhe todos os passos da sua entrega. R\u00e1pido, F\u00e1cil e Gr\u00e1tis. Receba notifica\u00e7\u00f5es atualizadas.","breadcrumb":{"@id":"https:\/\/www.rastrearobjetos.com.br\/blog\/geral\/correios-adere-a-iniciativa-pela-igualdade-racial.html#breadcrumb"},"inLanguage":"pt-BR","potentialAction":[{"@type":"ReadAction","target":["https:\/\/www.rastrearobjetos.com.br\/blog\/geral\/correios-adere-a-iniciativa-pela-igualdade-racial.html"]}]},{"@type":"ImageObject","inLanguage":"pt-BR","@id":"https:\/\/www.rastrearobjetos.com.br\/blog\/geral\/correios-adere-a-iniciativa-pela-igualdade-racial.html#primaryimage","url":"https:\/\/www.rastrearobjetos.com.br\/blog\/wp-content\/uploads\/2018\/03\/correios-adere-a-iniciativa-pela-igualdade-racial.jpg","contentUrl":"https:\/\/www.rastrearobjetos.com.br\/blog\/wp-content\/uploads\/2018\/03\/correios-adere-a-iniciativa-pela-igualdade-racial.jpg","width":666,"height":441},{"@type":"BreadcrumbList","@id":"https:\/\/www.rastrearobjetos.com.br\/blog\/geral\/correios-adere-a-iniciativa-pela-igualdade-racial.html#breadcrumb","itemListElement":[{"@type":"ListItem","position":1,"name":"In\u00edcio","item":"https:\/\/www.rastrearobjetos.com.br\/blog\/"},{"@type":"ListItem","position":2,"name":"Correios","item":"https:\/\/www.rastrearobjetos.com.br\/blog\/categoria\/correios"},{"@type":"ListItem","position":3,"name":"Correios adere a iniciativa pela igualdade racial"}]},{"@type":"WebSite","@id":"https:\/\/www.rastrearobjetos.com.br\/blog\/#website","url":"https:\/\/www.rastrearobjetos.com.br\/blog\/","name":"Rastrear Correios","description":"Blog do Rastreador dos Correios","publisher":{"@id":"https:\/\/www.rastrearobjetos.com.br\/blog\/#organization"},"potentialAction":[{"@type":"SearchAction","target":{"@type":"EntryPoint","urlTemplate":"https:\/\/www.rastrearobjetos.com.br\/blog\/?s={search_term_string}"},"query-input":{"@type":"PropertyValueSpecification","valueRequired":true,"valueName":"search_term_string"}}],"inLanguage":"pt-BR"},{"@type":"Organization","@id":"https:\/\/www.rastrearobjetos.com.br\/blog\/#organization","name":"Rastrear Objetos dos Correios","url":"https:\/\/www.rastrearobjetos.com.br\/blog\/","logo":{"@type":"ImageObject","inLanguage":"pt-BR","@id":"https:\/\/www.rastrearobjetos.com.br\/blog\/#\/schema\/logo\/image\/","url":"https:\/\/www.rastrearobjetos.com.br\/blog\/wp-content\/uploads\/2017\/09\/logo-correios-1.png","contentUrl":"https:\/\/www.rastrearobjetos.com.br\/blog\/wp-content\/uploads\/2017\/09\/logo-correios-1.png","width":314,"height":49,"caption":"Rastrear Objetos dos Correios"},"image":{"@id":"https:\/\/www.rastrearobjetos.com.br\/blog\/#\/schema\/logo\/image\/"},"sameAs":["https:\/\/www.facebook.com\/RastreadorDeObjetos","https:\/\/x.com\/rastrearobjetos"]},{"@type":"Person","@id":"https:\/\/www.rastrearobjetos.com.br\/blog\/#\/schema\/person\/0ecfd4bb0e3d1a11c9de7b048f0beaaf","name":"Rastreador de Objetos","image":{"@type":"ImageObject","inLanguage":"pt-BR","@id":"https:\/\/secure.gravatar.com\/avatar\/87a6c926c997a0a931c9a06b1dc5dea49d1b1b8fcaf6f0acef031004169a5d76?s=96&d=mm&r=g","url":"https:\/\/secure.gravatar.com\/avatar\/87a6c926c997a0a931c9a06b1dc5dea49d1b1b8fcaf6f0acef031004169a5d76?s=96&d=mm&r=g","contentUrl":"https:\/\/secure.gravatar.com\/avatar\/87a6c926c997a0a931c9a06b1dc5dea49d1b1b8fcaf6f0acef031004169a5d76?s=96&d=mm&r=g","caption":"Rastreador de Objetos"},"url":"https:\/\/www.rastrearobjetos.com.br\/blog\/author\/admin"}]}},"amp_enabled":true,"_links":{"self":[{"href":"https:\/\/www.rastrearobjetos.com.br\/blog\/wp-json\/wp\/v2\/posts\/582","targetHints":{"allow":["GET"]}}],"collection":[{"href":"https:\/\/www.rastrearobjetos.com.br\/blog\/wp-json\/wp\/v2\/posts"}],"about":[{"href":"https:\/\/www.rastrearobjetos.com.br\/blog\/wp-json\/wp\/v2\/types\/post"}],"author":[{"embeddable":true,"href":"https:\/\/www.rastrearobjetos.com.br\/blog\/wp-json\/wp\/v2\/users\/1"}],"replies":[{"embeddable":true,"href":"https:\/\/www.rastrearobjetos.com.br\/blog\/wp-json\/wp\/v2\/comments?post=582"}],"version-history":[{"count":4,"href":"https:\/\/www.rastrearobjetos.com.br\/blog\/wp-json\/wp\/v2\/posts\/582\/revisions"}],"predecessor-version":[{"id":587,"href":"https:\/\/www.rastrearobjetos.com.br\/blog\/wp-json\/wp\/v2\/posts\/582\/revisions\/587"}],"wp:featuredmedia":[{"embeddable":true,"href":"https:\/\/www.rastrearobjetos.com.br\/blog\/wp-json\/wp\/v2\/media\/584"}],"wp:attachment":[{"href":"https:\/\/www.rastrearobjetos.com.br\/blog\/wp-json\/wp\/v2\/media?parent=582"}],"wp:term":[{"taxonomy":"category","embeddable":true,"href":"https:\/\/www.rastrearobjetos.com.br\/blog\/wp-json\/wp\/v2\/categories?post=582"},{"taxonomy":"post_tag","embeddable":true,"href":"https:\/\/www.rastrearobjetos.com.br\/blog\/wp-json\/wp\/v2\/tags?post=582"}],"curies":[{"name":"wp","href":"https:\/\/api.w.org\/{rel}","templated":true}]}}